{"id":1280367,"date":"2026-09-04T14:59:16","date_gmt":"2026-09-04T14:59:16","guid":{"rendered":"https:\/\/www.europesays.com\/de\/1280367\/"},"modified":"2026-09-04T14:59:16","modified_gmt":"2026-09-04T14:59:16","slug":"zwei-straftaten-an-einem-abend-in-der-dresdner-friedrichstadt-mehrere-maenner-bedrohen-20-jaehrigen-in-wohnung","status":"publish","type":"post","link":"https:\/\/www.europesays.com\/de\/1280367\/","title":{"rendered":"Zwei Straftaten an einem Abend in der Dresdner Friedrichstadt: Mehrere M\u00e4nner bedrohen 20-J\u00e4hrigen in Wohnung"},"content":{"rendered":"<p>Dresden &#8211; <strong>Die Soko Iuventus ermittelt nach zwei aktuellen Straftaten in der <\/strong><a rel=\"nofollow noopener\" class=\"intern-link\" href=\"https:\/\/www.tag24.de\/dresden\" data-vars-href=\"https:\/\/www.tag24.de\/dresden\" data-vars-identifier=\"1788530206316\" data-vars-origin-id=\"1105\" data-vars- target=\"_blank\">Dresdner<\/a><strong> Friedrichstadt gegen mehrere Tatverd\u00e4chtige.<\/strong><\/p>\n<p>            <img loading=\"lazy\" decoding=\"async\" class=\"article__img\" alt=\"Unweit der Fl\u00fcgelwegbr\u00fccke ereigneten sich die beiden Straftaten. (Archivbild)\" width=\"951\" height=\"634\" src=\"https:\/\/www.europesays.com\/de\/wp-content\/uploads\/2026\/09\/1qbkwwy86j7821b50s7ped2qv8ybv0o2.jpg\"  \/><\/p>\n<p>            Unweit der Fl\u00fcgelwegbr\u00fccke ereigneten sich die beiden Straftaten. (Archivbild)\u00a0\u00a0\u00a9\u00a0Thomas T\u00fcrpe<\/p>\n<p>Am Donnerstagabend gegen 19.45 Uhr haben laut Polizei mehrere Jugendliche und junge M\u00e4nner einen 20-J\u00e4hrigen bedroht.<\/p>\n<p>Die Tatverd\u00e4chtigen klingelten bei dem Mann an der Wohnung am Fl\u00fcgelweg. Dort drohten sie ihm, schlugen auf ihn ein und verletzten ihn leicht.<\/p>\n<p>Nach der Tat fl\u00fcchteten sie. Die alarmierte Polizei konnte sieben Tatverd\u00e4chtige stellen und festnehmen. Bei den M\u00e4nnern handelt es sich um f\u00fcnf Syrer (16-19), einen Iraker (19) und einen Libanesen (18).<\/p>\n<p>                             <a data-aid=\"3529746\" data-atype=\"news\" data-aplacement=\"inread-article\" data-aplacementid=\"3529831\" href=\"https:\/\/www.tag24.de\/dresden\/crime\/pruegelei-am-postplatz-jugendliche-gehen-in-der-altstadt-aufeinander-los-3529746\" rel=\"nofollow noopener\" target=\"_blank\"><img loading=\"lazy\" decoding=\"async\" width=\"85\" height=\"57\" alt=\"Dresden: Pr\u00fcgelei am Postplatz: Jugendliche gehen in der Altstadt aufeinander los\" src=\"https:\/\/www.europesays.com\/de\/wp-content\/uploads\/2026\/09\/04f28o3wr13ra9mp0xy9ig3b7a7de7l4.jpg\"\/><\/a><\/p>\n<p>            Dresden Crime<br \/>\n                            <a class=\"inread-article__headline\" data-aid=\"3529746\" data-atype=\"news\" data-aplacement=\"inread-article\" data-aplacementid=\"3529831\" href=\"https:\/\/www.tag24.de\/dresden\/crime\/pruegelei-am-postplatz-jugendliche-gehen-in-der-altstadt-aufeinander-los-3529746\" rel=\"nofollow noopener\" target=\"_blank\">Pr\u00fcgelei am Postplatz: Jugendliche gehen in der Altstadt aufeinander los<\/a><\/p>\n<p>Die Hintergr\u00fcnde sind noch unklar. Die Polizisten ermitteln unter anderem wegen gef\u00e4hrlicher K\u00f6rperverletzung gegen die Tatverd\u00e4chtigen.<\/p>\n<p><strong>Nur wenige Stunden sp\u00e4ter, gegen 23.20 Uhr, wurden die Beamten wieder in die Friedrichstadt gerufen &#8211; wieder auf dieselbe Stra\u00dfe.<\/strong><\/p>\n<p>Diesmal wurde ein 18-J\u00e4hriger gestellt. &#8222;Der junge Mann stand auf dem Fu\u00dfweg des Fl\u00fcgelweg im Bereich der Hamburger Stra\u00dfe und warf mehrere Pflastersteine auf die Stra\u00dfe und vorbeifahrende Autos&#8220;, so die Polizei. Der Jugendliche floh zun\u00e4chst vom Tatort in ein Haus, konnte aber anschlie\u00dfend festgenommen werden.<\/p>\n<p>Bei einem Suzuki SX4 (Fahrer 38) entstand ein Schaden von 3000 Euro. Gegen den 18-j\u00e4hrigen Deutschen wird nun wegen des gef\u00e4hrlichen Eingriffs in den Stra\u00dfenverkehr ermittelt.<\/p>\n<p>Die Polizei sucht jetzt Zeugen, die Angaben zu den Steinw\u00fcrfen machen k\u00f6nnen. Insbesondere werden Autofahrer gesucht, die ebenfalls gesch\u00e4digt oder gef\u00e4hrdet wurden. Hinweise nimmt die Polizeidirektion Dresden unter der Rufnummer <a target=\"_blank\" rel=\"nofollow noopener\" class=\"\" href=\"https:\/\/www.tag24.de\/dresden\/crime\/tel:03514832233\" data-vars-href=\"https:\/\/www.tag24.de\/dresden\/crime\/tel:03514832233\" data-vars-identifier=\"1788529729230\" data-vars->(0351) 483 22 33<\/a> entgegen.<\/p>\n<p><strong>Die Soko Iuventus ist eine Sonderkommission der Dresdner Polizei, die Ende 2022 gegr\u00fcndet wurde, um gegen Raubstraftaten durch Jugendliche vorzugehen. Der Name leitet sich vom lateinischen Wort f\u00fcr &#8222;Jugend&#8220; ab.<\/strong><\/p>\n","protected":false},"excerpt":{"rendered":"Dresden &#8211; Die Soko Iuventus ermittelt nach zwei aktuellen Straftaten in der Dresdner Friedrichstadt gegen mehrere Tatverd\u00e4chtige. Unweit&hellip;\n","protected":false},"author":2,"featured_media":1280368,"comment_status":"","ping_status":"","sticky":false,"template":"","format":"standard","meta":{"footnotes":"","_share_on_mastodon":"0"},"categories":[1835],"tags":[3364,29,2386,30,859],"class_list":["post-1280367","post","type-post","status-publish","format-standard","has-post-thumbnail","category-dresden","tag-de","tag-deutschland","tag-dresden","tag-germany","tag-sachsen"],"share_on_mastodon":{"url":"https:\/\/pubeurope.com\/@de\/117213371801814312","error":""},"_links":{"self":[{"href":"https:\/\/www.europesays.com\/de\/wp-json\/wp\/v2\/posts\/1280367","targetHints":{"allow":["GET"]}}],"collection":[{"href":"https:\/\/www.europesays.com\/de\/wp-json\/wp\/v2\/posts"}],"about":[{"href":"https:\/\/www.europesays.com\/de\/wp-json\/wp\/v2\/types\/post"}],"author":[{"embeddable":true,"href":"https:\/\/www.europesays.com\/de\/wp-json\/wp\/v2\/users\/2"}],"replies":[{"embeddable":true,"href":"https:\/\/www.europesays.com\/de\/wp-json\/wp\/v2\/comments?post=1280367"}],"version-history":[{"count":0,"href":"https:\/\/www.europesays.com\/de\/wp-json\/wp\/v2\/posts\/1280367\/revisions"}],"wp:featuredmedia":[{"embeddable":true,"href":"https:\/\/www.europesays.com\/de\/wp-json\/wp\/v2\/media\/1280368"}],"wp:attachment":[{"href":"https:\/\/www.europesays.com\/de\/wp-json\/wp\/v2\/media?parent=1280367"}],"wp:term":[{"taxonomy":"category","embeddable":true,"href":"https:\/\/www.europesays.com\/de\/wp-json\/wp\/v2\/categories?post=1280367"},{"taxonomy":"post_tag","embeddable":true,"href":"https:\/\/www.europesays.com\/de\/wp-json\/wp\/v2\/tags?post=1280367"}],"curies":[{"name":"wp","href":"https:\/\/api.w.org\/{rel}","templated":true}]}}