{"id":1280381,"date":"2026-09-04T15:08:17","date_gmt":"2026-09-04T15:08:17","guid":{"rendered":"https:\/\/www.europesays.com\/de\/1280381\/"},"modified":"2026-09-04T15:08:17","modified_gmt":"2026-09-04T15:08:17","slug":"dieses-restaurant-ist-wieder-da","status":"publish","type":"post","link":"https:\/\/www.europesays.com\/de\/1280381\/","title":{"rendered":"Dieses Restaurant ist wieder da"},"content":{"rendered":"<p>Mitten in Leipzig hat sich gastronomisch etwas getan. Nach einem Umbau ist The Local im Leipzig Marriott Hotel wieder ge\u00f6ffnet. Am 3. September 2026 wurde die Wiederer\u00f6ffnung gefeiert. Neu gestaltet wurden die R\u00e4ume, zugleich soll sich das Restaurant st\u00e4rker f\u00fcr Leipziger und Stadtbesucher \u00f6ffnen.<\/p>\n<p>\u00a0<\/p>\n<p class=\"h3\">The Local hat einen neuen Look<\/p>\n<p>The Local befindet sich im Leipzig Marriott Hotel am Hallischen Tor. Damit liegt das Restaurant nur wenige Schritte vom Leipziger Hauptbahnhof und der Innenstadt entfernt.\u00a0Nach der Neugestaltung soll das Restaurant nicht allein Hotelg\u00e4ste ansprechen. Das Konzept richtet sich auch an Leipziger und Besucher der Stadt. M\u00f6glich sind ein Essen im Restaurant, ein Drink an der Bar oder ein spontaner Besuch.\u00a0Zur Wiederer\u00f6ffnung konnten G\u00e4ste die neuen R\u00e4ume erstmals kennenlernen. Zum Programm geh\u00f6rten ein Flying Buffet, Schaukochen und eine offene Bar. Das K\u00fcchenteam bereitete beim Schaukochen Speisen vor den G\u00e4sten zu.<\/p>\n<p>\u00a0<\/p>\n","protected":false},"excerpt":{"rendered":"Mitten in Leipzig hat sich gastronomisch etwas getan. Nach einem Umbau ist The Local im Leipzig Marriott Hotel&hellip;\n","protected":false},"author":2,"featured_media":1280382,"comment_status":"","ping_status":"","sticky":false,"template":"","format":"standard","meta":{"footnotes":"","_share_on_mastodon":"0"},"categories":[1832],"tags":[3364,29,30,71,859],"class_list":["post-1280381","post","type-post","status-publish","format-standard","has-post-thumbnail","category-leipzig","tag-de","tag-deutschland","tag-germany","tag-leipzig","tag-sachsen"],"share_on_mastodon":{"url":"https:\/\/pubeurope.com\/@de\/117213404018328993","error":""},"_links":{"self":[{"href":"https:\/\/www.europesays.com\/de\/wp-json\/wp\/v2\/posts\/1280381","targetHints":{"allow":["GET"]}}],"collection":[{"href":"https:\/\/www.europesays.com\/de\/wp-json\/wp\/v2\/posts"}],"about":[{"href":"https:\/\/www.europesays.com\/de\/wp-json\/wp\/v2\/types\/post"}],"author":[{"embeddable":true,"href":"https:\/\/www.europesays.com\/de\/wp-json\/wp\/v2\/users\/2"}],"replies":[{"embeddable":true,"href":"https:\/\/www.europesays.com\/de\/wp-json\/wp\/v2\/comments?post=1280381"}],"version-history":[{"count":0,"href":"https:\/\/www.europesays.com\/de\/wp-json\/wp\/v2\/posts\/1280381\/revisions"}],"wp:featuredmedia":[{"embeddable":true,"href":"https:\/\/www.europesays.com\/de\/wp-json\/wp\/v2\/media\/1280382"}],"wp:attachment":[{"href":"https:\/\/www.europesays.com\/de\/wp-json\/wp\/v2\/media?parent=1280381"}],"wp:term":[{"taxonomy":"category","embeddable":true,"href":"https:\/\/www.europesays.com\/de\/wp-json\/wp\/v2\/categories?post=1280381"},{"taxonomy":"post_tag","embeddable":true,"href":"https:\/\/www.europesays.com\/de\/wp-json\/wp\/v2\/tags?post=1280381"}],"curies":[{"name":"wp","href":"https:\/\/api.w.org\/{rel}","templated":true}]}}