{"id":1280383,"date":"2026-09-04T15:09:47","date_gmt":"2026-09-04T15:09:47","guid":{"rendered":"https:\/\/www.europesays.com\/de\/1280383\/"},"modified":"2026-09-04T15:09:47","modified_gmt":"2026-09-04T15:09:47","slug":"protestfluegel-leipzig-kundgebung-und-uebergabe-der-forderungen-an-den-obm-interviews-und-musik-in-den-videos-%c2%b7-leipziger-zeitung","status":"publish","type":"post","link":"https:\/\/www.europesays.com\/de\/1280383\/","title":{"rendered":"ProtestFl\u00fcgel Leipzig: Kundgebung und \u00dcbergabe der Forderungen an den OBM. Interviews und Musik in den Videos \u00b7 Leipziger Zeitung"},"content":{"rendered":"<p class=\"translation-notice\">This article is also available in English: <a href=\"https:\/\/www.l-iz.de\/en\/life\/society-en\/2026\/09\/protestfluegel-leipzig-rally-and-presentation-of-demands-to-the-mayor-interviews-and-music-in-the-videos-669364\" rel=\"nofollow noopener\" target=\"_blank\">Read this article in English<\/a>.<\/p>\n<p>AM 12. Juni 2026 zog der ProtestFl\u00fcgel Leipzig, mit Zwischenkundgebungen auf der Sachsenbr\u00fccke und dem Bundesverwaltungsgericht, zum dritten Mal durch Leipzig, bis hin zum Abschlusskonzert beim Bachfest auf dem Marktplatz. Die Forderungen aus Kultur und Klimabewegung wurden am 2. September an den Oberb\u00fcrgermeister \u00fcbergeben.<\/p>\n<p>Wie es sich f\u00fcr das B\u00fcndnis geh\u00f6rt, war das selbstverst\u00e4ndlich mit einer Kundgebung, mit mehr Musik als Wortbeitr\u00e4gen, verbunden. Wir waren dabei und haben mit teilnehmenden Akteuren, sowie den Musikerinnen und Musikern gesprochen.<\/p>\n<p><img loading=\"lazy\" decoding=\"async\" class=\"size-full wp-image-669254\" src=\"https:\/\/www.europesays.com\/de\/wp-content\/uploads\/2026\/09\/Sarah-Kaden-eroeffnet-die-Veranstaltung.-FotoThomas-Koehler.jpg\" alt=\"\" width=\"3287\" height=\"2192\"  \/>Sarah Kaden er\u00f6ffnet die Veranstaltung. Foto: Thomas K\u00f6hler<\/p>\n<p>Gleich zu Beginn sprachen wir mit Sarah Kaden vom ProtestFl\u00fcgel.<\/p>\n<p><b>Sarah, was findet heute hier genau statt?<\/b><\/p>\n<p>Wir haben ja im Juni einen Konzertfl\u00fcgel durch Leipzig geschoben und dabei bespielt und haben die Forderungen dort vorgetragen, die wir mit einem B\u00fcndnis aus K\u00fcnstlerInnen und Leipziger Initiativen zusammengestellt haben. Und heute \u00fcbergeben wir diese Forderungen dem Oberb\u00fcrgermeister.<\/p>\n<\/p>\n<p><b>Was sind Eure Forderungen?<\/b><\/p>\n<p>Die Forderungen sind Mobilit\u00e4t f\u00fcr alle, klimafreundlich, bezahlbar und gerecht, Stadtgr\u00fcn ausbauen und sch\u00fctzen und Gemeinschaftsr\u00e4ume schaffen.<\/p>\n<p>Die Forderungen sind im Detail auf der <a href=\"https:\/\/www.protestfluegel.org\/\" target=\"_blank\" rel=\"noopener nofollow\">Webseite des ProtestFl\u00fcgels<\/a> zu finden, <a href=\"https:\/\/www.l-iz.de\/leben\/gesellschaft\/2026\/06\/der-protestflugel-rollte-durch-leipzig-video-660292\" target=\"_blank\" rel=\"noopener nofollow\">im Artikel<\/a> zum Umzug am 12. Juni sind diese auch zu finden. Die Er\u00f6ffnung durch Sarah fiel erfreulich kurz aus, das l\u00e4ngste waren die Demo-Auflagen, alle Anwesenden konnten im Anschluss auch nochmal in das Forderungspapier schauen.<\/p>\n<p>Dann kam die Musik, beginnend mit der reduzierten Besetzung von molllust, bei der Annika und Frank klassische Musik und Metal verbanden. Wir baten die beiden im Anschluss um eine kurze Vorstellung der Band und fragten nach ihrer Motivation f\u00fcr die Teilnahme an der Veranstaltung. Im Anschluss daran gibt es im Video einen Auszug aus einem ihrer Songs. Auch mit den anderen K\u00fcnstlern haben wir das so gehandhabt.<\/p>\n<\/p>\n<p><img loading=\"lazy\" decoding=\"async\" class=\"size-full wp-image-669255\" src=\"https:\/\/www.europesays.com\/de\/wp-content\/uploads\/2026\/09\/Thomas-Gaertner-von-Leipzig-pflanzt.-Foto-Thomas-Koehler.png\" alt=\"\" width=\"1620\" height=\"1080\"  \/>Thomas G\u00e4rtner von \u201eLeipzig pflanzt\u201c bei seinem Redebeitrag. Foto: Thomas K\u00f6hler<\/p>\n<p>Selbstverst\u00e4ndlich gab es weitere Redebeitr\u00e4ge, auch von Thomas G\u00e4rtner der f\u00fcr \u201eLeipzig pflanzt\u201c sprach. Wir haben ihn im Anschluss um ein Statement gebeten.<\/p>\n<p><b>Hallo Thomas, stell Dich bitte kurz vor.<\/b><\/p>\n<p>Mein Name ist Thomas G\u00e4rtner. Ich bin beim Verein Leben im Einklang mit der Natur e.V. im Vorstand t\u00e4tig und auch bei beiden Projekten dieses Vereins, im bundesweiten Projekt \u201eOmas for Future\u201c und dem lokale Projekt \u201eLeipzig pflanzt\u201c.<\/p>\n<\/p>\n<p><b>Wie ist denn jetzt der Stand bei \u201eLeipzig pflanzt\u201c, was ist passiert?<\/b><\/p>\n<p>Wir pflanzen j\u00e4hrlich zweimal, im Fr\u00fchjahr und im Herbst nat\u00fcrlich. Und ja, seit Januar 2020 tun wir das. Mittlerweile, man kann es auf unserer Homepage auch sehen, haben wir \u00fcber 30.000 B\u00e4ume gepflanzt und ca. 8.500 Str\u00e4ucher.<\/p>\n<p><b>Warum Du heute hier bist, erkl\u00e4rt sich eigentlich von ganz alleine. Deshalb frage ich Dich das gar nicht erst. Ich w\u00fcnsche Dir und Deinen Leuten noch viel Erfolg und man sieht sich auf jeden Fall noch.<\/b><\/p>\n<p>Paul von ufonia am Klavier, ohne den Rest der Band, verst\u00e4rkt durch Jeremias mit seinem Saxophon waren der n\u00e4chste Act. Wir haben sie getrennt um eine Vorstellung gebeten. Musiziert haben sie gemeinsam.<\/p>\n<\/p>\n<p>Auch Gaia, die Mutter Erde, war auf ihrer Deutschlandtour wieder mit am Start. Gaia kann ja nicht reden, sie lie\u00df also Sarah f\u00fcr sich sprechen. Im Video ist zu sehen und zu h\u00f6ren, was sie uns zu sagen hat.<\/p>\n<\/p>\n<p>Auch Maxi, Lisa und Arne vom Kultur_Trabant e.V. waren anwesend und wollten dem Oberb\u00fcrgermeister und dem Stadtrat ihre Forderungen \u00fcbergeben. Wir fragten nach.<\/p>\n<p><img loading=\"lazy\" decoding=\"async\" class=\"size-full wp-image-669256\" src=\"https:\/\/www.europesays.com\/de\/wp-content\/uploads\/2026\/09\/Kulturtrabant-bei-50-Jahre-Gruenau.-Foto-Kultur_Trabant-e.V.jpg\" alt=\"\" width=\"3431\" height=\"2287\"  \/>Der Kultur_Trabant bei 50 Jahre Gr\u00fcnau. Foto: Kultur_Trabant e.V.<\/p>\n<p><b>Was kann man sich unter einem Kulturtrabant vorstellen?<\/b><\/p>\n<p>Also unser Kulturtrabant ist Panamagr\u00fcn. Es ist au\u00dferdem ein Trabant 601 Kombi. Und man sieht ihn hier (zeigt eine Postkarte). Und wir benutzen ihn f\u00fcr aufsuchende Kulturarbeit in verschiedenen Stadtteilen von Leipzig und Umgebung. Uns interessiert, wie der Trabi Menschen zusammenbringt. Und wir machen Kultur auf der Stra\u00dfe.<\/p>\n<p><b>Warum ausgerechnet ein Trabant?<\/b><\/p>\n<\/p>\n<p>Das ist ganz interessant. Wenn man mit dem Trabant irgendwo ankommt, wei\u00df man gleich warum. Weil es scharen sich die Menschen um einen. Alte und junge Menschen, die den Trabant selbst gefahren haben. Menschen, die mal davon geh\u00f6rt haben. Und die stellen ganz viele Fragen. Das hei\u00dft, man braucht eigentlich gar nicht mit den Menschen den Kontakt zu suchen. Sondern die kommen zu einem mit dem Trabant.<\/p>\n<p><b>Warum seid ihr heute hier?<\/b><\/p>\n<p>Wir sind aufmerksam geworden auf den Protestfl\u00fcgel. Und der Protestfl\u00fcgel, das ist ein anderes Kollektiv. Die haben auch Forderungen gesammelt aus der Stadtbev\u00f6lkerung, die sie heute \u00fcbergeben an den Oberb\u00fcrgermeister hier nach der Ratsversammlung. Und wir haben als Teil von unserem Sommerprogramm auch Stimmen und Forderungen aus der Bev\u00f6lkerung gesammelt. Und werden die heute auch \u00fcbergeben an die Politik.<\/p>\n<\/p>\n<p>Die beiden weiteren Acts waren Dannek der am Klavier performte und Christopher Ball (Cristobal) mit der Gitarre und seinem neuen Song. Auch Hannes von \u201eLeipzig gie\u00dft\u201c kam zu Wort und endlich um 17.00 Uhr kam OBM Burkhard Jung vor die Rathaust\u00fcr, um die Forderungen des ProtestFl\u00fcgels entgegenzunehmen.<\/p>\n<\/p>\n<p><img loading=\"lazy\" decoding=\"async\" class=\"size-full wp-image-669257\" src=\"https:\/\/www.europesays.com\/de\/wp-content\/uploads\/2026\/09\/Die-Akteure-des-Protestfluegels-mit-OB-Jung.-Foto-Thomas-Koehler.jpg\" alt=\"\" width=\"3346\" height=\"2231\"  \/>Die Akteure des ProtestFl\u00fcgels mit OB Jung. Foto: Thomas K\u00f6hler<\/p>\n<p>Wir fragten im Anschluss den Oberb\u00fcrgermeister:<\/p>\n<p><b>Was halten Sie von den Forderungen des Protestfl\u00fcgels Herr Oberb\u00fcrgermeister<\/b><\/p>\n<p>Also ich finde erstmal die Initiative gut, dass sich Kultur und auch \u00f6kologische Vereine, Verb\u00e4nde und Initiativen zusammenschlie\u00dfen und sagen, wie k\u00f6nnen wir kulturell einfach unser Leben anders organisieren, anders mobil sein, anders auf Natur und Sch\u00f6pfung R\u00fccksicht nehmen. Und insofern, ja, ich nehme das gerne entgegen und hoffe, dass viele Menschen sozusagen auch angesteckt werden von der Verantwortung, die wir f\u00fcr diesen Planeten haben.<\/p>\n<\/p>\n<p><b>Wie sind denn jetzt diese Sachen in der angespannten Haushaltslage durchf\u00fchrbar f\u00fcr Sie?<\/b><\/p>\n<p>Ja, nat\u00fcrlich ist das so, wir haben unheimlich Zug, finanziellen Zug auf den Haushalt und wir m\u00fcssen im Rahmen der M\u00f6glichkeiten versuchen zu sparen und zu konsolidieren. Und dennoch bleibt ja die Aufgabe der Gestaltung da. Geld kann nur einmal ausgegeben werden, aber wenn wir eine Stra\u00dfe bauen, dann m\u00fcssen B\u00e4ume gepflanzt werden. Wenn wir versuchen, die Mobilit\u00e4t zu ver\u00e4ndern, dann m\u00fcssen wir den \u00f6ffentlichen Nahverkehr f\u00f6rdern. Wenn wir die W\u00e4rmewende einleiten auf nonfossile W\u00e4rmeversorgung, dann geht es darum, die Stra\u00dfen und die \u00f6ffentlichen Pl\u00e4tze umzubauen. Und insofern werden wir im Rahmen der Investitionen und im Rahmen der F\u00f6rderung in besonderer Weise verpflichtet sein, diese Nachhaltigkeit, die nachhaltigen Ziele umzusetzen.<\/p>\n<p><b>Also k\u00f6nnen die Leipziger auf Sie z\u00e4hlen, dass es \u00f6kologisch vorw\u00e4rtsgeht?<\/b><\/p>\n<p>Im Rahmen des M\u00f6glichen will ich Schritt f\u00fcr Schritt auf diesem Weg weitergehen und ich hoffe immer wieder auf eine Akzeptanz und auch R\u00fcckhaltung der Bev\u00f6lkerung. Es ist nicht einfach in diesen Zeiten.<\/p>\n<p><b>Fazit<\/b>: Es war wieder eine gute Veranstaltung im Rahmen des ProtestFl\u00fcgels, ob der Oberb\u00fcrgermeister Teile der Forderungen umsetzen kann, ist fraglich, der Stadtrat hat da auch ein W\u00f6rtchen mitzureden und die Finanzlage ist nicht einfach. Das B\u00fcndnis aus Menschen die sich f\u00fcr Kultur und Klima engagieren hat auf jeden Fall ein starkes Signal an die Politik gesendet. Spa\u00df gemacht hat die Veranstaltung auch.<\/p>\n","protected":false},"excerpt":{"rendered":"This article is also available in English: Read this article in English. AM 12. Juni 2026 zog der&hellip;\n","protected":false},"author":2,"featured_media":1280384,"comment_status":"","ping_status":"","sticky":false,"template":"","format":"standard","meta":{"footnotes":"","_share_on_mastodon":"0"},"categories":[1832],"tags":[3364,29,14967,30,2134,1548,46485,71,810,228928,63748,859],"class_list":["post-1280383","post","type-post","status-publish","format-standard","has-post-thumbnail","category-leipzig","tag-de","tag-deutschland","tag-engagement","tag-germany","tag-interview","tag-klimaschutz","tag-kulturszene","tag-leipzig","tag-musik","tag-obm","tag-protestfluegel","tag-sachsen"],"share_on_mastodon":{"url":"https:\/\/pubeurope.com\/@de\/117213410977345892","error":""},"_links":{"self":[{"href":"https:\/\/www.europesays.com\/de\/wp-json\/wp\/v2\/posts\/1280383","targetHints":{"allow":["GET"]}}],"collection":[{"href":"https:\/\/www.europesays.com\/de\/wp-json\/wp\/v2\/posts"}],"about":[{"href":"https:\/\/www.europesays.com\/de\/wp-json\/wp\/v2\/types\/post"}],"author":[{"embeddable":true,"href":"https:\/\/www.europesays.com\/de\/wp-json\/wp\/v2\/users\/2"}],"replies":[{"embeddable":true,"href":"https:\/\/www.europesays.com\/de\/wp-json\/wp\/v2\/comments?post=1280383"}],"version-history":[{"count":0,"href":"https:\/\/www.europesays.com\/de\/wp-json\/wp\/v2\/posts\/1280383\/revisions"}],"wp:featuredmedia":[{"embeddable":true,"href":"https:\/\/www.europesays.com\/de\/wp-json\/wp\/v2\/media\/1280384"}],"wp:attachment":[{"href":"https:\/\/www.europesays.com\/de\/wp-json\/wp\/v2\/media?parent=1280383"}],"wp:term":[{"taxonomy":"category","embeddable":true,"href":"https:\/\/www.europesays.com\/de\/wp-json\/wp\/v2\/categories?post=1280383"},{"taxonomy":"post_tag","embeddable":true,"href":"https:\/\/www.europesays.com\/de\/wp-json\/wp\/v2\/tags?post=1280383"}],"curies":[{"name":"wp","href":"https:\/\/api.w.org\/{rel}","templated":true}]}}