{"id":1280395,"date":"2026-09-04T15:16:11","date_gmt":"2026-09-04T15:16:11","guid":{"rendered":"https:\/\/www.europesays.com\/de\/1280395\/"},"modified":"2026-09-04T15:16:11","modified_gmt":"2026-09-04T15:16:11","slug":"raser-flieht-mit-150-stundenkilometern-vor-polizei","status":"publish","type":"post","link":"https:\/\/www.europesays.com\/de\/1280395\/","title":{"rendered":"Raser flieht mit 150 Stundenkilometern vor Polizei"},"content":{"rendered":"<p><strong>Mehrere Verd\u00e4chtige dringen nachts auf ein Industriegel\u00e4nde in Frankfurt ein. Als die Polizei eintrifft, fliehen sie mit zwei Autos. Die Polizei kann eines der Autos verfolgen.<\/strong><\/p>\n<p>Ein Mann ist auf der Flucht vor der Polizei durch Frankfurt gerast. Mehrere Personen waren in der Nacht zu Freitag auf ein abgesperrtes Industriegel\u00e4nde eingedrungen, wie die Polizei mitteilte. Als die Beamten eintrafen, sollen die Unbekannten mit zwei Autos die Flucht ergriffen haben.\u00a0<\/p>\n<p>\u201cStop Stick\u201d stoppt Raser<\/p>\n<p>Einem der Autos seien die Polizisten gefolgt. Dabei sei der Autofahrer bis zu 150 Kilometer pro Stunde schnell gewesen und \u00fcber mehrere rote Ampeln gefahren, hie\u00df es. Den Raser habe man mit einem &#8222;Stop Stick&#8220; aufhalten k\u00f6nnen. Der &#8222;Stop Stick&#8220; sei eine Art Nagelbett, erkl\u00e4rte die Polizei auf Nachfrage.<\/p>\n<p>Ohne Zulassung und F\u00fchrerschein<\/p>\n<p>Weder habe der 33-J\u00e4hrige eine g\u00fcltige Fahrerlaubnis noch habe der Fluchtwagen eine Zulassung, hie\u00df es in der Mitteilung. Au\u00dferdem l\u00e4gen demnach drei Haftbefehle gegen den Mann vor. Zu den Gr\u00fcnden daf\u00fcr machte die Polizei keine Angaben. Der Mann wurde von der Polizei festgenommen und soll einem Richter vorgef\u00fchrt werden.<\/p>\n","protected":false},"excerpt":{"rendered":"Mehrere Verd\u00e4chtige dringen nachts auf ein Industriegel\u00e4nde in Frankfurt ein. Als die Polizei eintrifft, fliehen sie mit zwei&hellip;\n","protected":false},"author":2,"featured_media":1280396,"comment_status":"","ping_status":"","sticky":false,"template":"","format":"standard","meta":{"footnotes":"","_share_on_mastodon":"0"},"categories":[1829],"tags":[29,2050,2051,30,2052],"class_list":["post-1280395","post","type-post","status-publish","format-standard","has-post-thumbnail","category-frankfurt-am-main","tag-deutschland","tag-frankfurt","tag-frankfurt-am-main","tag-germany","tag-hessen"],"share_on_mastodon":{"url":"https:\/\/pubeurope.com\/@de\/117213435544501244","error":""},"_links":{"self":[{"href":"https:\/\/www.europesays.com\/de\/wp-json\/wp\/v2\/posts\/1280395","targetHints":{"allow":["GET"]}}],"collection":[{"href":"https:\/\/www.europesays.com\/de\/wp-json\/wp\/v2\/posts"}],"about":[{"href":"https:\/\/www.europesays.com\/de\/wp-json\/wp\/v2\/types\/post"}],"author":[{"embeddable":true,"href":"https:\/\/www.europesays.com\/de\/wp-json\/wp\/v2\/users\/2"}],"replies":[{"embeddable":true,"href":"https:\/\/www.europesays.com\/de\/wp-json\/wp\/v2\/comments?post=1280395"}],"version-history":[{"count":0,"href":"https:\/\/www.europesays.com\/de\/wp-json\/wp\/v2\/posts\/1280395\/revisions"}],"wp:featuredmedia":[{"embeddable":true,"href":"https:\/\/www.europesays.com\/de\/wp-json\/wp\/v2\/media\/1280396"}],"wp:attachment":[{"href":"https:\/\/www.europesays.com\/de\/wp-json\/wp\/v2\/media?parent=1280395"}],"wp:term":[{"taxonomy":"category","embeddable":true,"href":"https:\/\/www.europesays.com\/de\/wp-json\/wp\/v2\/categories?post=1280395"},{"taxonomy":"post_tag","embeddable":true,"href":"https:\/\/www.europesays.com\/de\/wp-json\/wp\/v2\/tags?post=1280395"}],"curies":[{"name":"wp","href":"https:\/\/api.w.org\/{rel}","templated":true}]}}