{"id":1280401,"date":"2026-09-04T15:20:18","date_gmt":"2026-09-04T15:20:18","guid":{"rendered":"https:\/\/www.europesays.com\/de\/1280401\/"},"modified":"2026-09-04T15:20:18","modified_gmt":"2026-09-04T15:20:18","slug":"pumuckl-figur-taucht-am-wittelsbacher-brunnen-im-zentrum-muenchens-auf","status":"publish","type":"post","link":"https:\/\/www.europesays.com\/de\/1280401\/","title":{"rendered":"Pumuckl-Figur taucht am Wittelsbacher Brunnen im Zentrum M\u00fcnchens auf"},"content":{"rendered":"<p class=\"mb-6 text-xs-varying md:text-m lg:text-l font-serif group-[.font-sans]:font-sans \">\n    Diesmal also keine Hinterhof-Schreinerei. Es sollte offensichtlich schon etwas Monumentaleres sein. Ja, sogar einer der sch\u00f6nsten Blickf\u00e4nge in der ganzen Stadt. Mehr als 60 Jahre, nachdem der Kobold in der Werkstatt von Meister Eder <a href=\"https:\/\/www.augsburger-allgemeine.de\/kultur\/portraet-wie-ellis-kaut-aus-einem-schabernack-die-kultfigur-pumuckl-erschuf-id58547601.html\" target=\"_self\" class=\"underline \" rel=\"nofollow noopener\">an einem Leimtopf klebend sichtbar wurde<\/a>, ist er jetzt am Wittelsbacher Brunnen im M\u00fcnchner Zentrum wieder aufgetaucht.\n  <\/p>\n<p class=\"mb-6 text-xs-varying md:text-m lg:text-l font-serif group-[.font-sans]:font-sans \">\n    Ein winziger Pumuckl h\u00e4lt dort stolz einen Bierkrug mit Deckel in den H\u00e4nden, g\u00e4nzlich unbeeindruckt von den um ihn herum wogenden Urkr\u00e4ften des Wassers. Die n\u00e4mlich repr\u00e4sentiert der riesige neoklassizistische Brunnen am Lenbachplatz.\n  <\/p>\n<p>    <img decoding=\"async\" src=\"https:\/\/images.mgpd.de\/img\/115001346\/crop\/c16_9-w100\/1062596815\/1012862487\/lvkfxmunyo-v4-ax-s2048.jpg\" alt=\"Einem Schl\u00fcckchen Bier ist der Pumuckl nicht abgeneigt: Diese Mini-Figur ziert den Wittelsbacher Brunnen im Zentrum M\u00fcnchens.\" title=\"Einem Schl\u00fcckchen Bier ist der Pumuckl nicht abgeneigt: Diese Mini-Figur ziert den Wittelsbacher Brunnen im Zentrum M\u00fcnchens.\" loading=\"lazy\" class=\"h-full w-full object-cover\"\/><\/p>\n<p>      Icon vergr\u00f6\u00dfern<\/p>\n<p>    Einem Schl\u00fcckchen Bier ist der Pumuckl nicht abgeneigt: Diese Mini-Figur ziert den Wittelsbacher Brunnen im Zentrum M\u00fcnchens.<br \/>\n    Foto: Peter Kneffel, dpa<\/p>\n<p>        Schlie\u00dfen <\/p>\n<p>      Icon Schlie\u00dfen<\/p>\n<p>        Icon vergr\u00f6\u00dfern<\/p>\n<p>        Icon verkleinern<\/p>\n<p>      Icon Pfeil bewegen<\/p>\n<p>    Einem Schl\u00fcckchen Bier ist der Pumuckl nicht abgeneigt: Diese Mini-Figur ziert den Wittelsbacher Brunnen im Zentrum M\u00fcnchens.<br \/>\n    Foto: Peter Kneffel, dpa<\/p>\n<p class=\"mb-6 text-xs-varying md:text-m lg:text-l font-serif group-[.font-sans]:font-sans \">\n    Es stimmt offensichtlich bis heute: Sehen kann ihn nicht jeder, nur der Meister Eder. Und ein aufmerksamer Reporter der M\u00fcnchner Abendzeitung, das sei erg\u00e4nzt. Obwohl t\u00e4glich Tausende Touristen ihre Handykameras auf den Monumentalbrunnen richten und die Brunnenmauer <a href=\"https:\/\/www.augsburger-allgemeine.de\/bayern\/bierpreis-index-bayern-in-diesen-biergaerten-ist-das-bier-im-schnitt-am-billigsten-114175145\" target=\"_self\" class=\"underline \" rel=\"nofollow noopener\">ein beliebter Ort f\u00fcr Mittagspause und Feierabendbier ist<\/a>, blieb die kleine Pumuckl-Bronze bis jetzt weitgehend unbemerkt. Und das, obwohl sie offensichtlich schon seit mehreren Jahren zwischen den Steinen hervorlugt.\n  <\/p>\n<p>    <img decoding=\"async\" src=\"https:\/\/images.mgpd.de\/img\/115001352\/crop\/c16_9-w100\/392478265\/703020187\/wdtgmdldsy-v4-ax-s2048.jpg\" alt=\"Kann auf dem riesigen Brunnen wirklich leicht \u00fcbersehen werden: Die Kobold-Bronze hinter einer Figur, die die Sch\u00f6pfungskraft des Wassers zeigt.\" title=\"Kann auf dem riesigen Brunnen wirklich leicht \u00fcbersehen werden: Die Kobold-Bronze hinter einer Figur, die die Sch\u00f6pfungskraft des Wassers zeigt.\" loading=\"lazy\" class=\"h-full w-full object-cover\"\/><\/p>\n<p>      Icon vergr\u00f6\u00dfern<\/p>\n<p>    Kann auf dem riesigen Brunnen wirklich leicht \u00fcbersehen werden: Die Kobold-Bronze hinter einer Figur, die die Sch\u00f6pfungskraft des Wassers zeigt.<br \/>\n    Foto: Peter Kneffel, dpa<\/p>\n<p>        Schlie\u00dfen <\/p>\n<p>      Icon Schlie\u00dfen<\/p>\n<p>        Icon vergr\u00f6\u00dfern<\/p>\n<p>        Icon verkleinern<\/p>\n<p>      Icon Pfeil bewegen<\/p>\n<p>    Kann auf dem riesigen Brunnen wirklich leicht \u00fcbersehen werden: Die Kobold-Bronze hinter einer Figur, die die Sch\u00f6pfungskraft des Wassers zeigt.<br \/>\n    Foto: Peter Kneffel, dpa<\/p>\n<p>            Pumuckl-K\u00fcnstler war nicht nur in M\u00fcnchen t\u00e4tig<\/p>\n<p class=\"mb-6 text-xs-varying md:text-m lg:text-l font-serif group-[.font-sans]:font-sans \">\n    Das Fig\u00fcrchen stammt, so viel wei\u00df man mittlerweile, von dem ukrainisch-ungarischen Bildhauer Mih\u00e1ly Kolodko. Der gilt als sogenannter Guerilla-K\u00fcnstler, weil er schon in mehreren St\u00e4dten heimlich kleine Statuen platziert hat, etwa in Venedig, im kroatischen Pula und besonders viele in Budapest.\n  <\/p>\n<p>            Der Pumuckl linst aus der Lederhose<\/p>\n<p class=\"mb-6 text-xs-varying md:text-m lg:text-l font-serif group-[.font-sans]:font-sans \">\n    Ein Bild auf seinem Instagram-Kanal zeigt ihn in bayerischer Tracht, der Pumuckl linst aus der Lederhosentasche. \u00dcbrigens: K\u00f6nnte gut sein, dass die Figur nicht sein einziger Schabernack in <a href=\"https:\/\/www.augsburger-allgemeine.de\/orte\/aa-muenchen\" target=\"_self\" class=\"underline \" rel=\"nofollow noopener\">M\u00fcnchen<\/a> ist. Wir wissen schon, wem das ganz besonders gut gefallen d\u00fcrfte. Hurra, hurra!\n  <\/p>\n","protected":false},"excerpt":{"rendered":"Diesmal also keine Hinterhof-Schreinerei. Es sollte offensichtlich schon etwas Monumentaleres sein. Ja, sogar einer der sch\u00f6nsten Blickf\u00e4nge in&hellip;\n","protected":false},"author":2,"featured_media":1246792,"comment_status":"","ping_status":"","sticky":false,"template":"","format":"standard","meta":{"footnotes":"","_share_on_mastodon":"0"},"categories":[1827],"tags":[11641,772,8012,29,52302,30,152,258260,1268,258261,258262,13239],"class_list":["post-1280401","post","type-post","status-publish","format-standard","has-post-thumbnail","category-muenchen","tag-banksy","tag-bayern","tag-budapest","tag-deutschland","tag-eder","tag-germany","tag-instagram","tag-leimtopf","tag-muenchen","tag-prachtbrunnen","tag-pula","tag-venedig"],"share_on_mastodon":{"url":"https:\/\/pubeurope.com\/@de\/117213454338366110","error":""},"_links":{"self":[{"href":"https:\/\/www.europesays.com\/de\/wp-json\/wp\/v2\/posts\/1280401","targetHints":{"allow":["GET"]}}],"collection":[{"href":"https:\/\/www.europesays.com\/de\/wp-json\/wp\/v2\/posts"}],"about":[{"href":"https:\/\/www.europesays.com\/de\/wp-json\/wp\/v2\/types\/post"}],"author":[{"embeddable":true,"href":"https:\/\/www.europesays.com\/de\/wp-json\/wp\/v2\/users\/2"}],"replies":[{"embeddable":true,"href":"https:\/\/www.europesays.com\/de\/wp-json\/wp\/v2\/comments?post=1280401"}],"version-history":[{"count":0,"href":"https:\/\/www.europesays.com\/de\/wp-json\/wp\/v2\/posts\/1280401\/revisions"}],"wp:featuredmedia":[{"embeddable":true,"href":"https:\/\/www.europesays.com\/de\/wp-json\/wp\/v2\/media\/1246792"}],"wp:attachment":[{"href":"https:\/\/www.europesays.com\/de\/wp-json\/wp\/v2\/media?parent=1280401"}],"wp:term":[{"taxonomy":"category","embeddable":true,"href":"https:\/\/www.europesays.com\/de\/wp-json\/wp\/v2\/categories?post=1280401"},{"taxonomy":"post_tag","embeddable":true,"href":"https:\/\/www.europesays.com\/de\/wp-json\/wp\/v2\/tags?post=1280401"}],"curies":[{"name":"wp","href":"https:\/\/api.w.org\/{rel}","templated":true}]}}