{"id":1280402,"date":"2026-09-04T15:21:17","date_gmt":"2026-09-04T15:21:17","guid":{"rendered":"https:\/\/www.europesays.com\/de\/1280402\/"},"modified":"2026-09-04T15:21:17","modified_gmt":"2026-09-04T15:21:17","slug":"1860-muenchen-gegen-vilzing-live-drittes-spiel-in-sechs-tagen-fuer-die-loewen","status":"publish","type":"post","link":"https:\/\/www.europesays.com\/de\/1280402\/","title":{"rendered":"1860 M\u00fcnchen gegen Vilzing LIVE: Drittes Spiel in sechs Tagen f\u00fcr die L\u00f6wen"},"content":{"rendered":"<ol class=\"id-DonaldBreadcrumb lp_west_breadcrumb id-DonaldBreadcrumb--default\" data-k5a-pos=\"west_breadcrumb\">\n<li class=\"id-Breadcrumb-item\"><a href=\"https:\/\/www.merkur.de\/\" class=\"id-Breadcrumb-link\" data-id-ec=\"{\" shn=\"\" textlink=\"\" data-k5a-pos=\"1_startseite\" rel=\"nofollow noopener\" target=\"_blank\">Startseite<\/a><\/li>\n<li class=\"id-Breadcrumb-item\"><a href=\"https:\/\/www.merkur.de\/sport\/\" class=\"id-Breadcrumb-link\" data-id-ec=\"{\" shn=\"\" textlink=\"\" data-k5a-pos=\"2_sport\" rel=\"nofollow noopener\" target=\"_blank\">Sport<\/a><\/li>\n<li class=\"id-Breadcrumb-item\"><a href=\"https:\/\/www.merkur.de\/sport\/tsv-1860\/\" class=\"id-Breadcrumb-link\" data-id-ec=\"{\" shn=\"\" textlink=\"\" data-k5a-pos=\"3_tsv1860\" rel=\"nofollow noopener\" target=\"_blank\">TSV 1860<\/a><\/li>\n<\/ol>\n<p class=\"id-Story-timestamp id-Story-timestamp--default\">Stand: 04.09.2026, 17:06 Uhr<\/p>\n<p class=\"id-Story-authors id-Story-authors--default\">Von: <a class=\"id-Story-authors-link lp_west_author\" href=\"https:\/\/www.merkur.de\/autor\/luca-hayden-4v5oli2h.html\" title=\"Zur Autorenseite von Luca Hayden\" data-id-ec=\"{\" shn=\"\" author-link=\"\" hayden=\"\" data-k5a-pos=\"west_author\" rel=\"nofollow noopener\" target=\"_blank\">Luca Hayden<\/a>, <a class=\"id-Story-authors-link lp_west_author\" href=\"https:\/\/www.merkur.de\/autor\/michel-guddat-swqreb3v.html\" title=\"Zur Autorenseite von Michel Guddat\" data-id-ec=\"{\" shn=\"\" author-link=\"\" guddat=\"\" data-k5a-pos=\"west_author\" rel=\"nofollow noopener\" target=\"_blank\">Michel Guddat<\/a><\/p>\n<p class=\"id-Story-interactionBar id-Story-interactionBar--default\">DruckenTeilen<\/p>\n<p><a href=\"https:\/\/profile.google.com\/cp\/CgsvZy8xODdjY3p3choA\" class=\"id-Story-googleFollowButton id-Story-googleFollowButton--default\" target=\"_blank\" data-id-ec=\"{\" shn=\"\" google-follow=\"\" auf=\"\" google=\"\" folgen=\"\" rel=\"nofollow noopener\">Uns auf Google folgen<\/a><\/p>\n<p class=\"id-StoryElement-leadText\">Drittes Spiel in sechs Tagen f\u00fcr die L\u00f6wen: Der TSV 1860 M\u00fcnchen trifft ausw\u00e4rts auf die DJK Vilzing. Bleiben die L\u00f6wen ungeschlagen?<\/p>\n<p>7. Spieltag der Regionalliga Bayern: DJK Vilzing gegen TSV 1860 M\u00fcnchen -:- (-:-)<\/p>\n<p class=\"id-StoryElement-factBox-paragraph\"><strong>Tabelle: <\/strong>Die M\u00fcnchner L\u00f6wen sind bislang <strong>ungeschlagen<\/strong> und stehen mit neun Punkten auf dem <strong>siebten Platz<\/strong>. Die Hausherren aus Vilzing gewannen zuletzt spektakul\u00e4r in Burghausen mit 5:4 und belegen mit <strong>zw\u00f6lf Punkten den dritten Rang<\/strong>.<\/p>\n<p class=\"id-StoryElement-factBox-paragraph\"><strong>Anpfiff<\/strong> der Partie ist um <strong>19\u00a0Uhr.<\/strong> Wir berichten im <strong>Live-Ticker<\/strong> aus dem <strong>Manfred-Zollner-Stadion in Vilzing.<\/strong><\/p>\n<p class=\"id-StoryElement-paragraph\">M\u00fcnchen \u2013 <strong>Vorbericht:<\/strong><\/p>\n<p class=\"id-StoryElement-paragraph\">Die L\u00f6wen haben eine Woche im Wechselbad der Gef\u00fchle hinter sich. Sportlich musste die junge Mannschaft erste R\u00fcckschl\u00e4ge hinnehmen. Gegen Regionalliga-Aufsteiger TSV Landsberg kam der <a href=\"https:\/\/www.tz.de\/sport\/1860-muenchen\/\" class=\"id-import-Link id-pageApi-Link--externalDomain\" title=\"1860 M&#xFC;nchen\" data-id-ec=\"{&quot;sht&quot;:&quot;Container&quot;,&quot;shn&quot;:&quot;Story&quot;,&quot;p&quot;:{&quot;containerType&quot;:&quot;Paragraph&quot;,&quot;displayType&quot;:&quot;Paragraph InlineLink&quot;,&quot;type&quot;:&quot;INLINE_LINK&quot;,&quot;value&quot;:&quot;TSV 1860 M&#xFC;nchen&quot;,&quot;variant&quot;:&quot;standardLink&quot;,&quot;sponsored&quot;:false,&quot;linkHref&quot;:&quot;https:\/\/www.tz.de\/sport\/1860-muenchen\/&quot;,&quot;storyElementPosition&quot;:13,&quot;storyElementCount&quot;:21}}\" rel=\"nofollow noopener\" target=\"_blank\">TSV 1860 M\u00fcnchen<\/a> im Gr\u00fcnwalder Stadion nicht \u00fcber ein 1:1 hinaus. Im Toto-Pokal folgte anschlie\u00dfend das Aus gegen den TSV Buchbach. \u201eSo eine Spielansetzung habe ich noch nie erlebt. Ich wusste nicht, dass so etwas erlaubt ist\u201c, <a href=\"https:\/\/www.merkur.de\/sport\/tsv-1860\/tsv-1860-muenchen-verliert-viertes-heimspiel-in-folge-nur-50-stunden-pause-94472789.html\" class=\"id-import-Link\" data-id-ec=\"{&quot;sht&quot;:&quot;Container&quot;,&quot;shn&quot;:&quot;Story&quot;,&quot;p&quot;:{&quot;containerType&quot;:&quot;Paragraph&quot;,&quot;displayType&quot;:&quot;Paragraph InlineLink&quot;,&quot;type&quot;:&quot;INLINE_LINK&quot;,&quot;value&quot;:&quot;merkte Kapit&#xE4;n Dennis Dressel nach der Partie gegen Buchbach sichtlich angefressen an&quot;,&quot;variant&quot;:&quot;standardLink&quot;,&quot;sponsored&quot;:false,&quot;linkHref&quot;:&quot;https:\/\/www.merkur.de\/sport\/tsv-1860\/tsv-1860-muenchen-verliert-viertes-heimspiel-in-folge-nur-50-stunden-pause-94472789.html&quot;,&quot;storyElementPosition&quot;:13,&quot;storyElementCount&quot;:21}}\" rel=\"nofollow noopener\" target=\"_blank\">merkte Kapit\u00e4n Dennis Dressel nach der Partie gegen Buchbach sichtlich angefressen an<\/a>.<\/p>\n<p><img decoding=\"async\" class=\"id-RatioPlaceholder-element wv_story_el_image\" src=\"https:\/\/www.europesays.com\/de\/wp-content\/uploads\/2026\/09\/43965447-mark-gevorgyan-scheiterte-mit-den-loewen-im-toto-pokal-gegen-den-tsv-buchbach-heute-wollen-.jpeg\" loading=\"lazy\"   height=\"733\" width=\"1100\" alt=\"Mark Gevorgyan scheiterte mit den L&#xF6;wen im Toto-Pokal gegen den TSV Buchbach. Heute wollen die Sechzger ihre Ungeschlagen-Serie in der Liga fortf&#xFC;hren.\"\/>Mark Gevorgyan scheiterte mit den L\u00f6wen im Toto-Pokal gegen den TSV Buchbach. Heute wollen die Sechzger ihre Ungeschlagen-Serie in der Liga fortf\u00fchren. \u00a9\u00a0Michelle Brey<\/p>\n<p class=\"id-StoryElement-paragraph\">F\u00fcr positive Schlagzeilen sorgte 1860 abseits des Platzes. Im Rahmen des Insolvenzverfahrens der KGaA sicherte sich der Stammverein die Markenrechte am traditionsreichen Wappen zur\u00fcck. Der L\u00f6we im Achteck geh\u00f6rt damit wieder dem Verein. Auf das aktuelle Trikot kehrt das Wappen allerdings nicht zur\u00fcck \u2013 dort ziert bis zum Ende der Saison das traditionsreiche Logo der Fu\u00dfballabteilung die Brust.<\/p>\n<p>1860 M\u00fcnchen zu Gast in Vilzing: Bleiben die L\u00f6wen in der Regionalliga ungeschlagen?<\/p>\n<p class=\"id-StoryElement-paragraph\">Nun wartet auf die Elf von Alper Kayabunar in der Liga der n\u00e4chste harte Brocken. Die DJK Vilzing ist seit der Saison 2022\/23 in der Regionalliga aktiv und landete in den vergangenen drei Jahren jeweils in der oberen Tabellenh\u00e4lfte. Mit Markus Ziereis steht zudem ein ehemaliger L\u00f6we und Aufstiegsheld des TSV 1860 im Kader der Hausherren. <a href=\"https:\/\/www.merkur.de\/sport\/tsv-1860\/tsv-1860-muenchen-ex-loewe-ziereis-bangt-um-einsatz-gegen-alte-liebe-94474666.html\" class=\"id-import-Link\" data-id-ec=\"{&quot;sht&quot;:&quot;Container&quot;,&quot;shn&quot;:&quot;Story&quot;,&quot;p&quot;:{&quot;containerType&quot;:&quot;Paragraph&quot;,&quot;displayType&quot;:&quot;Paragraph InlineLink&quot;,&quot;type&quot;:&quot;INLINE_LINK&quot;,&quot;value&quot;:&quot;Ein Einsatz gegen seine alte Liebe droht f&#xFC;r den Angreifer allerdings verletzungsbedingt auszufallen&quot;,&quot;variant&quot;:&quot;standardLink&quot;,&quot;sponsored&quot;:false,&quot;linkHref&quot;:&quot;https:\/\/www.merkur.de\/sport\/tsv-1860\/tsv-1860-muenchen-ex-loewe-ziereis-bangt-um-einsatz-gegen-alte-liebe-94474666.html&quot;,&quot;storyElementPosition&quot;:18,&quot;storyElementCount&quot;:21}}\" rel=\"nofollow noopener\" target=\"_blank\">Ein Einsatz gegen seine alte Liebe droht f\u00fcr den Angreifer allerdings verletzungsbedingt auszufallen<\/a>.<\/p>\n<p class=\"id-StoryElement-paragraph\">Die L\u00f6wen wollen in Vilzing den dritten Saisonsieg einfahren und nach zuletzt zwei Spielen ohne Erfolg wieder in die Spur finden. Im Vergleich zum Pokal kann 1860-Trainer Kayabunar wieder auf die Routiniers Vitus Eicher und Tunay Deniz zur\u00fcckgreifen. Gleichzeitig wei\u00df der 1860-Coach um die Qualit\u00e4t des Gegners und warnte auf der Pressekonferenz: \u201eVilzing ist ein gestandener Regionalligist mit einigen erfahrenen Spielern.\u201c<\/p>\n<p class=\"id-StoryElement-paragraph\">F\u00fcr die L\u00f6wen geht es um Wiedergutmachung: Nach dem Remis gegen Landsberg und dem Pokal-Aus in Buchbach soll in Vilzing wieder ein Erfolgserlebnis her. In der Tabelle kann 1860 mit einem Sieg mit den Hausherren gleichziehen. Wir berichten im Live-Ticker aus Vilzing.<\/p>\n","protected":false},"excerpt":{"rendered":"Startseite Sport TSV 1860 Stand: 04.09.2026, 17:06 Uhr Von: Luca Hayden, Michel Guddat DruckenTeilen Uns auf Google folgen&hellip;\n","protected":false},"author":2,"featured_media":1280403,"comment_status":"","ping_status":"","sticky":false,"template":"","format":"standard","meta":{"footnotes":"","_share_on_mastodon":"0"},"categories":[1827],"tags":[772,29,30,1268],"class_list":["post-1280402","post","type-post","status-publish","format-standard","has-post-thumbnail","category-muenchen","tag-bayern","tag-deutschland","tag-germany","tag-muenchen"],"share_on_mastodon":{"url":"https:\/\/pubeurope.com\/@de\/117213456076897357","error":""},"_links":{"self":[{"href":"https:\/\/www.europesays.com\/de\/wp-json\/wp\/v2\/posts\/1280402","targetHints":{"allow":["GET"]}}],"collection":[{"href":"https:\/\/www.europesays.com\/de\/wp-json\/wp\/v2\/posts"}],"about":[{"href":"https:\/\/www.europesays.com\/de\/wp-json\/wp\/v2\/types\/post"}],"author":[{"embeddable":true,"href":"https:\/\/www.europesays.com\/de\/wp-json\/wp\/v2\/users\/2"}],"replies":[{"embeddable":true,"href":"https:\/\/www.europesays.com\/de\/wp-json\/wp\/v2\/comments?post=1280402"}],"version-history":[{"count":0,"href":"https:\/\/www.europesays.com\/de\/wp-json\/wp\/v2\/posts\/1280402\/revisions"}],"wp:featuredmedia":[{"embeddable":true,"href":"https:\/\/www.europesays.com\/de\/wp-json\/wp\/v2\/media\/1280403"}],"wp:attachment":[{"href":"https:\/\/www.europesays.com\/de\/wp-json\/wp\/v2\/media?parent=1280402"}],"wp:term":[{"taxonomy":"category","embeddable":true,"href":"https:\/\/www.europesays.com\/de\/wp-json\/wp\/v2\/categories?post=1280402"},{"taxonomy":"post_tag","embeddable":true,"href":"https:\/\/www.europesays.com\/de\/wp-json\/wp\/v2\/tags?post=1280402"}],"curies":[{"name":"wp","href":"https:\/\/api.w.org\/{rel}","templated":true}]}}