{"id":1280410,"date":"2026-09-04T15:25:22","date_gmt":"2026-09-04T15:25:22","guid":{"rendered":"https:\/\/www.europesays.com\/de\/1280410\/"},"modified":"2026-09-04T15:25:22","modified_gmt":"2026-09-04T15:25:22","slug":"hackerangriff-in-berlin-sie-fordern-geld-berlin-will-nicht-zahlen-und-jetzt","status":"publish","type":"post","link":"https:\/\/www.europesays.com\/de\/1280410\/","title":{"rendered":"Hackerangriff in Berlin: Sie fordern Geld. Berlin will nicht zahlen. Und jetzt?"},"content":{"rendered":"<p>\n                        Hacker haben die Berliner Verwaltung angegriffen. Nun l\u00e4uft ist ihr Ultimatum ausgelaufen. Gehen die pers\u00f6nlichen Daten von Berlinern ins Darknet? Die wichtigsten Fragen.\n                    <\/p>\n<p>        4. September 2026, 15:20 Uhr\n    <\/p>\n<p>                12 Min.<\/p>\n<p>        <a class=\"z-text-button\" href=\"#comments\" title=\"Kommentare anzeigen\" data-ct-row=\"comments\" data-ct-column=\"false\"><\/p>\n<p>            11 Kommentare<br \/>\n        <\/a><\/p>\n<p>Zusammenfassen<\/p>\n<p>                Schlie\u00dfen<br \/>\n                Artikelzusammenfassung<\/p>\n<p>Ein Hackerangriff ersch\u00fcttert Berlin kurz vor der Wahl. Anfang August wurden aus zwei Senatsverwaltungen \u00fcber mehrere Tage Daten abgezogen, die Beh\u00f6rden zeitweise vom Landesnetz getrennt und sogar Wohngeldzahlungen unterbrochen, inzwischen arbeiten die Systeme aber wieder weitgehend. Die Gruppe Rhysida fordert 30 Bitcoin und behauptet, 5,79 Terabyte mit Vertr\u00e4gen, Bu\u00dfgeldverfahren, Log-in-Daten, Personalunterlagen und wom\u00f6glich auch Ausweiskopien erbeutet zu haben, sodass Besch\u00e4ftigte, B\u00fcrger und Unternehmen betroffen sein k\u00f6nnten. Berlin l\u00e4sst nun alle 12.000 IT-Systeme pr\u00fcfen, stoppt teils Homeoffice-Zug\u00e4nge, ordnet Passwortwechsel an und rechnet damit, dass die Daten verkauft oder ver\u00f6ffentlicht werden, w\u00e4hrend Ermittler den genauen Zugangsweg noch suchen. Vieles spricht f\u00fcr einen finanziell motivierten Ransomware-Angriff \u00fcber bekannte Sicherheitsl\u00fccken statt f\u00fcr eine politische Operation, und deshalb lehnt der Senat eine Zahlung trotz drohender Ver\u00f6ffentlichung ab.<\/p>\n<p>                Diese Zusammenfassung wurde mithilfe von K\u00fcnstlicher Intelligenz erstellt. Vereinzelt kann es dabei zu Fehlern kommen.<\/p>\n<p class=\"summy__feedback-paragraph\">Fanden Sie die Zusammenfassung hilfreich? <\/p>\n<p>                        Gef\u00e4llt mir<\/p>\n<p>                        Gef\u00e4llt mir<\/p>\n<p>                        Gef\u00e4llt mir nicht<\/p>\n<p>                        Gef\u00e4llt mir nicht<\/p>\n<p>                        Send<\/p>\n<p>            <img decoding=\"async\" class=\"article__media-item\" src=\"https:\/\/www.europesays.com\/de\/wp-content\/uploads\/2026\/09\/wide__1000x562.jpeg\" alt=\"Hackerangriff in Berlin: Das Land Berlin sei Opfer einer \u00bbschweren Straftat\u00ab geworden, sagte Berlins Noch-B\u00fcrgermeister Kai Wegner \ufeff(CDU) \u00fcber den Hackerangriff.\"\/><\/p>\n<p>                    Das Land Berlin sei Opfer einer \u00bbschweren Straftat\u00ab geworden, sagte Berlins Noch-B\u00fcrgermeister Kai Wegner \ufeff(CDU) \u00fcber den Hackerangriff.<br \/>\n            \u00a9\u00a0[M] Alexander Hoepfner\/\u200bDIE ZEIT; verw. Bild: Thomas Koehler\/\u200bPhotothek\/\u200bGetty Images<\/p>\n<p class=\"paragraph\">Kurz vor den Berliner Wahlen hat eine Hackergruppe Teile der Senatsverwaltung lahmgelegt. Bisher sieht es nicht danach aus, dass das Ganze ein politisch motivierter Angriff war, doch schon am Freitag k\u00f6nnten sensible Daten von Mitarbeitern der Verwaltung und m\u00f6glicherweise auch von B\u00fcrgern ver\u00f6ffentlicht werden. Was bislang zum Datenklau bekannt ist.\n<\/p>\n<p>            Automatische Zusammenfassung <\/p>\n<p>Diese Fragen wurden mithilfe von K\u00fcnstlicher Intelligenz auf Basis des Artikeltextes erstellt. Vereinzelt kann es dabei zu Fehlern kommen.<\/p>\n<p>    Diese Fragen beantwortet der Artikel:<\/p>\n<ul class=\"summy-questions__list\">\n<li class=\"summy-questions__question\">Was ist \u00fcber den Hackerangriff auf die Berliner Senatsverwaltungen und die betroffenen Daten bekannt?<\/li>\n<li class=\"summy-questions__question\">Wie reagiert Berlin auf die Erpressung durch Rhysida und was spricht gegen ein politisches Motiv?<\/li>\n<\/ul>\n","protected":false},"excerpt":{"rendered":"Hacker haben die Berliner Verwaltung angegriffen. Nun l\u00e4uft ist ihr Ultimatum ausgelaufen. Gehen die pers\u00f6nlichen Daten von Berlinern&hellip;\n","protected":false},"author":2,"featured_media":1280411,"comment_status":"","ping_status":"","sticky":false,"template":"","format":"standard","meta":{"footnotes":"","_share_on_mastodon":"0"},"categories":[1825],"tags":[1941,1939,296,1937,29,5680,30,3558,264212,1940,1938,105745,2239,4585],"class_list":["post-1280410","post","type-post","status-publish","format-standard","has-post-thumbnail","category-berlin","tag-aktuelle-nachrichten-aus-berlin","tag-aktuelle-news-aus-berlin","tag-berlin","tag-berlin-news","tag-deutschland","tag-digital","tag-germany","tag-hackerangriff","tag-hackerangriff-in-berlin","tag-nachrichten-aus-berlin","tag-news-aus-berlin","tag-passwort","tag-rbb","tag-software"],"share_on_mastodon":{"url":"https:\/\/pubeurope.com\/@de\/117213472489184885","error":""},"_links":{"self":[{"href":"https:\/\/www.europesays.com\/de\/wp-json\/wp\/v2\/posts\/1280410","targetHints":{"allow":["GET"]}}],"collection":[{"href":"https:\/\/www.europesays.com\/de\/wp-json\/wp\/v2\/posts"}],"about":[{"href":"https:\/\/www.europesays.com\/de\/wp-json\/wp\/v2\/types\/post"}],"author":[{"embeddable":true,"href":"https:\/\/www.europesays.com\/de\/wp-json\/wp\/v2\/users\/2"}],"replies":[{"embeddable":true,"href":"https:\/\/www.europesays.com\/de\/wp-json\/wp\/v2\/comments?post=1280410"}],"version-history":[{"count":0,"href":"https:\/\/www.europesays.com\/de\/wp-json\/wp\/v2\/posts\/1280410\/revisions"}],"wp:featuredmedia":[{"embeddable":true,"href":"https:\/\/www.europesays.com\/de\/wp-json\/wp\/v2\/media\/1280411"}],"wp:attachment":[{"href":"https:\/\/www.europesays.com\/de\/wp-json\/wp\/v2\/media?parent=1280410"}],"wp:term":[{"taxonomy":"category","embeddable":true,"href":"https:\/\/www.europesays.com\/de\/wp-json\/wp\/v2\/categories?post=1280410"},{"taxonomy":"post_tag","embeddable":true,"href":"https:\/\/www.europesays.com\/de\/wp-json\/wp\/v2\/tags?post=1280410"}],"curies":[{"name":"wp","href":"https:\/\/api.w.org\/{rel}","templated":true}]}}