{"id":1280412,"date":"2026-09-04T15:26:25","date_gmt":"2026-09-04T15:26:25","guid":{"rendered":"https:\/\/www.europesays.com\/de\/1280412\/"},"modified":"2026-09-04T15:26:25","modified_gmt":"2026-09-04T15:26:25","slug":"berlin-nagelneuer-truck-fuer-900-000-euro-bleibt-in-feuerwache-stecken-regional","status":"publish","type":"post","link":"https:\/\/www.europesays.com\/de\/1280412\/","title":{"rendered":"Berlin: Nagelneuer Truck f\u00fcr 900.000 Euro bleibt in Feuerwache stecken | Regional"},"content":{"rendered":"<p><a class=\"skip-content skip-content--link\" href=\"#in-content-skip-link-target-v-0-0\">TTS-Player \u00fcberspringen\u21b5<\/a><a id=\"in-content-skip-link-target-v-0-0\" class=\"skip-content--target-link-hidden skip-content skip-content--target-link\" href=\"#in-content-skip-link-target-v-0-0\">Artikel weiterlesen<\/a><\/p>\n<p>Berlin \u2013 <b>Eigentlich sollte dieser nagelneue Truck f\u00fcr den Dienst bei der Berliner Feuerwehr werben. Doch jetzt sorgte er selbst f\u00fcr Aufsehen: Bei der Einfahrt auf das Gel\u00e4nde einer Feuerwache blieb der Sattelschlepper unter einer Unterf\u00fchrung stecken. Wie hoch der Sachschaden ist, ist noch unklar.<\/b><\/p>\n<p>Der knallrote Sattelschlepper der Berliner <a href=\"https:\/\/www.bild.de\/themen\/organisationen\/feuerwehr\/politik-nachrichten-news-fotos-videos-20421624.bild.html\" class=\"text-link\" rel=\"nofollow noopener\" target=\"_blank\">Feuerwehr<\/a> blieb bei der Einfahrt auf das Gel\u00e4nde der Feuerwache Wannsee unter der Unterf\u00fchrung stecken. Offenbar hatte der Fahrer die H\u00f6he seines Fahrzeugs nicht richtig eingesch\u00e4tzt. Besonders bitter: Bei dem festgefahrenen Riesen handelte es sich um den nagelneuen Show-Truck der Berliner Feuerwehr. Erst vor drei Monaten stellte die Feuerwehr <a href=\"https:\/\/www.bild.de\/regional\/berlin\/berlin-regional\/home-15823246.bild.html\" class=\"text-link\" rel=\"nofollow noopener\" target=\"_blank\">Berlin<\/a> ihn mit gro\u00dfem Tamtam auf der Messe \u201eInterschutz 2026\u201c in Hannover vor.<\/p>\n<p> An dieser Stelle findest du Inhalte aus Instagram <\/p>\n<p> Um mit Inhalten aus Instagram und anderen sozialen Netzwerken zu interagieren oder diese darzustellen, brauchen wir deine Zustimmung. <\/p>\n<p> soziale Netzwerke aktivieren <img decoding=\"async\" width=\"992\" height=\"1178\" alt=\"Ungl\u00e4ubig schauen die Feuerwehrm\u00e4nner auf das Malheur\" loading=\"lazy\" src=\"https:\/\/www.europesays.com\/de\/wp-content\/uploads\/2026\/09\/1014f9c9fb908e6b9218e6af7a364469,d7bd494b.jpeg\"   class=\"portrait\"\/><\/p>\n<p class=\"fig__caption__text\">Ungl\u00e4ubig schauen die Feuerwehrm\u00e4nner auf das Malheur<\/p>\n<p>Foto: Thomas Peise<\/p>\n<p><img decoding=\"async\" width=\"992\" height=\"558\" alt=\"Die Unterf\u00fchrung war f\u00fcr den neuen Sattelschlepper der Feuerwehr Berlin zu niedrig\" loading=\"lazy\" src=\"https:\/\/www.europesays.com\/de\/wp-content\/uploads\/2026\/09\/add46d09418f794e1de5d03b999d4cde,266faeed.jpeg\"   class=\"landscape\"\/><\/p>\n<p class=\"fig__caption__text\">Die Unterf\u00fchrung war f\u00fcr den neuen Sattelschlepper der Feuerwehr Berlin einfach zu niedrig<\/p>\n<p>Foto: Thomas Peise<\/p>\n<p>H\u00f6he der Sch\u00e4den noch unklar<\/p>\n<p>Der <a href=\"https:\/\/www.bild.de\/news\/aktuelles\/verkehrsunfall\/verkehrsunfaelle-alle-infos-76680804.bild.html\" class=\"text-link\" rel=\"nofollow noopener\" target=\"_blank\">Unfall<\/a> ereignete sich nach Angaben der Feuerwehr im Laufe des Vortages. Ein Feuerwehrsprecher zu BILD: \u201eDurch Bodenunebenheiten kam es trotz der ausreichenden Durchfahrtsh\u00f6he zu einem Kontakt zwischen dem Truck und der Einfahrt.\u201c Laut Feuerwehr hat der Truck eine regul\u00e4re H\u00f6he von 4,00 Metern. Die betreffende Einfahrt der Feuerwache Wannsee betr\u00e4gt 4,07 Meter. <\/p>\n<p>Die erste Begutachtung des 900.000 Euro teuren Trucks ist bereits abgeschlossen. \u201eEs wurden keine reparaturbed\u00fcrftigen Sch\u00e4den festgestellt; lediglich die Folierung weist leichte Besch\u00e4digungen auf\u201c, hei\u00dft es von der Feuerwehr Berlin. Die voraussichtlichen Kosten liegen nach derzeitiger Einsch\u00e4tzung im niedrigen dreistelligen Bereich und werden voraussichtlich ohne Beauftragung Dritter instandgesetzt.<\/p>\n<p> An dieser Stelle findest du Inhalte aus Twitter <\/p>\n<p> Um mit Inhalten aus Twitter und anderen sozialen Netzwerken zu interagieren oder diese darzustellen, brauchen wir deine Zustimmung. <\/p>\n<p> soziale Netzwerke aktivieren Ausgerechnet der neue Feuerwehr-Truck<\/p>\n<p>Mit dem Feuerwehrinformations-Truck (FIT) will die Berliner Feuerwehr k\u00fcnftig in Berlin und dar\u00fcber hinaus \u00fcber ihre Arbeit informieren. Der Show-Truck soll au\u00dferdem bei der Nachwuchsgewinnung helfen und B\u00fcrgern das Thema Brandschutz n\u00e4herbringen. <\/p>\n","protected":false},"excerpt":{"rendered":"TTS-Player \u00fcberspringen\u21b5Artikel weiterlesen Berlin \u2013 Eigentlich sollte dieser nagelneue Truck f\u00fcr den Dienst bei der Berliner Feuerwehr werben.&hellip;\n","protected":false},"author":2,"featured_media":1280413,"comment_status":"","ping_status":"","sticky":false,"template":"","format":"standard","meta":{"footnotes":"","_share_on_mastodon":"0"},"categories":[1825],"tags":[296,43374,78218,29,985,30,49074,65139,138370,2624,3260],"class_list":["post-1280412","post","type-post","status-publish","format-standard","has-post-thumbnail","category-berlin","tag-berlin","tag-berlin-regional","tag-berlin-regional-news","tag-deutschland","tag-feuerwehr","tag-germany","tag-lkw-fahrer","tag-sattelschlepper","tag-team-first","tag-unfaelle","tag-verkehrsunfall"],"share_on_mastodon":{"url":"https:\/\/pubeurope.com\/@de\/117213477574449232","error":""},"_links":{"self":[{"href":"https:\/\/www.europesays.com\/de\/wp-json\/wp\/v2\/posts\/1280412","targetHints":{"allow":["GET"]}}],"collection":[{"href":"https:\/\/www.europesays.com\/de\/wp-json\/wp\/v2\/posts"}],"about":[{"href":"https:\/\/www.europesays.com\/de\/wp-json\/wp\/v2\/types\/post"}],"author":[{"embeddable":true,"href":"https:\/\/www.europesays.com\/de\/wp-json\/wp\/v2\/users\/2"}],"replies":[{"embeddable":true,"href":"https:\/\/www.europesays.com\/de\/wp-json\/wp\/v2\/comments?post=1280412"}],"version-history":[{"count":0,"href":"https:\/\/www.europesays.com\/de\/wp-json\/wp\/v2\/posts\/1280412\/revisions"}],"wp:featuredmedia":[{"embeddable":true,"href":"https:\/\/www.europesays.com\/de\/wp-json\/wp\/v2\/media\/1280413"}],"wp:attachment":[{"href":"https:\/\/www.europesays.com\/de\/wp-json\/wp\/v2\/media?parent=1280412"}],"wp:term":[{"taxonomy":"category","embeddable":true,"href":"https:\/\/www.europesays.com\/de\/wp-json\/wp\/v2\/categories?post=1280412"},{"taxonomy":"post_tag","embeddable":true,"href":"https:\/\/www.europesays.com\/de\/wp-json\/wp\/v2\/tags?post=1280412"}],"curies":[{"name":"wp","href":"https:\/\/api.w.org\/{rel}","templated":true}]}}