{"id":1280444,"date":"2026-09-04T15:48:14","date_gmt":"2026-09-04T15:48:14","guid":{"rendered":"https:\/\/www.europesays.com\/de\/1280444\/"},"modified":"2026-09-04T15:48:14","modified_gmt":"2026-09-04T15:48:14","slug":"streit-um-fahrradparken-am-hauptbahnhof","status":"publish","type":"post","link":"https:\/\/www.europesays.com\/de\/1280444\/","title":{"rendered":"Streit um Fahrradparken am Hauptbahnhof"},"content":{"rendered":"<p class=\"caps\"><strong>ADFC kritisiert geplante Ver\u00e4nderungen durch drittes Stra\u00dfenbahngleis \u2013 knapp 100 \u00fcberdachte Stellpl\u00e4tze sollen wegfallen \u2013 widerspr\u00fcchliche Aussagen zum Denkmalschutz<\/strong><\/p>\n<p>\u00a0<\/p>\n<p>Die geplanten Ver\u00e4nderungen am Hauptbahnhof Halle (Saale) sorgen beim Allgemeinen Deutschen Fahrrad-Club (ADFC) Halle-Saalekreis f\u00fcr deutliche Kritik. Mit dem Bau des dritten Stra\u00dfenbahngleises in der Unterf\u00fchrung zwischen dem \u00f6stlichen und westlichen Teil des Hans-Dietrich-Genscher-Platzes werde sich die ohnehin schwierige Situation f\u00fcr Radfahrer weiter verschlechtern, bef\u00fcrchtet der Verband.<\/p>\n<p>\u00a0<\/p>\n<p>Die Bauarbeiten sollen nach Angaben des ADFC im Oktober 2026 beginnen. Im Zuge des Umbaus sollen unter anderem die derzeit faktisch knapp 100 \u00fcberdachten Fahrradabstellpl\u00e4tze in der Unterf\u00fchrung entfallen.<\/p>\n<p>Der ADFC fordert deshalb von Stadt und Bahn, mindestens die gleiche Anzahl \u00fcberdachter Fahrradstellpl\u00e4tze in vergleichbarer Qualit\u00e4t zu erhalten.<\/p>\n<p>\u00a0<\/p>\n<p><strong>Schon heute schwierige Situation<\/strong><\/p>\n<p>Nach Einsch\u00e4tzung des ADFC ist der Hauptbahnhof bereits heute ein Nadel\u00f6hr f\u00fcr den Radverkehr. Das betreffe sowohl Menschen, die ihr Fahrrad mit in die Bahn nehmen, als auch Pendler, die ihr Rad am Bahnhof abstellen und anschlie\u00dfend mit dem Zug weiterfahren.<\/p>\n<p>Der Verband kritisiert die Radwegf\u00fchrung und die vorhandenen Abstellm\u00f6glichkeiten als schlecht angelegt und teilweise missverst\u00e4ndlich beschildert. Daraus entst\u00fcnden immer wieder Konflikte und auch Sturzgefahren.<\/p>\n<p>Zu den aktuellen Problemen kommt die derzeitige Sperrung des Fahrrad-Parkturms. Dessen Zukunft ist nach der Insolvenz des Herstellers nach Angaben des ADFC weiterhin unsicher.<\/p>\n<p>\u00a0<\/p>\n<p><strong>Neue Stellpl\u00e4tze \u2013 aber ohne Dach<\/strong><\/p>\n<p>Als Ersatz f\u00fcr wegfallende Fahrradstellpl\u00e4tze soll eine neue Abstellfl\u00e4che entstehen. Vorgesehen ist daf\u00fcr eine bislang verwilderte Gr\u00fcnfl\u00e4che an der nord\u00f6stlichen Ecke des Hans-Dietrich-Genscher-Platzes zwischen Delitzscher Stra\u00dfe und den Stra\u00dfenbahngleisen.<\/p>\n<p>Der ADFC sieht darin allerdings keinen gleichwertigen Ersatz. Die neuen Fahrradstellpl\u00e4tze sollen nicht \u00fcberdacht werden, w\u00e4hrend die bisherigen Pl\u00e4tze in der Unterf\u00fchrung durch den Tunnel vor der Witterung gesch\u00fctzt sind.<\/p>\n<p>Zudem m\u00fcssten Radfahrer auf dem Weg zu den neuen Stellpl\u00e4tzen k\u00fcnftig zus\u00e4tzlich die Stra\u00dfenbahngleise queren. Der Verband sieht darin eine weitere potenzielle Unfallgefahr.<\/p>\n<p>\u00a0<\/p>\n<p><strong>Streit um den Denkmalschutz<\/strong><\/p>\n<p>Besonders kritisch sieht der ADFC die bisherige Begr\u00fcndung daf\u00fcr, weshalb die geplanten Fahrradstellpl\u00e4tze nicht \u00fcberdacht werden sollen.<\/p>\n<p>Nach Darstellung des Verbandes wurde von Seiten der Stadt mehrfach auf den Denkmalschutz verwiesen. Eine \u00dcberdachung w\u00fcrde demnach den Blick auf das Bahnhofsgeb\u00e4ude beeintr\u00e4chtigen.<\/p>\n<p>Der ADFC wollte diese Begr\u00fcndung genauer \u00fcberpr\u00fcfen und wandte sich bereits im Februar 2026 an die zust\u00e4ndige Denkmalschutzbeh\u00f6rde. Nach Angaben des Verbandes ergab die Nachfrage jedoch ein differenzierteres Bild.<\/p>\n<p>Andreas R\u00fchl, Leiter der Abteilung Denkmalschutz im Fachbereich St\u00e4dtebau und Bauordnung, teilte dem ADFC demnach mit, dass die Beh\u00f6rde zu einer m\u00f6glichen \u00dcberdachung an dieser konkreten Stelle bislang nicht befragt worden sei. Zudem sei der \u201enord\u00f6stliche Randbereich des Bahnhofsvorplatzes\u201c f\u00fcr dessen Raumwirkung \u201evon untergeordneter Bedeutung\u201c.<\/p>\n<p>Hintergrund sei vielmehr eine fr\u00fchere Vereinbarung. Vor etwa f\u00fcnf Jahren wurde laut der vom ADFC ver\u00f6ffentlichten Antwort die denkmalrechtliche Zustimmung zum Bau des V-Locker-Fahrrad-Park-Kubus im s\u00fcd\u00f6stlichen Bereich des Platzes erteilt. In diesem Zusammenhang sei vereinbart worden, dass keine weiteren \u00dcberdachungen auf der Platzfl\u00e4che entstehen sollen.<\/p>\n<p>Eine konkrete denkmalrechtliche Pr\u00fcfung einer \u00dcberdachung auf der nun vorgesehenen Fl\u00e4che habe zu diesem Zeitpunkt jedoch noch nicht stattgefunden.<\/p>\n<p>\u00a0<\/p>\n<p><strong>ADFC sieht Widerspruch zu Aussage der Stadt<\/strong><\/p>\n<p>Der Verband verweist gleichzeitig auf eine Antwort des Beigeordneten f\u00fcr Stadtentwicklung, Umwelt und Sicherheit, Ren\u00e9 Rebenstorf.<\/p>\n<p>Dieser hatte dem ADFC mitgeteilt:<\/p>\n<blockquote>\n<p>\u201eAus Gr\u00fcnden des Denkmalschutzes war eine \u00dcberdachung f\u00fcr die Fl\u00e4che der neuen Fahrradb\u00fcgel nicht m\u00f6glich. Die Abstimmungen mit der Denkmalbeh\u00f6rde f\u00fcr den Ersatz der Fahrradabstellfl\u00e4chen in der N\u00e4he des Hauptbahnhofes wurden gef\u00fchrt.\u201c<\/p>\n<\/blockquote>\n<p>Der ADFC sieht darin einen Widerspruch zur zuvor erhaltenen Auskunft aus der Denkmalschutzbeh\u00f6rde.<\/p>\n<p>Der Verband bat die Stadt deshalb um eine entsprechende Richtigstellung sowie um die Pr\u00fcfung, ob die neuen Fahrradstellpl\u00e4tze \u00fcberdacht oder zumindest sp\u00e4ter mit einer \u00dcberdachung nachger\u00fcstet werden k\u00f6nnten. Nach Angaben des ADFC erfolgte darauf bislang keine weitere Reaktion.<\/p>\n<p>\u00a0<\/p>\n<p><strong>Kritik auch am dritten Stra\u00dfenbahngleis<\/strong><\/p>\n<p>Grunds\u00e4tzliche Kritik \u00fcbt der ADFC au\u00dferdem am geplanten dritten Stra\u00dfenbahngleis unter der Eisenbahnbr\u00fccke.<\/p>\n<p>Der Verband wendet sich nach eigenen Angaben bereits seit Jahren gegen das Vorhaben und verweist dabei insbesondere auf die beengten Platzverh\u00e4ltnisse in der Unterf\u00fchrung.<\/p>\n<p>Nach Darstellung des ADFC nutzen in Spitzenzeiten bis zu 1.000 Fu\u00dfg\u00e4nger und Radfahrer pro Stunde diesen Bereich. Einschl\u00e4gige Regelwerke s\u00e4hen f\u00fcr ein derartiges Verkehrsaufkommen deutlich breitere Fl\u00e4chen f\u00fcr den Fu\u00df- und Radverkehr vor.<\/p>\n<p>Der Verband bef\u00fcrchtet deshalb zus\u00e4tzliche Konflikte zwischen den verschiedenen Verkehrsteilnehmern, wenn durch das dritte Stra\u00dfenbahngleis k\u00fcnftig noch weniger Raum zur Verf\u00fcgung steht.<\/p>\n<p>\u00a0<\/p>\n<p><strong>Was wird aus dem geplanten Fahrradparkhaus?<\/strong><\/p>\n<p>Offen ist aus Sicht des ADFC au\u00dferdem die Zukunft eines seit Jahren angek\u00fcndigten Fahrradparkhauses im Zusammenhang mit dem geplanten neuen Hotel vor dem Busbahnhof.<\/p>\n<p>Obwohl der Bau des Hotels nach Angaben des Verbandes innerhalb der kommenden zwei Jahre erfolgen soll, seien bislang keine konkreten Planungen f\u00fcr das angek\u00fcndigte Fahrradparkhaus bekannt.<\/p>\n<p>Gerade f\u00fcr Pendler w\u00e4re eine gr\u00f6\u00dfere Zahl sicherer und wettergesch\u00fctzter Fahrradstellpl\u00e4tze unmittelbar am Hauptbahnhof von Bedeutung. Wer Fahrrad und Bahn kombiniert, ist darauf angewiesen, sein Rad f\u00fcr mehrere Stunden oder einen ganzen Arbeitstag m\u00f6glichst gesch\u00fctzt abstellen zu k\u00f6nnen.<\/p>\n<p>\u00a0<\/p>\n<p><strong>Kritik mit Blick auf das Zukunftszentrum<\/strong><\/p>\n<p>Der ADFC verbindet seine Kritik schlie\u00dflich mit der k\u00fcnftigen Entwicklung des gesamten Bahnhofsumfeldes. Die bisherigen und geplanten L\u00f6sungen f\u00fcr das Fahrradparken seien aus Sicht des Verbandes nicht zukunftsorientiert und passten nicht zu Halle als k\u00fcnftigem Standort des Zukunftszentrums f\u00fcr Deutsche Einheit und Europ\u00e4ische Transformation.<\/p>\n<p>Zugreisende und k\u00fcnftige Besucher des Zukunftszentrums w\u00fcrden schlie\u00dflich h\u00e4ufig am Hauptbahnhof ihren ersten Eindruck von der Stadt erhalten.<\/p>\n<p>Der ADFC Halle-Saalekreis appelliert deshalb an alle Beteiligten, die bereits heute aus seiner Sicht unzureichenden Fahrradabstellm\u00f6glichkeiten am Hauptbahnhof nicht weiter einzuschr\u00e4nken.<\/p>\n<p>Die zentrale Forderung des Verbandes: Stadt und Bahn sollen mindestens ebenso viele \u00fcberdachte Fahrradstellpl\u00e4tze erhalten, wie durch die geplanten Bauma\u00dfnahmen wegfallen.<\/p>\n","protected":false},"excerpt":{"rendered":"ADFC kritisiert geplante Ver\u00e4nderungen durch drittes Stra\u00dfenbahngleis \u2013 knapp 100 \u00fcberdachte Stellpl\u00e4tze sollen wegfallen \u2013 widerspr\u00fcchliche Aussagen zum&hellip;\n","protected":false},"author":2,"featured_media":1280445,"comment_status":"","ping_status":"","sticky":false,"template":"","format":"standard","meta":{"footnotes":"","_share_on_mastodon":"0"},"categories":[1860],"tags":[7380,3364,29,548,663,3934,264214,30,4062,17332,3601,13,14,15,17331,860,12,161935],"class_list":["post-1280444","post","type-post","status-publish","format-standard","has-post-thumbnail","category-halle-saale","tag-adfc","tag-de","tag-deutschland","tag-eu","tag-europa","tag-europe","tag-fahrradparken","tag-germany","tag-halle","tag-halle-saale","tag-hauptbahnhof","tag-headlines","tag-nachrichten","tag-news","tag-saale","tag-sachsen-anhalt","tag-schlagzeilen","tag-stadt-halle-saale"],"share_on_mastodon":{"url":"https:\/\/pubeurope.com\/@de\/117213561168284034","error":""},"_links":{"self":[{"href":"https:\/\/www.europesays.com\/de\/wp-json\/wp\/v2\/posts\/1280444","targetHints":{"allow":["GET"]}}],"collection":[{"href":"https:\/\/www.europesays.com\/de\/wp-json\/wp\/v2\/posts"}],"about":[{"href":"https:\/\/www.europesays.com\/de\/wp-json\/wp\/v2\/types\/post"}],"author":[{"embeddable":true,"href":"https:\/\/www.europesays.com\/de\/wp-json\/wp\/v2\/users\/2"}],"replies":[{"embeddable":true,"href":"https:\/\/www.europesays.com\/de\/wp-json\/wp\/v2\/comments?post=1280444"}],"version-history":[{"count":0,"href":"https:\/\/www.europesays.com\/de\/wp-json\/wp\/v2\/posts\/1280444\/revisions"}],"wp:featuredmedia":[{"embeddable":true,"href":"https:\/\/www.europesays.com\/de\/wp-json\/wp\/v2\/media\/1280445"}],"wp:attachment":[{"href":"https:\/\/www.europesays.com\/de\/wp-json\/wp\/v2\/media?parent=1280444"}],"wp:term":[{"taxonomy":"category","embeddable":true,"href":"https:\/\/www.europesays.com\/de\/wp-json\/wp\/v2\/categories?post=1280444"},{"taxonomy":"post_tag","embeddable":true,"href":"https:\/\/www.europesays.com\/de\/wp-json\/wp\/v2\/tags?post=1280444"}],"curies":[{"name":"wp","href":"https:\/\/api.w.org\/{rel}","templated":true}]}}