{"id":1280454,"date":"2026-09-04T15:54:17","date_gmt":"2026-09-04T15:54:17","guid":{"rendered":"https:\/\/www.europesays.com\/de\/1280454\/"},"modified":"2026-09-04T15:54:17","modified_gmt":"2026-09-04T15:54:17","slug":"moenchengladbach-alte-tanke-feiert-zehnjaehriges-bestehen","status":"publish","type":"post","link":"https:\/\/www.europesays.com\/de\/1280454\/","title":{"rendered":"M\u00f6nchengladbach: \u201eAlte Tanke\u201c feiert zehnj\u00e4hriges Bestehen"},"content":{"rendered":"<p class=\"text_ohne_einzug richtext text-em-55 !leading-serif mx-6 desktop:mx-0\"> Rund ein Dutzend Menschen sitzen auf Plastikst\u00fchlen an Tischen nebeneinander und sind in Gespr\u00e4che vertieft. Um sie herum sind bunte Pflanzk\u00e4sten aufgebaut, mehrere H\u00e4ngesessel schwingen unter den \u00c4sten eines Baumes. Leise Musik schallt aus einer Box. Die Menschen feiern an diesem Freitag das zehnj\u00e4hrige Bestehen der \u201eAlten Tanke\u201c an der Kreuzung Kaiserstra\u00dfe\/Sittardstra\u00dfe in Gladbach.<\/p>\n<p>Idee aus der Nachbarschaft      <\/p>\n<p class=\"richtext text-em-55 !leading-serif mx-6 desktop:mx-0\">Das Projekt war aus der Nachbarschaft heraus entstanden, um das Gel\u00e4nde in einen \u00f6ffentlichen Treffpunkt zu verwandeln. \u201eEntstanden ist das Projekt 2016 aus einem Fr\u00fchjahrsputz der Nachbarschaft heraus\u201c, sagt Mark Nierwetberg. Der Anwohner war seit der ersten Stunde des Projekts mit dabei, bei der Stadt ist er in der Stabsstelle Strategische Entwicklung t\u00e4tig. \u201eDabei haben wir Spritzen gefunden, zudem gab es immer wieder Einbr\u00fcche und Diebstahl. Das wollten wir \u00e4ndern\u201c, sagt Nierwetberg.<\/p>\n<p class=\"richtext text-em-55 !leading-serif mx-6 desktop:mx-0\">So wurde die Alte Tanke geschaffen, benannt nach der BP-Tankstelle, die sich in den 50er-Jahren dort befand. Einen Teil der Kosten \u2013 12.500 Euro \u2013 habe die Stadt \u00fcbernommen. \u201eDen Rest haben wir durch Muskelkraft geschafft\u201c, sagt Stefan Sturm vom Quartiersmanagement Gladbach &amp; Westend, der ebenfalls von Anfang an mit angepackt hat.<\/p>\n<p class=\"richtext text-em-55 !leading-serif mx-6 desktop:mx-0\">An einer bunt bemalten Wand h\u00e4ngen Bilder aus den vergangenen zehn Jahren der \u201eAlten Tanke\u201c. Diverse Veranstaltungen wie Tr\u00f6delm\u00e4rkte, eine mobile Fahrradreparaturwerkstatt oder Nachbarschaftsbrunches hat es \u00fcber die Jahre gegeben.<\/p>\n<p>Sch\u00f6nstes Schlagloch Deutschlands      <\/p>\n<p class=\"richtext text-em-55 !leading-serif mx-6 desktop:mx-0\">F\u00fcr gro\u00dfe Aufmerksamkeit hatte 2018 ein Kunstprojekt gesorgt: ein Kostenpflichtiger Inhalt <a href=\"https:\/\/rp-online.de\/nrw\/staedte\/moenchengladbach\/moenchengladbach-deutschlands-schoenstes-schlagloch-kaum-wiederzuerkennen_aid-73161091\" rel=\"nofollow noopener\" target=\"_blank\">raffiniert als Teich gestaltetes Schlagloch<\/a>. \u201eDas war das ber\u00fchmteste Schlagloch Deutschlands\u201c, erinnert sich Guido Nierwetberg, der selbst erst seit drei Jahren Anwohner der Alten Tanke ist. \u201eProjekt Sommerloch\u201c nannte die K\u00fcnstlerin Maren D\u00f6rwaldt das Schlagloch, auf glitzernden Sand drapierte sie Pfl\u00e4nzchen, Muscheln, Steine und einen Plastik-Fisch und die R\u00e4nder malte sie gr\u00fcn und blau an. \u201eDas lief in den Nachrichten rauf und runter\u201c, sagt der Anwohner.<\/p>\n<p class=\"richtext text-em-55 !leading-serif mx-6 desktop:mx-0\">\u201eDas Besondere an der Alten Tanke ist, dass sie komplett von Nachbarn f\u00fcr Nachbarn gestaltet ist\u201c, sagt Marius M\u00fcller, der als Stadtteilkoordinator f\u00fcr die Stadtverwaltung M\u00f6nchengladbach arbeitet. \u201eEs ist eine Art unkommerzieller Gegenpol zu den Caf\u00e9s in der Gegend.\u201c<\/p>\n<p class=\"richtext text-em-55 !leading-serif mx-6 desktop:mx-0\">Guido Nierwetberg erg\u00e4nzt: \u201eMan muss nicht immer die Stadt rufen, sondern auch mal selbst anpacken.\u201c Und Stefan Sturm freut sich dar\u00fcber, dass die Aktion \u201eLeute zusammenbringt\u201c. So soll es weitergehen.<\/p>\n","protected":false},"excerpt":{"rendered":"Rund ein Dutzend Menschen sitzen auf Plastikst\u00fchlen an Tischen nebeneinander und sind in Gespr\u00e4che vertieft. Um sie herum&hellip;\n","protected":false},"author":2,"featured_media":1280455,"comment_status":"","ping_status":"","sticky":false,"template":"","format":"standard","meta":{"footnotes":"","_share_on_mastodon":"0"},"categories":[1849],"tags":[264219,15017,3364,29,548,663,3934,30,14337,13,11115,18491,4455,23029,14,15,147223,1209,93595,12,28397,264218,33603],"class_list":["post-1280454","post","type-post","status-publish","format-standard","has-post-thumbnail","category-moenchengladbach","tag-20schlagloch","tag-aufmerksamkeit","tag-de","tag-deutschland","tag-eu","tag-europa","tag-europe","tag-germany","tag-gladbach","tag-headlines","tag-kaiserstrasse","tag-kreuzung","tag-moenchengladbach","tag-nachbarn","tag-nachrichten","tag-news","tag-nierwetberg","tag-nordrhein-westfalen","tag-schlagloch","tag-schlagzeilen","tag-sittardstrasse","tag-tanke","tag-treffpunkt"],"share_on_mastodon":{"url":"","error":""},"_links":{"self":[{"href":"https:\/\/www.europesays.com\/de\/wp-json\/wp\/v2\/posts\/1280454","targetHints":{"allow":["GET"]}}],"collection":[{"href":"https:\/\/www.europesays.com\/de\/wp-json\/wp\/v2\/posts"}],"about":[{"href":"https:\/\/www.europesays.com\/de\/wp-json\/wp\/v2\/types\/post"}],"author":[{"embeddable":true,"href":"https:\/\/www.europesays.com\/de\/wp-json\/wp\/v2\/users\/2"}],"replies":[{"embeddable":true,"href":"https:\/\/www.europesays.com\/de\/wp-json\/wp\/v2\/comments?post=1280454"}],"version-history":[{"count":0,"href":"https:\/\/www.europesays.com\/de\/wp-json\/wp\/v2\/posts\/1280454\/revisions"}],"wp:featuredmedia":[{"embeddable":true,"href":"https:\/\/www.europesays.com\/de\/wp-json\/wp\/v2\/media\/1280455"}],"wp:attachment":[{"href":"https:\/\/www.europesays.com\/de\/wp-json\/wp\/v2\/media?parent=1280454"}],"wp:term":[{"taxonomy":"category","embeddable":true,"href":"https:\/\/www.europesays.com\/de\/wp-json\/wp\/v2\/categories?post=1280454"},{"taxonomy":"post_tag","embeddable":true,"href":"https:\/\/www.europesays.com\/de\/wp-json\/wp\/v2\/tags?post=1280454"}],"curies":[{"name":"wp","href":"https:\/\/api.w.org\/{rel}","templated":true}]}}