{"id":1280458,"date":"2026-09-04T15:57:26","date_gmt":"2026-09-04T15:57:26","guid":{"rendered":"https:\/\/www.europesays.com\/de\/1280458\/"},"modified":"2026-09-04T15:57:26","modified_gmt":"2026-09-04T15:57:26","slug":"mainz-muss-mobil-bleiben-freie-waehler-rufen-vor-stadtratssitzung-zur-demo-gegen-ideologische-verkehrspolitik-auf","status":"publish","type":"post","link":"https:\/\/www.europesays.com\/de\/1280458\/","title":{"rendered":"&#8222;Mainz muss mobil bleiben!&#8220;: Freie W\u00e4hler rufen vor Stadtratssitzung zur Demo gegen ideologische Verkehrspolitik auf"},"content":{"rendered":"<p>Die Verkehrspolitik in Mainz ist derzeit das absolute Topthema, seit der Sperrung der Gro\u00dfen Bleiche zum Rhein hin samt weiterer Neuerungen im Bleichenviertel kochen die Emotionen hoch: Stau, Stress, mehr Verkehr in Anwohnerstra\u00dfen \u2013 viele Mainzer sind zutiefst ver\u00e4rgert. Nun rufen die Freien W\u00e4hler dazu auf, den Protest vor die T\u00fcren der Politik zu tragen: Unter dem Motto \u201eMainz muss mobil bleiben!\u201c rufen die Freien W\u00e4hler zur Demonstration vor der n\u00e4chsten Stadtratssitzung am kommenden Mittwoch auf.<\/p>\n<p><img fetchpriority=\"high\" decoding=\"async\" class=\"wp-image-60540\" src=\"https:\/\/www.europesays.com\/de\/wp-content\/uploads\/2026\/09\/Gesperrte-Grosse-Bleiche-Modalfilter-am-Landtag-kleiner-300x225.jpg\" alt=\"Stein des Ansto\u00dfes: Der &quot;Modalfilter&quot; in der Gro\u00dfen Bleiche, der faktisch eine Sperrung der Gro\u00dfen Bleiche f\u00fcr den Individualverkehr ist. - Foto: gik\" width=\"380\" height=\"285\"  \/>Stein des Ansto\u00dfes: Der \u201eModalfilter\u201c in der Gro\u00dfen Bleiche, der faktisch eine Sperrung der Gro\u00dfen Bleiche f\u00fcr den Individualverkehr ist. \u2013 Foto: gik<\/p>\n<p>\u201eDie Verkehrspolitik in Mainz darf nicht von Ideologien gepr\u00e4gt sein, sondern muss sich an den Bed\u00fcrfnissen der Menschen orientieren\u201c, sagte Gerhard Wenderoth von der Freien W\u00e4hlerorganisation zur Begr\u00fcndung. Wenderoth ist Organisator der Demonstration, und betont: \u201eOb Anwohner, Pendler, Familien, Senioren, Gewerbetreibende oder Handwerker: Mobilit\u00e4t muss f\u00fcr alle Menschen in unserer Stadt m\u00f6glich und bezahlbar bleiben.\u201c Mainz brauche \u201eeine Verkehrspolitik mit Fakten statt Ideologie\u201c und eine gleichberechtigte Ber\u00fccksichtigung aller Verkehrstr\u00e4ger.<\/p>\n<p>Die Demonstration richte sich denn auch \u201eausdr\u00fccklich nicht gegen einzelne Verkehrsmittel\u201c, betonte Wenderoth weiter. Vielmehr fordere die Freie W\u00e4hlergemeinschaft (FWG) eine ausgewogene und pragmatische Verkehrspolitik, die die Interessen aller Verkehrsteilnehmer ber\u00fccksichtige und unterschiedliche Mobilit\u00e4tsformen sinnvoll miteinander verbinde.<\/p>\n<p>&#8211; Werbung &#8211; <a href=\"https:\/\/mainzund.de\/werben-auf-mainzund\/\/\" target=\"_blank\" rel=\"noopener nofollow\"><img loading=\"lazy\" decoding=\"async\" class=\"alignnone\" src=\"https:\/\/www.europesays.com\/de\/wp-content\/uploads\/2025\/04\/Banner-Tulpen-Text-neu-1068.jpg\" alt=\"Werben auf Mainz&amp;\" width=\"468\" height=\"60\"\/><\/a><\/p>\n<p>\u00a0<\/p>\n<p>FWG ruft zu Demo auf: \u201eInnenstadt muss weiter erreichbar sein\u201c<\/p>\n<p>Dazu geh\u00f6re eben auch, dass die Mainzer Innenstadt weiter gut erreichbar sei, dass die Interessen von Handel, Wirtschaft und Handwerk ber\u00fccksichtigt w\u00fcrden, und dass es realistische und praktikable L\u00f6sungen f\u00fcr die Mobilit\u00e4t der Zukunft gebe. \u201eMainz braucht keine Verkehrsideologie, sondern vern\u00fcnftige L\u00f6sungen\u201c, unterstrich Wenderoth, und forderte: \u201eDie Menschen m\u00fcssen bei Ver\u00e4nderungen mitgenommen werden, statt sie vor vollendete Tatsachen zu stellen.\u201c<\/p>\n<p><img loading=\"lazy\" decoding=\"async\" class=\"wp-image-60715\" src=\"https:\/\/www.europesays.com\/de\/wp-content\/uploads\/2026\/09\/Plakat-Freie-Waehler-Demo-Verkehr-300x300.png\" alt=\"Die Freie W\u00e4hlergemeinschaft ruft jetzt auch zur Demo gegen eine ideologisch orientierte Verkehrspolitik in Mainz auf, kommenden Mittwoch, vor der Stadtratssitzung. - Foto: FWG Mainz \" width=\"380\" height=\"379\"  \/>Die Freie W\u00e4hlergemeinschaft ruft jetzt auch zur Demo gegen eine ideologisch orientierte Verkehrspolitik in Mainz auf, kommenden Mittwoch, vor der Stadtratssitzung. \u2013 Foto: FWG Mainz<\/p>\n<p>An der aktuellen Verkehrspolitik gibt es derweil scharfe Kritik, so forderte gerade die Mainzer FDP sogar Oberb\u00fcrgermeister Nino Haase (parteilos) auf, gegen die radikale Verkehrspolitik der gr\u00fcnen Verkehrsdezernentin Janina Steinkr\u00fcger (Gr\u00fcne) einzugreifen. Die Einfahrtbeschr\u00e4nkungen im Bereich der Gro\u00dfen Bleiche h\u00e4tten die Verkehrsstr\u00f6me \u201eerheblich ver\u00e4ndert\u201c, im Zusammenspiel mit Baustellen seien \u201eweite Bereiche der Innenstadt kaum noch erreichbar\u201c, <a href=\"https:\/\/mainzund.de\/verkehr-in-mainz-fdp-fordert-haase-zum-eingreifen-auf-ob-muss-verkehrschaos-beenden-und-innenstadt-erreichbar-halten\/\" target=\"_blank\" rel=\"noopener nofollow\">kritisierte FDP-Chefin Susanne Glahn, und fordert<\/a>: OB Haase m\u00fcsse \u201edas Heft in die Hand nehmen und kurzfristig f\u00fcr Kl\u00e4rung und Ordnung sorgen.\u201c<\/p>\n<p>Kommende Woche werden die neuen Verkehrslenkungsma\u00dfnahmen wohl das Topthema im Landtag sein. Die FDP hat einen gleich 19 Punkte umfassenden Fragenkatalog zu der Sperrung der Gro\u00dfen Bleiche und ihren Auswirkungen eingereicht, und kritisierte dabei: \u201eVerkehrsberuhigung darf nicht bedeuten, dass die Mainzer Innenstadt nicht mehr erreichbar ist (\u2026) Eine Sperrung der Gro\u00dfen Bleiche kann nicht als Erfolg bewertet werden, wenn dadurch Wohnstra\u00dfen st\u00e4rker belastet, Schulwege gef\u00e4hrlicher oder zentrale \u00f6ffentliche Einrichtungen schlechter erreichbar werden.\u201c<\/p>\n<p>\u00a0<\/p>\n<p>Anfragen im Stadtrat zur Zufahrt des Landtags nach Mainz&amp;-Bericht<\/p>\n<p>CDU und AfD haben zudem Anfragen zur Blockade der Zufahrt zum Mainzer Landtag eingereicht \u2013 <a href=\"https:\/\/mainzund.de\/mainzer-landtag-wusste-nichts-von-der-sperrung-seiner-zufahrt-keine-beteiligung-keine-information-suchen-gespraech-mit-der-stadt-mainz\/\" target=\"_blank\" rel=\"noopener nofollow\">Mainz&amp; hatte exklusiv als erstes Medium berichtet<\/a>, dass dem Landtag die Zufahrt von der Gro\u00dfen Bleiche aus \u00fcber Nacht mit Pollern versperrt wurde. Auf Mainz&amp;-Anfrage hatte der Landtag mitgeteilt, von der Blockade der Zufahrt habe man nichts gewusst und sei auch nicht einmal dar\u00fcber informiert worden. das greifen nun gleich drei Parteien im Mainzer Stadtrat auf \u2013 allerdings ohne Mainz&amp; als Quelle zu nennen.<\/p>\n<p><img loading=\"lazy\" decoding=\"async\" class=\"wp-image-60561\" src=\"https:\/\/www.europesays.com\/de\/wp-content\/uploads\/2026\/08\/Poller-an-der-Zufahrt-Grosse-Bleiche-zum-Landtag-kleiner-300x225.jpg\" alt=\"Die Zufahrt des Mainzer Landtags von der Gro\u00dfen Bleiche wurde Anfang August pl\u00f6tzlich abgepollert. - Foto: gik \" width=\"380\" height=\"285\"  \/>Die Zufahrt des Mainzer Landtags von der Gro\u00dfen Bleiche wurde Anfang August pl\u00f6tzlich abgepollert. \u2013 Foto: gik<\/p>\n<p>Die CDU etwa fragt dabei auch: \u201ePlant die Verwaltung aufgrund der nun bestehenden Situation \u00c4nderungen an der Verkehrsf\u00fchrung oder den Pollern?\u201c Das k\u00f6nnte spannend werden, ist nach Mainz&amp;-Informationen doch der Unmut im Landtag, aber auch in der benachbarten Staatskanzlei \u00fcber die Blockade gro\u00df: Es d\u00fcrfte ein wohl einmaliger Vorgang sein, dass eine Stadtverwaltung den eigenen Ministerpr\u00e4sidenten in seiner Mobilit\u00e4t erheblich einschr\u00e4nkt.<\/p>\n<p>Aber auch in der Bev\u00f6lkerung ist der \u00c4rger \u00fcber die neuen Regelungen enorm, Anwohner des Bleichviertels sammeln derzeit Unterschriften f\u00fcr eine Aufhebung der Sperrung und haben <a href=\"https:\/\/www.openpetition.de\/petition\/online\/gegen-die-sperrung-fuer-den-motorisierten-individualverkehr-in-der-grossen-bleiche-in-mainz\" target=\"_blank\" rel=\"noopener nofollow\">auch eine Online-Petition gestartet<\/a>. Die Freie W\u00e4hler Gemeinschaft l\u00e4dt deshalb\u00a0 nun zur Kundgebung vor der Stadtratssitzung am 09. September 2026. \u201eWir laden alle B\u00fcrger ein, am Mittwoch, 9. September 2026, ihre Meinung friedlich, sachlich und demokratisch neben dem Mainzer Schloss zum Ausdruck zu bringen, und gemeinsam ein Zeichen f\u00fcr eine ausgewogene Verkehrspolitik zu setzen\u201c, sagte Wenderoth.<\/p>\n<p>Zwischen 14.00 Uhr und 15.00 Uhr soll nun f\u00fcr eine \u201eVerkehrspolitik mit Augenma\u00df statt Ideologie\u201c demonstriert werden. Man wolle auf die zunehmenden Probleme der Mainzer Verkehrspolitik aufmerksam machen, und den Verantwortlichen im Rathaus \u201edie Gelegenheit geben, die Anliegen der B\u00fcrgerinnen und B\u00fcrger unmittelbar wahrzunehmen\u201c, hei\u00dft es im Aufruf weiter. Die Stadtratssitzung beginnt um 15.00 Uhr im Kurf\u00fcrstlichen Schloss, die Kundgebung findet neben dem Kurf\u00fcrstlichen Schloss in der Diether-von-Isenburg-Stra\u00dfe, an der Ecke zum Parkplatz am Justizministerium statt.<\/p>\n<p><strong>Info&amp; auf Mainz&amp;:<\/strong> Mehr zu dem Thema Verkehrschaos im Bleichenviertel und Sperrung der gro\u00dfen Bleiche k\u00f6nnt Ihr <a href=\"https:\/\/mainzund.de\/verkehrschaos-im-mainzer-bleichenviertel-ploetzlich-einbahnstrasse-scharfe-kritik-an-verschiebebahnhof-online-petition-gestartet\/\" target=\"_blank\" rel=\"noopener nofollow\">noch einmal hier bei Mainz&amp; nachlesen<\/a>.<\/p>\n<blockquote class=\"wp-embedded-content\" data-secret=\"Oqgi8snLGG\">\n<p><a href=\"https:\/\/mainzund.de\/verkehrschaos-im-mainzer-bleichenviertel-ploetzlich-einbahnstrasse-scharfe-kritik-an-verschiebebahnhof-online-petition-gestartet\/\" rel=\"nofollow noopener\" target=\"_blank\">Verkehrschaos im Mainzer Bleichenviertel: Pl\u00f6tzlich Einbahnstra\u00dfe \u2013 Scharfe Kritik an Steinkr\u00fcgers \u201eVerschiebebahnhof\u201c durch Modalfilter<\/a><\/p>\n<\/blockquote>\n<p>\u00a0<\/p>\n","protected":false},"excerpt":{"rendered":"Die Verkehrspolitik in Mainz ist derzeit das absolute Topthema, seit der Sperrung der Gro\u00dfen Bleiche zum Rhein hin&hellip;\n","protected":false},"author":2,"featured_media":1280459,"comment_status":"","ping_status":"","sticky":false,"template":"","format":"standard","meta":{"footnotes":"","_share_on_mastodon":"0"},"categories":[1847],"tags":[3364,29,548,663,3934,30,13,2052,262590,14,15,12,262592,90139,4544],"class_list":["post-1280458","post","type-post","status-publish","format-standard","has-post-thumbnail","category-wiesbaden","tag-de","tag-deutschland","tag-eu","tag-europa","tag-europe","tag-germany","tag-headlines","tag-hessen","tag-modalfilter","tag-nachrichten","tag-news","tag-schlagzeilen","tag-sperrung-grosse-bleiche","tag-verkehr-in-mainz","tag-wiesbaden"],"share_on_mastodon":{"url":"","error":""},"_links":{"self":[{"href":"https:\/\/www.europesays.com\/de\/wp-json\/wp\/v2\/posts\/1280458","targetHints":{"allow":["GET"]}}],"collection":[{"href":"https:\/\/www.europesays.com\/de\/wp-json\/wp\/v2\/posts"}],"about":[{"href":"https:\/\/www.europesays.com\/de\/wp-json\/wp\/v2\/types\/post"}],"author":[{"embeddable":true,"href":"https:\/\/www.europesays.com\/de\/wp-json\/wp\/v2\/users\/2"}],"replies":[{"embeddable":true,"href":"https:\/\/www.europesays.com\/de\/wp-json\/wp\/v2\/comments?post=1280458"}],"version-history":[{"count":0,"href":"https:\/\/www.europesays.com\/de\/wp-json\/wp\/v2\/posts\/1280458\/revisions"}],"wp:featuredmedia":[{"embeddable":true,"href":"https:\/\/www.europesays.com\/de\/wp-json\/wp\/v2\/media\/1280459"}],"wp:attachment":[{"href":"https:\/\/www.europesays.com\/de\/wp-json\/wp\/v2\/media?parent=1280458"}],"wp:term":[{"taxonomy":"category","embeddable":true,"href":"https:\/\/www.europesays.com\/de\/wp-json\/wp\/v2\/categories?post=1280458"},{"taxonomy":"post_tag","embeddable":true,"href":"https:\/\/www.europesays.com\/de\/wp-json\/wp\/v2\/tags?post=1280458"}],"curies":[{"name":"wp","href":"https:\/\/api.w.org\/{rel}","templated":true}]}}