{"id":1280460,"date":"2026-09-04T15:59:31","date_gmt":"2026-09-04T15:59:31","guid":{"rendered":"https:\/\/www.europesays.com\/de\/1280460\/"},"modified":"2026-09-04T15:59:31","modified_gmt":"2026-09-04T15:59:31","slug":"pfersee-stadt-augsburg-verhindert-gelaender-fuer-senioren-aus-haftungsgruenden-2","status":"publish","type":"post","link":"https:\/\/www.europesays.com\/de\/1280460\/","title":{"rendered":"Pfersee: Stadt Augsburg verhindert Gel\u00e4nder f\u00fcr Senioren aus Haftungsgr\u00fcnden"},"content":{"rendered":"<p class=\"mb-6 text-xs-varying md:text-m lg:text-l font-serif group-[.font-sans]:font-sans \">\n    Die Badestelle am M\u00fchlbach in <a href=\"https:\/\/augsburger-allgemeine.de\/augsburg\/ort\/Pfersee\" target=\"_self\" class=\"underline \" rel=\"nofollow noopener\">Pfersee<\/a> gegen\u00fcber dem Spielplatz Luitpoldstra\u00dfe ist an hei\u00dfen Tagen ein beliebter Treffpunkt. Famillien mit Kindern spielen im flachen Wasser, oberhalb des Bachs sitzen Menschen auf Sitzsteinen, machen Picknick oder genie\u00dfen einfach nur den Schatten unter den B\u00e4umen. Auch Senioren lieben diesen Platz. Doch f\u00fcr sie gibt es ein Problem. Aufgrund der hohen, steilen Treppenstufen gibt es keine M\u00f6glichkeit, sicher ins Wasser zu gelangen. <a href=\"https:\/\/www.augsburger-allgemeine.de\/augsburg\/stadt-augsburg-blockt-buergerwunsch-aus-pfersee-ab-110618912\" target=\"_self\" class=\"underline \" rel=\"nofollow noopener\">Ein einfaches Gel\u00e4nder w\u00e4re die L\u00f6sung \u2013 doch die Stadt Augsburg stellt sich quer.<\/a>\n  <\/p>\n","protected":false},"excerpt":{"rendered":"Die Badestelle am M\u00fchlbach in Pfersee gegen\u00fcber dem Spielplatz Luitpoldstra\u00dfe ist an hei\u00dfen Tagen ein beliebter Treffpunkt. Famillien&hellip;\n","protected":false},"author":2,"featured_media":1271946,"comment_status":"","ping_status":"","sticky":false,"template":"","format":"standard","meta":{"footnotes":"","_share_on_mastodon":"0"},"categories":[1846],"tags":[680,42852,772,3364,29,548,663,3934,18858,30,13,55316,179275,14,15,141371,12,137983],"class_list":["post-1280460","post","type-post","status-publish","format-standard","has-post-thumbnail","category-augsburg","tag-augsburg","tag-badestelle","tag-bayern","tag-de","tag-deutschland","tag-eu","tag-europa","tag-europe","tag-gelaender","tag-germany","tag-headlines","tag-luitpoldstrasse","tag-muehlbach","tag-nachrichten","tag-news","tag-pfersee","tag-schlagzeilen","tag-steffen-kercher"],"share_on_mastodon":{"url":"https:\/\/pubeurope.com\/@de\/117213604462321822","error":""},"_links":{"self":[{"href":"https:\/\/www.europesays.com\/de\/wp-json\/wp\/v2\/posts\/1280460","targetHints":{"allow":["GET"]}}],"collection":[{"href":"https:\/\/www.europesays.com\/de\/wp-json\/wp\/v2\/posts"}],"about":[{"href":"https:\/\/www.europesays.com\/de\/wp-json\/wp\/v2\/types\/post"}],"author":[{"embeddable":true,"href":"https:\/\/www.europesays.com\/de\/wp-json\/wp\/v2\/users\/2"}],"replies":[{"embeddable":true,"href":"https:\/\/www.europesays.com\/de\/wp-json\/wp\/v2\/comments?post=1280460"}],"version-history":[{"count":0,"href":"https:\/\/www.europesays.com\/de\/wp-json\/wp\/v2\/posts\/1280460\/revisions"}],"wp:featuredmedia":[{"embeddable":true,"href":"https:\/\/www.europesays.com\/de\/wp-json\/wp\/v2\/media\/1271946"}],"wp:attachment":[{"href":"https:\/\/www.europesays.com\/de\/wp-json\/wp\/v2\/media?parent=1280460"}],"wp:term":[{"taxonomy":"category","embeddable":true,"href":"https:\/\/www.europesays.com\/de\/wp-json\/wp\/v2\/categories?post=1280460"},{"taxonomy":"post_tag","embeddable":true,"href":"https:\/\/www.europesays.com\/de\/wp-json\/wp\/v2\/tags?post=1280460"}],"curies":[{"name":"wp","href":"https:\/\/api.w.org\/{rel}","templated":true}]}}