{"id":1280463,"date":"2026-09-04T16:06:17","date_gmt":"2026-09-04T16:06:17","guid":{"rendered":"https:\/\/www.europesays.com\/de\/1280463\/"},"modified":"2026-09-04T16:06:17","modified_gmt":"2026-09-04T16:06:17","slug":"atoll-festival-zieht-zirkusartisten-aus-ganz-europa-an-karlsruhe","status":"publish","type":"post","link":"https:\/\/www.europesays.com\/de\/1280463\/","title":{"rendered":"ATOLL-Festival zieht Zirkusartisten aus ganz Europa an &#8211; Karlsruhe"},"content":{"rendered":"<p class=\"rhp-dpa-teaser\"><b>Zirkuskunst der Spitzenklasse bietet das elfte ATOLL-Festival des Kulturzentrums Tollhaus in Karlsruhe   vom 17. bis 27. September in 46 Vorstellungen .<\/b><\/p>\n<p>Das Festival-Credo lautet: Der Zirkus erz\u00e4hlt ber\u00fchrende Geschichten, die Gemeinschaft feiert und mit atemberaubender Kunst die Menschen fesselt. In diesem Jahr pr\u00e4sentiert das ATOLL-Festival   K\u00fcnstler aus neun L\u00e4ndern <a class=\"rtr-entity\" data-rtr-entity=\"Europa\" data-rtr-id=\"39e7f7fa764abfffb19d8f1651d69023170e7664\" data-rtr-score=\"28.985595147839273\" data-rtr-etype=\"location\" data-rtr-index=\"32\" href=\"https:\/\/www.rheinpfalz.de\/themen\/europa\" rel=\"nofollow noopener\" target=\"_blank\">Europas<\/a> und <a class=\"rtr-entity\" data-rtr-entity=\"Afrika\" data-rtr-id=\"575dc4aff2bbf326c9a2f3b9dc4649c4c892aca6\" data-rtr-score=\"7.232752084912812\" data-rtr-etype=\"location\" data-rtr-index=\"33\" href=\"https:\/\/www.rheinpfalz.de\/themen\/afrika\" rel=\"nofollow noopener\" target=\"_blank\">Afrikas<\/a>, wie es in einer Mitteilung des Veranstalters hei\u00dft.<\/p>\n<p class=\"rhp-teaser\"><b>Zirkuskunst der Spitzenklasse bietet das elfte ATOLL-Festival des Kulturzentrums Tollhaus in Karlsruhe   vom 17. bis 27. September in 46 Vorstellungen .<\/b><\/p>\n","protected":false},"excerpt":{"rendered":"Zirkuskunst der Spitzenklasse bietet das elfte ATOLL-Festival des Kulturzentrums Tollhaus in Karlsruhe vom 17. bis 27. September in&hellip;\n","protected":false},"author":2,"featured_media":1280464,"comment_status":"","ping_status":"","sticky":false,"template":"","format":"standard","meta":{"footnotes":"","_share_on_mastodon":"0"},"categories":[1844],"tags":[16302,1634,4915,1423,3364,29,663,156,30,551,355,264220,8903,11142,4060,3876,525,965,264221,30424,293,4026],"class_list":["post-1280463","post","type-post","status-publish","format-standard","has-post-thumbnail","category-karlsruhe","tag-afrika","tag-baden-wuerttemberg","tag-barcelona","tag-belgien","tag-de","tag-deutschland","tag-europa","tag-frankreich","tag-germany","tag-grossbritannien","tag-italien","tag-julia-campistany","tag-karlsruhe","tag-katalonien","tag-lokal","tag-marokko","tag-mitte","tag-niederlande","tag-raphaelle-boitel","tag-rotterdam","tag-schweiz","tag-spanien"],"share_on_mastodon":{"url":"https:\/\/pubeurope.com\/@de\/117213632295108276","error":""},"_links":{"self":[{"href":"https:\/\/www.europesays.com\/de\/wp-json\/wp\/v2\/posts\/1280463","targetHints":{"allow":["GET"]}}],"collection":[{"href":"https:\/\/www.europesays.com\/de\/wp-json\/wp\/v2\/posts"}],"about":[{"href":"https:\/\/www.europesays.com\/de\/wp-json\/wp\/v2\/types\/post"}],"author":[{"embeddable":true,"href":"https:\/\/www.europesays.com\/de\/wp-json\/wp\/v2\/users\/2"}],"replies":[{"embeddable":true,"href":"https:\/\/www.europesays.com\/de\/wp-json\/wp\/v2\/comments?post=1280463"}],"version-history":[{"count":0,"href":"https:\/\/www.europesays.com\/de\/wp-json\/wp\/v2\/posts\/1280463\/revisions"}],"wp:featuredmedia":[{"embeddable":true,"href":"https:\/\/www.europesays.com\/de\/wp-json\/wp\/v2\/media\/1280464"}],"wp:attachment":[{"href":"https:\/\/www.europesays.com\/de\/wp-json\/wp\/v2\/media?parent=1280463"}],"wp:term":[{"taxonomy":"category","embeddable":true,"href":"https:\/\/www.europesays.com\/de\/wp-json\/wp\/v2\/categories?post=1280463"},{"taxonomy":"post_tag","embeddable":true,"href":"https:\/\/www.europesays.com\/de\/wp-json\/wp\/v2\/tags?post=1280463"}],"curies":[{"name":"wp","href":"https:\/\/api.w.org\/{rel}","templated":true}]}}