{"id":1280475,"date":"2026-09-04T16:13:20","date_gmt":"2026-09-04T16:13:20","guid":{"rendered":"https:\/\/www.europesays.com\/de\/1280475\/"},"modified":"2026-09-04T16:13:20","modified_gmt":"2026-09-04T16:13:20","slug":"20-prozent-gehen-in-rente-bergischer-arbeitsmarkt-steht-vor-dem-umbruch","status":"publish","type":"post","link":"https:\/\/www.europesays.com\/de\/1280475\/","title":{"rendered":"20 Prozent gehen in Rente: Bergischer Arbeitsmarkt steht vor dem Umbruch"},"content":{"rendered":"<p class=\"text_ohne_einzug richtext text-em-55 !leading-serif mx-6 desktop:mx-0\">Dem Bergischen Land steht in den kommenden f\u00fcnf Jahren ein erheblicher personeller Umbruch bevor: Rund 20 Prozent der Arbeitnehmer der Region werden in diesem Zeitraum in Rente gehen. Gleichzeitig fallen in Teilen der Industrie Arbeitspl\u00e4tze weg, Ausbildungspl\u00e4tze werden weniger. Bei einer Arbeitsmarktkonferenz in Wuppertal haben NRW-Arbeitsminister Karl-Josef Laumann (CDU), die Bundesagentur f\u00fcr Arbeit und regionale Akteure deshalb dar\u00fcber beraten, wie Besch\u00e4ftigte schneller f\u00fcr neue T\u00e4tigkeiten qualifiziert und junge Menschen motiviert werden k\u00f6nnen.<\/p>\n","protected":false},"excerpt":{"rendered":"Dem Bergischen Land steht in den kommenden f\u00fcnf Jahren ein erheblicher personeller Umbruch bevor: Rund 20 Prozent der&hellip;\n","protected":false},"author":2,"featured_media":1280476,"comment_status":"","ping_status":"","sticky":false,"template":"","format":"standard","meta":{"footnotes":"","_share_on_mastodon":"0"},"categories":[1840],"tags":[620,264222,147164,582,18722,3364,29,30,54,54615,57375,1209,5399,264223,183227,47853,61657,379,13559,14156,4418],"class_list":["post-1280475","post","type-post","status-publish","format-standard","has-post-thumbnail","category-wuppertal","tag-arbeitsmarkt","tag-arbeitsmarktkonferenz","tag-arbeitsverwaltung","tag-automobilindustrie","tag-beschaeftigte","tag-de","tag-deutschland","tag-germany","tag-industrie","tag-industrielle","tag-karl-josef-laumann","tag-nordrhein-westfalen","tag-region","tag-regionalagentur","tag-regionaldirektion","tag-regionale","tag-regionalen","tag-rente","tag-staerker","tag-umbruch","tag-wuppertal"],"share_on_mastodon":{"url":"https:\/\/pubeurope.com\/@de\/117213659594382046","error":""},"_links":{"self":[{"href":"https:\/\/www.europesays.com\/de\/wp-json\/wp\/v2\/posts\/1280475","targetHints":{"allow":["GET"]}}],"collection":[{"href":"https:\/\/www.europesays.com\/de\/wp-json\/wp\/v2\/posts"}],"about":[{"href":"https:\/\/www.europesays.com\/de\/wp-json\/wp\/v2\/types\/post"}],"author":[{"embeddable":true,"href":"https:\/\/www.europesays.com\/de\/wp-json\/wp\/v2\/users\/2"}],"replies":[{"embeddable":true,"href":"https:\/\/www.europesays.com\/de\/wp-json\/wp\/v2\/comments?post=1280475"}],"version-history":[{"count":0,"href":"https:\/\/www.europesays.com\/de\/wp-json\/wp\/v2\/posts\/1280475\/revisions"}],"wp:featuredmedia":[{"embeddable":true,"href":"https:\/\/www.europesays.com\/de\/wp-json\/wp\/v2\/media\/1280476"}],"wp:attachment":[{"href":"https:\/\/www.europesays.com\/de\/wp-json\/wp\/v2\/media?parent=1280475"}],"wp:term":[{"taxonomy":"category","embeddable":true,"href":"https:\/\/www.europesays.com\/de\/wp-json\/wp\/v2\/categories?post=1280475"},{"taxonomy":"post_tag","embeddable":true,"href":"https:\/\/www.europesays.com\/de\/wp-json\/wp\/v2\/tags?post=1280475"}],"curies":[{"name":"wp","href":"https:\/\/api.w.org\/{rel}","templated":true}]}}