{"id":1280507,"date":"2026-09-04T16:33:20","date_gmt":"2026-09-04T16:33:20","guid":{"rendered":"https:\/\/www.europesays.com\/de\/1280507\/"},"modified":"2026-09-04T16:33:20","modified_gmt":"2026-09-04T16:33:20","slug":"blaue-nacht-in-nuernberg-buerger-entscheiden-ueber-neuen-ort-der-grossprojektion","status":"publish","type":"post","link":"https:\/\/www.europesays.com\/de\/1280507\/","title":{"rendered":"Blaue Nacht in N\u00fcrnberg: B\u00fcrger entscheiden \u00fcber neuen Ort der Gro\u00dfprojektion"},"content":{"rendered":"<p class=\"em_text\"><strong>Die Vorbereitungen f\u00fcr die Blaue Nacht laufen an: Am  24. April 2027 zeigen sich N\u00fcrnberger Kunst- und Kulturinstitutionen in der Altstadt unter dem Motto \u201eDer Sonne so nah\u201c in ihrer Vielseitigkeit. Nach mehr als einem Vierteljahrhundert hat die Stadt ein neues Konzept. Dazu z\u00e4hlt auch ein neuer Standort f\u00fcr die Gro\u00dfprojektion. B\u00fcrger k\u00f6nnen im Internet ein Geb\u00e4ude daf\u00fcr ausw\u00e4hlen. <\/strong><\/p>\n<p>Bereits am Freitag, 23. April, er\u00f6ffnet der Internationale Blaue-Nacht-Kunstwettbewerb als Preview das Festival im n\u00e4chsten Jahr.  Wie die Stadt mitteilt, st\u00e4rkt ein weiterentwickeltes Konzept  die Bespielung des \u00f6ffentlichen Raums und  schafft neue Begegnungsorte.  Und: Die Gro\u00dfprojektion verl\u00e4sst die Burg. <\/p>\n<p>Lesen Sie auch: <a href=\"https:\/\/www.mittelbayerische.de\/lokales\/region-nuernberg\/in-nuernberg-koennen-besucher-hautnah-miterleben-wie-urbane-kunst-entsteht-21908318\" target=\"_blank\" rel=\"nofollow noopener\">In N\u00fcrnberg k\u00f6nnen Besucher hautnah miterleben, wie urbane Kunst entsteht<\/a><\/p>\n<p>Seit 2003 pr\u00e4gt die gro\u00dfformatige Projektion auf die Kaiserburg das Bild der Blauen Nacht. Im Jahr 2027 wird die Gro\u00dfprojektion erstmals an einem anderen Ort in der N\u00fcrnberger Altstadt gezeigt. <\/p>\n<p>    Jeder kann mitmachen und abstimmen<\/p>\n<p class=\"em_text\"> Wohin die Projektion wandert, entscheiden B\u00fcrger und Freunde der Blauen Nacht selbst. Zur Wahl stehen drei markante Geb\u00e4ude. Abgestimmt werden kann nach Angaben der Stadt ab sofort bis Montag, 21. September, auf der Webseite www.nuernberg.de\/internet\/buergerbeteiligung\/online_voting_ blaue_nacht.html.<\/p>\n<p>    Diese Geb\u00e4ude in N\u00fcrnberg stehen zur Wahl<\/p>\n<p class=\"em_text\">EM-eukal-Haus: Die wei\u00dfe, glatte Oberfl\u00e4che des denkmalgesch\u00fctzten Baus am Kornmarkt erlaubt es nach Ansicht der Stadt, die Kunst in den Vordergrund zu stellen. Filme oder Illustrationen werden hier gut sichtbar.<\/p>\n<p><a href=\"https:\/\/www.europesays.com\/de\/wp-content\/uploads\/2026\/09\/7f8afbd9187e-29-142369349.jpg\" title=\"EM-eukal-Haus - Foto: Uwe Niklas\" class=\"use-fancybox\" data-fancybox=\"images\" data-caption=\"EM-eukal-Haus - Foto: Uwe Niklas\">                        <\/p>\n<p>    <img decoding=\"async\" aria-hidden=\"true\" loading=\"lazy\" onload=\"this.parentNode.style.backgroundColor=\" transparent=\"\" alt=\"\" src=\"https:\/\/www.europesays.com\/de\/wp-content\/uploads\/2026\/09\/7f8afbd9187e-29-142369349.jpg\" class=\"figure-img img-fluid margin-bottom-0 initiated show  h-100 \" width=\"1430\" height=\"919\"\/><\/p>\n<p>            <\/a><\/p>\n<p>        EM-eukal-Haus &#8211; Foto: Uwe Niklas<\/p>\n<p class=\"em_text\">Kirche St. Lorenz: Die fein gegliederte Fassade der Kirche l\u00e4dt dazu ein, k\u00fcnstlerisch mit der Architektur zu spielen. Die Gestalt der Kirche kann ver\u00e4ndert, verschoben und neu erlebt werden, beschreibt die Stadt N\u00fcrnberg die Gegebenheiten.<\/p>\n<p><a href=\"https:\/\/www.europesays.com\/de\/wp-content\/uploads\/2026\/09\/c1dbec84a094-29-142369350.jpg\" title=\"Lorenzkirche - Foto: Uwe Niklas\" class=\"use-fancybox\" data-fancybox=\"images\" data-caption=\"Lorenzkirche - Foto: Uwe Niklas\">                        <\/p>\n<p>    <img decoding=\"async\" aria-hidden=\"true\" loading=\"lazy\" onload=\"this.parentNode.style.backgroundColor=\" transparent=\"\" alt=\"\" src=\"https:\/\/www.europesays.com\/de\/wp-content\/uploads\/2026\/09\/c1dbec84a094-29-142369350.jpg\" class=\"figure-img img-fluid margin-bottom-0 initiated show  h-100 \" width=\"1286\" height=\"827\"\/><\/p>\n<p>            <\/a><\/p>\n<p>        Lorenzkirche &#8211; Foto: Uwe Niklas<\/p>\n<p class=\"em_text\">Kirche St. Elisabeth: Das Portal der Elisabethkirche am Jakobsplatz erlaubt nach Auffassung der Stadt beides: das Spiel mit einer gestalteten Architektur wie auch k\u00fcnstlerische Projektionen auf ruhige Fl\u00e4chen.<\/p>\n<p><a href=\"https:\/\/www.europesays.com\/de\/wp-content\/uploads\/2026\/09\/5088e0dcca8f-29-142369351.jpg\" title=\"Elisabethkirche - Foto: Uwe Niklas\" class=\"use-fancybox\" data-fancybox=\"images\" data-caption=\"Elisabethkirche - Foto: Uwe Niklas\">                        <\/p>\n<p>    <img decoding=\"async\" aria-hidden=\"true\" loading=\"lazy\" onload=\"this.parentNode.style.backgroundColor=\" transparent=\"\" alt=\"\" src=\"https:\/\/www.europesays.com\/de\/wp-content\/uploads\/2026\/09\/5088e0dcca8f-29-142369351.jpg\" class=\"figure-img img-fluid margin-bottom-0 initiated show  h-100 \" width=\"1548\" height=\"995\"\/><\/p>\n<p>            <\/a><\/p>\n<p>        Elisabethkirche &#8211; Foto: Uwe Niklas<\/p>\n<p class=\"em_text\">Auch k\u00fcnftig soll die Gro\u00dfprojektion regelm\u00e4\u00dfig ihren Ort wechseln und so unterschiedliche charakteristische Geb\u00e4ude der Altstadt in den Fokus r\u00fccken. Oberb\u00fcrgermeister Marcus K\u00f6nig sagt: \u201eMit der Entscheidung, die Gro\u00dfprojektion erstmals an einen neuen Ort zu bringen und die B\u00fcrgerinnen und B\u00fcrger dar\u00fcber abstimmen zu lassen, verbinden wir Bew\u00e4hrtes mit Neuem. Ich lade alle N\u00fcrnbergerinnen und N\u00fcrnberger ein, mit ihrer Stimme die Blaue Nacht mitzugestalten.\u201c<\/p>\n<p>Die N\u00fcrnberger Versicherung engagiert sich erneut als Hauptsponsor der Blauen Nacht und unterst\u00fctzt die Gro\u00dfprojektion. \u201e Dass die N\u00fcrnbergerinnen und N\u00fcrnberger erstmals selbst \u00fcber den Standort der Gro\u00dfprojektion entscheiden k\u00f6nnen, macht das Festival noch st\u00e4rker zu einem Gemeinschaftsprojekt f\u00fcr die ganze Stadt. Als langj\u00e4hriger Hauptsponsor freuen wir uns, diesen neuen Ansatz zu begleiten und dazu beizutragen, Kultur f\u00fcr viele Menschen erlebbar zu machen\u201c, erg\u00e4nzt Vorstandsmitglied Andreas Politycki.<\/p>\n<p>    Das Thema f\u00fcr 2027 in N\u00fcrnberg lautet \u201eDer Sonne so nah\u201c<\/p>\n<p class=\"em_text\">Die Blaue Nacht 2027 und der begleitende Internationale Kunstwettbewerb stehen der Stadt zufolge unter dem vom Ikaros-Mythos inspirierten Titel \u201eDer Sonne so nah\u201c. Der griechische Mythos von Daidalos und Ikaros erz\u00e4hle vom Wunsch nach Freiheit, von Kreativit\u00e4t und Grenz\u00fcberschreitung. <\/p>\n<p>    Wo es blau ist, ist was los<\/p>\n<p class=\"em_text\">Auch die Bespielung des \u00f6ffentlichen Raums entwickelt sich weiter. Der Schwerpunkt der Blauen Nacht soll sich  vom Hauptmarkt in Richtung Lorenzer Altstadt mit ihren gro\u00dfen Kulturinstitutionen verlagern. Geplant sind laut Stadt zudem mehrere in Blau getauchte Kulturinseln auf Pl\u00e4tzen der Altstadt und  an Veranstaltungsorten. Zum Thema \u201eDer Sonne so nah\u201c sind Sonderprogramme zu erleben. Die Blaue Nacht findet dort statt, wo Geb\u00e4ude blau beleuchtet sind: 2027 hebt die Farbe Blau gezielt die beteiligten Kulturorte hervor.<\/p>\n","protected":false},"excerpt":{"rendered":"Die Vorbereitungen f\u00fcr die Blaue Nacht laufen an: Am 24. April 2027 zeigen sich N\u00fcrnberger Kunst- und Kulturinstitutionen&hellip;\n","protected":false},"author":2,"featured_media":1280508,"comment_status":"","ping_status":"","sticky":false,"template":"","format":"standard","meta":{"footnotes":"","_share_on_mastodon":"0"},"categories":[1837],"tags":[772,3364,29,30,3783],"class_list":["post-1280507","post","type-post","status-publish","format-standard","has-post-thumbnail","category-nuernberg","tag-bayern","tag-de","tag-deutschland","tag-germany","tag-nuernberg"],"share_on_mastodon":{"url":"https:\/\/pubeurope.com\/@de\/117213741057380879","error":""},"_links":{"self":[{"href":"https:\/\/www.europesays.com\/de\/wp-json\/wp\/v2\/posts\/1280507","targetHints":{"allow":["GET"]}}],"collection":[{"href":"https:\/\/www.europesays.com\/de\/wp-json\/wp\/v2\/posts"}],"about":[{"href":"https:\/\/www.europesays.com\/de\/wp-json\/wp\/v2\/types\/post"}],"author":[{"embeddable":true,"href":"https:\/\/www.europesays.com\/de\/wp-json\/wp\/v2\/users\/2"}],"replies":[{"embeddable":true,"href":"https:\/\/www.europesays.com\/de\/wp-json\/wp\/v2\/comments?post=1280507"}],"version-history":[{"count":0,"href":"https:\/\/www.europesays.com\/de\/wp-json\/wp\/v2\/posts\/1280507\/revisions"}],"wp:featuredmedia":[{"embeddable":true,"href":"https:\/\/www.europesays.com\/de\/wp-json\/wp\/v2\/media\/1280508"}],"wp:attachment":[{"href":"https:\/\/www.europesays.com\/de\/wp-json\/wp\/v2\/media?parent=1280507"}],"wp:term":[{"taxonomy":"category","embeddable":true,"href":"https:\/\/www.europesays.com\/de\/wp-json\/wp\/v2\/categories?post=1280507"},{"taxonomy":"post_tag","embeddable":true,"href":"https:\/\/www.europesays.com\/de\/wp-json\/wp\/v2\/tags?post=1280507"}],"curies":[{"name":"wp","href":"https:\/\/api.w.org\/{rel}","templated":true}]}}