{"id":1280509,"date":"2026-09-04T16:34:20","date_gmt":"2026-09-04T16:34:20","guid":{"rendered":"https:\/\/www.europesays.com\/de\/1280509\/"},"modified":"2026-09-04T16:34:20","modified_gmt":"2026-09-04T16:34:20","slug":"schlagerstars-hochseil-spektakel-und-promis-die-bilder-der-volksfestparty-in-nuernberg","status":"publish","type":"post","link":"https:\/\/www.europesays.com\/de\/1280509\/","title":{"rendered":"Schlagerstars, Hochseil-Spektakel und Promis: Die Bilder der Volksfestparty in N\u00fcrnberg"},"content":{"rendered":"<p>            <img decoding=\"async\" alt=\"Inhalt wird geladen\" src=\"https:\/\/www.europesays.com\/de\/wp-content\/uploads\/2025\/10\/loader.gif\"\/><\/p>\n<p>                <img decoding=\"async\" src=\"https:\/\/www.nn.de\/img\/nn\/icons\/nn_plus_icon.svg\" alt=\"NN+\"\/><\/p>\n<p class=\"headline headline--h6 c-secondary\">So wurde gefeiert<\/p>\n<p>                                                Schlagerstars, Hochseil-Spektakel und Promis: Die Bilder der Volksfestparty in N\u00fcrnberg<br \/>\n                                                    20 Bilder<\/p>\n<p class=\"article__teaser\">\n                            Das N\u00fcrnberger Volksfest wird 200 Jahre alt. Das wurde jetzt ordentlich gefeiert. Mit regionalen Promis und spektakul\u00e4ren Aktionen. Wir haben die sch\u00f6nsten Bilder des Abends f\u00fcr Sie.\n                        <\/p>\n<p>                    04.09.2026, 18:01 Uhr<\/p>\n<p>                                    <img decoding=\"async\" loading=\"lazy\" src=\"https:\/\/www.europesays.com\/de\/wp-content\/uploads\/2026\/09\/Birthday_Party78531.jpg\" alt=\"Passend im Retro-Stil zur Historienausstellung: Das Schlagerduo Vanessa Neigert und Giovanni Weisheit.\" class=\" aspect-ratio-16-9\" title=\"Passend im Retro-Stil zur Historienausstellung: Das Schlagerduo Vanessa Neigert und Giovanni Weisheit.\" data-id=\"115266328\"\/><\/p>\n<p>Passend im Retro-Stil zur Historienausstellung: Das Schlagerduo Vanessa Neigert und Giovanni Weisheit.                            \u00a9 Volkest N\u00fcrnberg\/Schober\n                    <\/p>\n<p>                                                                            Zur Startseite<\/p>\n","protected":false},"excerpt":{"rendered":"So wurde gefeiert Schlagerstars, Hochseil-Spektakel und Promis: Die Bilder der Volksfestparty in N\u00fcrnberg 20 Bilder Das N\u00fcrnberger Volksfest&hellip;\n","protected":false},"author":2,"featured_media":1280510,"comment_status":"","ping_status":"","sticky":false,"template":"","format":"standard","meta":{"footnotes":"","_share_on_mastodon":"0"},"categories":[1837],"tags":[772,3364,29,30,3783],"class_list":["post-1280509","post","type-post","status-publish","format-standard","has-post-thumbnail","category-nuernberg","tag-bayern","tag-de","tag-deutschland","tag-germany","tag-nuernberg"],"share_on_mastodon":{"url":"https:\/\/pubeurope.com\/@de\/117213742419138125","error":""},"_links":{"self":[{"href":"https:\/\/www.europesays.com\/de\/wp-json\/wp\/v2\/posts\/1280509","targetHints":{"allow":["GET"]}}],"collection":[{"href":"https:\/\/www.europesays.com\/de\/wp-json\/wp\/v2\/posts"}],"about":[{"href":"https:\/\/www.europesays.com\/de\/wp-json\/wp\/v2\/types\/post"}],"author":[{"embeddable":true,"href":"https:\/\/www.europesays.com\/de\/wp-json\/wp\/v2\/users\/2"}],"replies":[{"embeddable":true,"href":"https:\/\/www.europesays.com\/de\/wp-json\/wp\/v2\/comments?post=1280509"}],"version-history":[{"count":0,"href":"https:\/\/www.europesays.com\/de\/wp-json\/wp\/v2\/posts\/1280509\/revisions"}],"wp:featuredmedia":[{"embeddable":true,"href":"https:\/\/www.europesays.com\/de\/wp-json\/wp\/v2\/media\/1280510"}],"wp:attachment":[{"href":"https:\/\/www.europesays.com\/de\/wp-json\/wp\/v2\/media?parent=1280509"}],"wp:term":[{"taxonomy":"category","embeddable":true,"href":"https:\/\/www.europesays.com\/de\/wp-json\/wp\/v2\/categories?post=1280509"},{"taxonomy":"post_tag","embeddable":true,"href":"https:\/\/www.europesays.com\/de\/wp-json\/wp\/v2\/tags?post=1280509"}],"curies":[{"name":"wp","href":"https:\/\/api.w.org\/{rel}","templated":true}]}}