{"id":1280514,"date":"2026-09-04T16:38:26","date_gmt":"2026-09-04T16:38:26","guid":{"rendered":"https:\/\/www.europesays.com\/de\/1280514\/"},"modified":"2026-09-04T16:38:26","modified_gmt":"2026-09-04T16:38:26","slug":"doppelte-chor-power-in-der-st-pauli-ruine","status":"publish","type":"post","link":"https:\/\/www.europesays.com\/de\/1280514\/","title":{"rendered":"Doppelte Chor-Power in der St.-Pauli-Ruine"},"content":{"rendered":"<p>Am Wochenende stehen in der St.-Pauli-Ruine zwei Chorjubil\u00e4en auf dem Programm. Am Sonntag \u00f6ffnet die TheaterRuine au\u00dferdem zum Tag des offenen Denkmals ihre T\u00fcren.<br \/>\n<img fetchpriority=\"high\" decoding=\"async\" src=\"https:\/\/www.europesays.com\/de\/wp-content\/uploads\/2026\/04\/2026-04-03-St-Pauli-Ruine.jpg\" alt=\"St.-Pauli-Ruine am K\u00f6nigsbr\u00fccker Platz im Hechtviertel - Foto: Archiv Anton Launer\" width=\"2400\" height=\"1350\" class=\"size-full wp-image-236703\"  \/>St.-Pauli-Ruine am K\u00f6nigsbr\u00fccker Platz im Hechtviertel \u2013 Foto: Archiv Anton Launer\n<\/p>\n<p>30 Jahre Vorsicht Seri\u00f6s<\/p>\n<p>Das Ensemble \u201eVorsicht Seri\u00f6s\u201c feiert sein 30-j\u00e4hriges Bestehen. Gegr\u00fcndet wurde die Gruppe 1996 von damaligen S\u00e4ngern des Knabenchores Dresden. Sp\u00e4ter kamen ehemalige S\u00e4nger des Dresdner Kreuzchores und des Knabenchores der Jenaer Philharmonie hinzu. Heute besteht das Ensemble aus neun S\u00e4ngern.\n<\/p>\n<p>Musikalisch reicht das Programm von den Comedian Harmonists \u00fcber M\u00e4nnerchorliteratur bis zu romantischen und Renaissance-Kl\u00e4ngen. Hinzu kommen <a target=\"_blank\" href=\"https:\/\/de.wikipedia.org\/wiki\/Barbershop_(Musik)\" rel=\"nofollow noopener\">Barbershop<\/a>, Spirituals, Pop und internationale St\u00fccke.<br \/>\n<img loading=\"lazy\" decoding=\"async\" src=\"https:\/\/www.europesays.com\/de\/wp-content\/uploads\/2026\/09\/2026-09-04-Chor-Serioes.webp\" alt=\"&quot;Vorsicht Seri\u00f6s&quot; - am Sonnabend in der Pauli-Ruine - Foto: PR\" width=\"1000\" height=\"667\" class=\"size-full wp-image-241384\"  \/>\u201eVorsicht Seri\u00f6s\u201c \u2013 am Sonnabend in der Pauli-Ruine \u2013 Foto: PR\n<\/p>\n<p>Das Jubil\u00e4umskonzert steht unter dem Motto \u201e30 Jahre Vorsicht Seri\u00f6s: Von Liebe, Spargel und anderen Delicatessen\u201c. Neben dem Gesang geh\u00f6rt auch Humor zum Programm.<\/p>\n<ul>\n<li>\u00bb30 Jahre Vorsicht Seri\u00f6s\u00ab Jubil\u00e4umskonzert, <a href=\"https:\/\/www.pauliruine.de\/veranstaltung\/30-jahre-vorsicht-serioes-jubilaeumskonzert\" target=\"_blank\" rel=\"nofollow noopener\">Tickets ab 10 Euro<\/a>, Sonnabend, 5. September, 18 Uhr<\/li>\n<\/ul>\n<p>Vokall\u00fcren feiern Jubil\u00e4um<\/p>\n<p>Auch der Jazz-&amp;-Pop-Damenchor Vokall\u00fcren aus Dresden begeht ein Jubil\u00e4um. Rund 15 S\u00e4ngerinnen fanden sich 2016 zur Gr\u00fcndung des Frauenchores zusammen. Die Leitung \u00fcbernahm Anja Schumann. Inzwischen geh\u00f6ren fast 40 S\u00e4ngerinnen zum Chor.<br \/>\n<img loading=\"lazy\" decoding=\"async\" src=\"https:\/\/www.europesays.com\/de\/wp-content\/uploads\/2026\/09\/2026-09-04-beitragsbild_vokallueren.webp\" alt=\"Die Vokall\u00fcren singen am Sonntag. Foto: PR\" width=\"1000\" height=\"667\" class=\"size-full wp-image-241386\"  \/>Die Vokall\u00fcren singen am Sonntag. Foto: PR\n<\/p>\n<p>Die Vokall\u00fcren proben w\u00f6chentlich und lernen ihre St\u00fccke auswendig. Ihr Programm umfasst Pop, Gospel, Weltmusik, Jazz und Soul. Der Chor interpretiert bekannte deutschsprachige und internationale Klassiker in mehrstimmigen Arrangements.\n<\/p>\n<p>Die S\u00e4ngerinnen treten a cappella oder mit Klavierbegleitung auf. Zum Programm geh\u00f6ren au\u00dferdem kleine Choreografien, Body Percussion und Instrumentaleinlagen.\n<\/p>\n<ul>\n<li>\u00bb10 Jahre Vokall\u00fcren\u00ab Jubil\u00e4umskonzert, <a href=\"https:\/\/www.pauliruine.de\/veranstaltung\/10-jahre-vokallueren-jubilaeumskonzert\/\" target=\"_blank\" rel=\"nofollow noopener\">Tickets ab 15 Euro<\/a>, Sonntag, 6. September, 17 Uhr<\/li>\n<\/ul>\n<p>Tag des offenen Denkmals am Sonntag<\/p>\n<p>Am Sonntag \u00f6ffnet die St.-Pauli-Ruine ab 10 Uhr zum Tag des offenen Denkmals. Dabei sind auch R\u00e4ume, Keller und Treppen zug\u00e4nglich, die dem Publikum sonst verborgen bleiben.<\/p>\n<p>Karl Weber vom Kulturverein und Ilko Tschiedel geben Einblicke in die Geschichte und Entwicklung des Hauses und des Kulturvereins. Tschiedel ist einer der Hauptdarsteller in \u201eMonty Python\u2019s Spamalot\u201c und Kreislers \u201eGeld oder Leben\u201c.\n<\/p>\n<p>Zwischen 10 und 14 Uhr gibt es au\u00dferdem Gespr\u00e4che bei Kaffee und Kuchen sowie Einblicke in die Arbeit des Kulturvereins.\n<\/p>\n<p>Die F\u00fchrungen hinter die Kulissen beginnen um 10.30 Uhr, 11.30 Uhr, 12.30 Uhr und 13.30 Uhr.<\/p>\n","protected":false},"excerpt":{"rendered":"Am Wochenende stehen in der St.-Pauli-Ruine zwei Chorjubil\u00e4en auf dem Programm. Am Sonntag \u00f6ffnet die TheaterRuine au\u00dferdem zum&hellip;\n","protected":false},"author":2,"featured_media":1280515,"comment_status":"","ping_status":"","sticky":false,"template":"","format":"standard","meta":{"footnotes":"","_share_on_mastodon":"0"},"categories":[1835],"tags":[3364,29,2386,30,76843,4229,859,200977],"class_list":["post-1280514","post","type-post","status-publish","format-standard","has-post-thumbnail","category-dresden","tag-de","tag-deutschland","tag-dresden","tag-germany","tag-hechtviertel","tag-neustadt","tag-sachsen","tag-st-pauli-ruine"],"share_on_mastodon":{"url":"https:\/\/pubeurope.com\/@de\/117213759639107121","error":""},"_links":{"self":[{"href":"https:\/\/www.europesays.com\/de\/wp-json\/wp\/v2\/posts\/1280514","targetHints":{"allow":["GET"]}}],"collection":[{"href":"https:\/\/www.europesays.com\/de\/wp-json\/wp\/v2\/posts"}],"about":[{"href":"https:\/\/www.europesays.com\/de\/wp-json\/wp\/v2\/types\/post"}],"author":[{"embeddable":true,"href":"https:\/\/www.europesays.com\/de\/wp-json\/wp\/v2\/users\/2"}],"replies":[{"embeddable":true,"href":"https:\/\/www.europesays.com\/de\/wp-json\/wp\/v2\/comments?post=1280514"}],"version-history":[{"count":0,"href":"https:\/\/www.europesays.com\/de\/wp-json\/wp\/v2\/posts\/1280514\/revisions"}],"wp:featuredmedia":[{"embeddable":true,"href":"https:\/\/www.europesays.com\/de\/wp-json\/wp\/v2\/media\/1280515"}],"wp:attachment":[{"href":"https:\/\/www.europesays.com\/de\/wp-json\/wp\/v2\/media?parent=1280514"}],"wp:term":[{"taxonomy":"category","embeddable":true,"href":"https:\/\/www.europesays.com\/de\/wp-json\/wp\/v2\/categories?post=1280514"},{"taxonomy":"post_tag","embeddable":true,"href":"https:\/\/www.europesays.com\/de\/wp-json\/wp\/v2\/tags?post=1280514"}],"curies":[{"name":"wp","href":"https:\/\/api.w.org\/{rel}","templated":true}]}}