{"id":1280516,"date":"2026-09-04T16:39:33","date_gmt":"2026-09-04T16:39:33","guid":{"rendered":"https:\/\/www.europesays.com\/de\/1280516\/"},"modified":"2026-09-04T16:39:33","modified_gmt":"2026-09-04T16:39:33","slug":"ig-nobelpreis-forscher-aus-dresden-klaert-warum-babys-besser-riechen","status":"publish","type":"post","link":"https:\/\/www.europesays.com\/de\/1280516\/","title":{"rendered":"Ig-Nobelpreis: Forscher aus Dresden kl\u00e4rt, warum Babys besser riechen"},"content":{"rendered":"<p>Forschung mit Dresdner Beteiligung <\/p>\n<p>Ig-Nobelpreis: Warum Babys gut riechen und Teenager nicht<\/p>\n<p>04.09.2026 &#8211; 18:00 UhrLesedauer: 2 Min.<\/p>\n<p><a href=\"#focus-0\" class=\"transition-colors block text-current relative\" data-sctrack=\"FocusGalleryImage.Reference\"><img fetchpriority=\"high\" data-testid=\"Opener.Image\"   loading=\"eager\" src=\"https:\/\/www.europesays.com\/de\/wp-content\/uploads\/2026\/09\/baby-schlaeft-in-tragetuch-symbolbild.jpg\" alt=\"Baby schl\u00e4ft in Tragetuch (Symbolbild).\" title=\"Baby schl\u00e4ft in Tragetuch (Symbolbild).\" width=\"3008\" height=\"1692\" class=\"bg-[url:var(--lqipURL)] bg-cover bg-center flex h-full w-full max-w-full\" style=\"--lqipURL:url('https:\/\/images.t-online.de\/2026\/09\/qJ8DQg29Z-zH\/0x162:3008x1692\/fit-in\/150x0\/filters:blur(25)\/baby-schlaeft-in-tragetuch-symbolbild.jpg')\" decoding=\"async\"\/><img loading=\"lazy\" src=\"https:\/\/dresden.t-online.de\/s\/paper\/_next\/static\/media\/zoom-in.f7dae02f.svg\" alt=\"Vergr\u00f6\u00dfern des Bildes\" title=\"Vergr\u00f6\u00dfern des Bildes\" class=\"block h-[calc(var(--height)_\/_16_*_1rem)] w-[calc(var(--width)_\/_16_*_1rem)] max-w-none absolute right-8 bottom-8 rounded-4 bg-snow p-8\" style=\"--width:32;--height:32\" decoding=\"async\"\/><\/a><\/p>\n<p>Baby schl\u00e4ft in Tragetuch (Symbolbild): Eltern empfanden Babyger\u00fcche als angenehm und erkannten \u00fcberdurchschnittlich oft sogar ihr eigenes Baby unter mehreren heraus. (Quelle: imago)<\/p>\n<p><img loading=\"lazy\" src=\"https:\/\/dresden.t-online.de\/s\/paper\/_next\/static\/media\/audio-volume.6689034c.svg\" alt=\"\" title=\"\" class=\"block h-[calc(var(--height)_\/_16_*_1rem)] w-[calc(var(--width)_\/_16_*_1rem)] max-w-none group-hover:brightness-0 group-hover:invert\" style=\"--width:16;--height:16\" decoding=\"async\"\/>Vorlesen<\/p>\n<p>Aktuelle Zeit:0:00Gesamtdauer:0:00<\/p>\n<p>1x<img loading=\"lazy\" src=\"https:\/\/dresden.t-online.de\/s\/paper\/_next\/static\/media\/font-sizes.32942e33.svg\" alt=\"\" title=\"\" class=\"block h-[calc(var(--height)_\/_16_*_1rem)] w-[calc(var(--width)_\/_16_*_1rem)] max-w-none group-hover:hidden group-aria-expanded:hidden\" style=\"--width:16;--height:16\" decoding=\"async\"\/><img loading=\"lazy\" src=\"https:\/\/dresden.t-online.de\/s\/paper\/_next\/static\/media\/font-sizes-dark-mode.e382645c.svg\" alt=\"\" title=\"\" class=\"block h-[calc(var(--height)_\/_16_*_1rem)] w-[calc(var(--width)_\/_16_*_1rem)] max-w-none hidden group-hover:block group-aria-expanded:block\" style=\"--width:16;--height:16\" decoding=\"async\"\/><img loading=\"lazy\" src=\"https:\/\/dresden.t-online.de\/s\/paper\/_next\/static\/media\/sharing-menu-icon.1eb71368.svg\" alt=\"\" title=\"\" class=\"block h-[calc(var(--height)_\/_16_*_1rem)] w-[calc(var(--width)_\/_16_*_1rem)] max-w-none group-hover:brightness-0 group-hover:invert\" style=\"--width:16;--height:16\" decoding=\"async\"\/>Artikel teilen<\/p>\n<p class=\"font-bold text-18 leading-17 user-text-lg:text-22 user-text-xl:text-24\">Warum riechen Babys so gut und Teenager so schlecht? Ein Team mit Dresdner Beteiligung hat das erforscht \u2013 und daf\u00fcr eine besondere Auszeichnung erhalten.<\/p>\n<p class=\"text-18 leading-17 user-text-lg:text-22 user-text-xl:text-24\">Ein internationales Forschungsteam hat in Z\u00fcrich einen Ig-Nobelpreis f\u00fcr eine Studie \u00fcber den K\u00f6rpergeruch von Babys und Teenagern erhalten. An der war auch der Dresdner Forscher Thomas Hummel beteiligt. Der 67-J\u00e4hrige ist Professor am Uniklinikum Carl Gustav Carus in Dresden, wo er das Interdisziplin\u00e4re Zentrum f\u00fcr Riechen und Schmecken leitet.<\/p>\n<p class=\"text-18 leading-17 user-text-lg:text-22 user-text-xl:text-24\">Geleitet wurde die Studie von der Psychologin Ilona Croy von der Universit\u00e4t Jena untersuchte, warum Eltern den Duft ihrer Babys dem Geruch ihrer Teenager vorziehen. Das Ergebnis: Babyduft l\u00f6st im Gehirn der Eltern einen F\u00fcrsorge-Reflex aus. Teenagergeruch nicht.<\/p>\n<p><a href=\"#focus-1\" class=\"transition-colors block text-current relative\" data-sctrack=\"FocusGalleryImage.Reference\"><img   loading=\"lazy\" src=\"https:\/\/www.europesays.com\/de\/wp-content\/uploads\/2026\/09\/thomas-hummel-auf-einer-konferenz-archivbild.jpg\" alt=\"Thomas Hummel auf einer Konferenz (Archivbild).\" title=\"Thomas Hummel auf einer Konferenz (Archivbild).\" width=\"3263\" height=\"1835\" class=\"h-full w-full max-w-full rounded-8\" decoding=\"async\"\/><img loading=\"lazy\" src=\"https:\/\/dresden.t-online.de\/s\/paper\/_next\/static\/media\/zoom-in.f7dae02f.svg\" alt=\"Vergr\u00f6\u00dfern des Bildes\" title=\"Vergr\u00f6\u00dfern des Bildes\" class=\"block h-[calc(var(--height)_\/_16_*_1rem)] w-[calc(var(--width)_\/_16_*_1rem)] max-w-none absolute right-8 bottom-8 rounded-4 bg-snow p-8\" style=\"--width:32;--height:32\" decoding=\"async\"\/>Thomas Hummel auf einer Konferenz (Archivbild). (Quelle: imago)<\/a><\/p>\n<p class=\"text-18 leading-17 user-text-lg:text-22 user-text-xl:text-24\">Der Ig-Nobelpreis ist eine j\u00e4hrliche Auszeichnung f\u00fcr Forschung, die &#8222;erst zum Lachen, dann zum Nachdenken&#8220; anregen soll. &#8222;Wissenschaft kann ja auch witzig sein&#8220;, sagte Croy der Nachrichtenagentur dpa, die in Dresden promoviert hat. &#8222;Es ist sch\u00f6n, wenn man daf\u00fcr ausgezeichnet wird.&#8220;<\/p>\n<p class=\"text-18 leading-17 user-text-lg:text-22 user-text-xl:text-24\">Die Verleihung fand am Mittwoch erstmals nicht in den USA, sondern in der Schweiz statt. Hintergrund sei die politische Lage in den USA mit ihrer strikten Visumpolitik und brutalen Eins\u00e4tzen der Einwanderungspolizei, hie\u00df es.<\/p>\n<p>Bei Babyduft schaltet das Gehirn auf F\u00fcrsorge<\/p>\n<p class=\"text-18 leading-17 user-text-lg:text-22 user-text-xl:text-24\">F\u00fcr die Studie lie\u00dfen die Forschenden Erwachsene an D\u00fcften von Babys und Teenagern riechen und scannten dabei deren Gehirn. Die Ger\u00fcche stammten von Baumwollstoffen, die Kinder \u00fcber Nacht trugen \u2013 gewaschen mit neutraler Seife, gebettet in W\u00e4sche ohne Duftstoffe.<\/p>\n<p class=\"text-18 leading-17 user-text-lg:text-22 user-text-xl:text-24\">Das Ergebnis fiel eindeutig aus: Eltern empfanden Babyger\u00fcche als angenehm und erkannten \u00fcberdurchschnittlich oft sogar ihr eigenes Baby unter mehreren heraus. Teenagerger\u00fcche schnitten deutlich schlechter ab. &#8222;Je \u00e4lter das Kind, desto schlechter empfindet man den Geruch&#8220;, sagte Croy. Der Grund liege nicht in mangelnder Hygiene, sondern in den Hormonen der Pubert\u00e4t.<\/p>\n<p class=\"text-18 leading-17 user-text-lg:text-22 user-text-xl:text-24\">Neben Hummel und Croy waren auch die polnischen Forschenden Agnieszka Sorokowska und Tomasz Frackowiak an der Studie beteiligt.<\/p>\n","protected":false},"excerpt":{"rendered":"Forschung mit Dresdner Beteiligung Ig-Nobelpreis: Warum Babys gut riechen und Teenager nicht 04.09.2026 &#8211; 18:00 UhrLesedauer: 2 Min.&hellip;\n","protected":false},"author":2,"featured_media":1280517,"comment_status":"","ping_status":"","sticky":false,"template":"","format":"standard","meta":{"footnotes":"","_share_on_mastodon":"0"},"categories":[1835],"tags":[722,1290,264230,201838,3364,29,2386,30,264229,57443,859,264228,264231,5162,64],"class_list":["post-1280516","post","type-post","status-publish","format-standard","has-post-thumbnail","category-dresden","tag-722","tag-baby","tag-babygeruch","tag-carl-gustav-carus","tag-de","tag-deutschland","tag-dresden","tag-germany","tag-ilona-croy","tag-nobelpreis","tag-sachsen","tag-thomas-hummel","tag-tragetuch","tag-universitaet","tag-usa"],"share_on_mastodon":{"url":"https:\/\/pubeurope.com\/@de\/117213762565462716","error":""},"_links":{"self":[{"href":"https:\/\/www.europesays.com\/de\/wp-json\/wp\/v2\/posts\/1280516","targetHints":{"allow":["GET"]}}],"collection":[{"href":"https:\/\/www.europesays.com\/de\/wp-json\/wp\/v2\/posts"}],"about":[{"href":"https:\/\/www.europesays.com\/de\/wp-json\/wp\/v2\/types\/post"}],"author":[{"embeddable":true,"href":"https:\/\/www.europesays.com\/de\/wp-json\/wp\/v2\/users\/2"}],"replies":[{"embeddable":true,"href":"https:\/\/www.europesays.com\/de\/wp-json\/wp\/v2\/comments?post=1280516"}],"version-history":[{"count":0,"href":"https:\/\/www.europesays.com\/de\/wp-json\/wp\/v2\/posts\/1280516\/revisions"}],"wp:featuredmedia":[{"embeddable":true,"href":"https:\/\/www.europesays.com\/de\/wp-json\/wp\/v2\/media\/1280517"}],"wp:attachment":[{"href":"https:\/\/www.europesays.com\/de\/wp-json\/wp\/v2\/media?parent=1280516"}],"wp:term":[{"taxonomy":"category","embeddable":true,"href":"https:\/\/www.europesays.com\/de\/wp-json\/wp\/v2\/categories?post=1280516"},{"taxonomy":"post_tag","embeddable":true,"href":"https:\/\/www.europesays.com\/de\/wp-json\/wp\/v2\/tags?post=1280516"}],"curies":[{"name":"wp","href":"https:\/\/api.w.org\/{rel}","templated":true}]}}