{"id":1280538,"date":"2026-09-04T16:53:25","date_gmt":"2026-09-04T16:53:25","guid":{"rendered":"https:\/\/www.europesays.com\/de\/1280538\/"},"modified":"2026-09-04T16:53:25","modified_gmt":"2026-09-04T16:53:25","slug":"baden-wuerttemberg-brandanschlag-auf-innenministerium-in-stuttgart-regional","status":"publish","type":"post","link":"https:\/\/www.europesays.com\/de\/1280538\/","title":{"rendered":"Baden-W\u00fcrttemberg: Brandanschlag auf Innenministerium in Stuttgart | Regional"},"content":{"rendered":"<p><img loading=\"lazy\" decoding=\"async\" src=\"https:\/\/www.europesays.com\/de\/wp-content\/uploads\/2026\/09\/vgzm.2150080-6a9adb47dde98c9236181fb7.gif\" width=\"1\" height=\"1\" alt=\"\" class=\"vgwort-pixel\"\/>Staatsschutz ermittelt: Brandanschlag auf Innenministerium von BaW\u00fc<img fetchpriority=\"high\" decoding=\"async\" width=\"992\" height=\"558\" alt=\"Brandanschlag auf das Innenministerium von Baden-W\u00fcrttemberg in Stuttgart am Freitagnachmittag\" loading=\"eager\" src=\"https:\/\/www.europesays.com\/de\/wp-content\/uploads\/2026\/09\/9f20722820123313090568bc9be947d2,38424296.jpeg\"   class=\"landscape\"\/><\/p>\n<p class=\"fig__caption__text\">Brandanschlag auf das Innenministerium von Baden-W\u00fcrttemberg in Stuttgart am Freitagnachmittag<\/p>\n<p>Foto: Privat<\/p>\n<p><a href=\"https:\/\/www.bild.de\/autor\/karl-keim\" class=\"anchor article_author__link\" rel=\"nofollow noopener\" target=\"_blank\"><img loading=\"lazy\" decoding=\"async\" src=\"https:\/\/www.europesays.com\/de\/wp-content\/uploads\/2026\/09\/c331f47af9371920744e15376569ff8c,d29e42fb.jpeg\" width=\"320\" height=\"180\" alt=\"\" class=\"article_author__image\"\/><\/a>04.09.2026 &#8211; 18:34 Uhr <a class=\"skip-content skip-content--link\" href=\"#in-content-skip-link-target-v-0-0\">TTS-Player \u00fcberspringen\u21b5<\/a><a id=\"in-content-skip-link-target-v-0-0\" class=\"skip-content--target-link-hidden skip-content skip-content--target-link\" href=\"#in-content-skip-link-target-v-0-0\">Artikel weiterlesen<\/a><\/p>\n<p>Stuttgart\u00a0\u2013 <b>Freitagnachmittag, 16\u00a0Uhr in Stuttgart: Nach ersten BILD-Informationen ist vor dem Innenministerium von Baden-W\u00fcrttemberg ein Brandsatz gez\u00fcndet worden! Zahlreiche Einsatzfahrzeuge der Feuerwehr sind zu dem Geb\u00e4ude ausger\u00fcckt.<\/b><\/p>\n<p>Kurz nach dem Feuer gab es aber eine erste Entwarnung seitens der Polizei. \u201eGegenw\u00e4rtig k\u00f6nnen wir keinen Anschlag best\u00e4tigen\u201c, sagte Polizeisprecher Timo Brenner zu BILD.<\/p>\n<p>Das <a href=\"https:\/\/www.bild.de\/themen\/ereignisse\/braende-und-feuer-kcCBhSDxfE9cAkTeE6kA\" class=\"text-link\" rel=\"nofollow noopener\" target=\"_blank\">Feuer<\/a> wurde schnell gel\u00f6scht. Nach BILD-Informationen wurde niemand verletzt. Der <a href=\"https:\/\/www.bild.de\/themen\/organisationen\/verfassungsschutz\/politik-nachrichten-news-fotos-videos-21195430.bild.html\" class=\"text-link\" rel=\"nofollow noopener\" target=\"_blank\">Staatsschutz<\/a> hat die Ermittlungen \u00fcbernommen.<\/p>\n<p><img decoding=\"async\" width=\"992\" height=\"1178\" alt=\"Das Feuer wurde schnell gel\u00f6scht\" loading=\"lazy\" src=\"https:\/\/www.europesays.com\/de\/wp-content\/uploads\/2026\/09\/53549fe6e5441a3854ea1db8d3e5ac51,78da0410.jpeg\"   class=\"portrait\"\/><\/p>\n<p class=\"fig__caption__text\">Das Feuer wurde schnell gel\u00f6scht<\/p>\n<p>Foto: Privat<\/p>\n<p>Es soll aber einen ersten Verdacht geben: Steht der Angriff in Verbindung mit geplanten Bu\u00dfgeldern f\u00fcr Fu\u00dfballvereine? Diese sollen bei Ausschreitungen w\u00e4hrend Hochrisiko-Spielen greifen. Innenminister Hagel hatte dazu am Donnerstag mit acht Vertretern von Vereinen aus Baden-W\u00fcrttemberg gesprochen.<\/p>\n<p class=\"article-content-user-report\"><a href=\"mailto:fehler-melden-news@bild.de?body=%0A%0A%0AURL%3A%20https%3A%2F%2Fwww.bild.de%2Fregional%2Fbaden-wuerttemberg%2Fbaden-wuerttemberg-brandanschlag-auf-innenministerium-in-stuttgart-6a9adb47dde98c9236181fb7%0ADatum%3A%204.9.2026%2C%2018%3A39%3A56%0A\" target=\"_blank\" rel=\"noopener\" class=\"anchor anchor--external\">Haben Sie Fehler entdeckt? M\u00f6chten Sie etwas kritisieren? Dann schreiben Sie uns gerne!<\/a><\/p>\n","protected":false},"excerpt":{"rendered":"Staatsschutz ermittelt: Brandanschlag auf Innenministerium von BaW\u00fc Brandanschlag auf das Innenministerium von Baden-W\u00fcrttemberg in Stuttgart am Freitagnachmittag Foto:&hellip;\n","protected":false},"author":2,"featured_media":1280539,"comment_status":"","ping_status":"","sticky":false,"template":"","format":"standard","meta":{"footnotes":"","_share_on_mastodon":"0"},"categories":[1830],"tags":[1634,12941,3364,29,985,347,30,26575,3447,1441,138370],"class_list":["post-1280538","post","type-post","status-publish","format-standard","has-post-thumbnail","category-stuttgart","tag-baden-wuerttemberg","tag-brandanschlag","tag-de","tag-deutschland","tag-feuerwehr","tag-fussball","tag-germany","tag-innenministerium-baden-wuerttemberg","tag-staatsschutz","tag-stuttgart","tag-team-first"],"share_on_mastodon":{"url":"","error":""},"_links":{"self":[{"href":"https:\/\/www.europesays.com\/de\/wp-json\/wp\/v2\/posts\/1280538","targetHints":{"allow":["GET"]}}],"collection":[{"href":"https:\/\/www.europesays.com\/de\/wp-json\/wp\/v2\/posts"}],"about":[{"href":"https:\/\/www.europesays.com\/de\/wp-json\/wp\/v2\/types\/post"}],"author":[{"embeddable":true,"href":"https:\/\/www.europesays.com\/de\/wp-json\/wp\/v2\/users\/2"}],"replies":[{"embeddable":true,"href":"https:\/\/www.europesays.com\/de\/wp-json\/wp\/v2\/comments?post=1280538"}],"version-history":[{"count":0,"href":"https:\/\/www.europesays.com\/de\/wp-json\/wp\/v2\/posts\/1280538\/revisions"}],"wp:featuredmedia":[{"embeddable":true,"href":"https:\/\/www.europesays.com\/de\/wp-json\/wp\/v2\/media\/1280539"}],"wp:attachment":[{"href":"https:\/\/www.europesays.com\/de\/wp-json\/wp\/v2\/media?parent=1280538"}],"wp:term":[{"taxonomy":"category","embeddable":true,"href":"https:\/\/www.europesays.com\/de\/wp-json\/wp\/v2\/categories?post=1280538"},{"taxonomy":"post_tag","embeddable":true,"href":"https:\/\/www.europesays.com\/de\/wp-json\/wp\/v2\/tags?post=1280538"}],"curies":[{"name":"wp","href":"https:\/\/api.w.org\/{rel}","templated":true}]}}