{"id":1280542,"date":"2026-09-04T16:55:18","date_gmt":"2026-09-04T16:55:18","guid":{"rendered":"https:\/\/www.europesays.com\/de\/1280542\/"},"modified":"2026-09-04T16:55:18","modified_gmt":"2026-09-04T16:55:18","slug":"frankfurt-art-experience-startet-1730-live-rheinland-pfalz-hessen","status":"publish","type":"post","link":"https:\/\/www.europesays.com\/de\/1280542\/","title":{"rendered":"Frankfurt Art Experience startet \u2013 17:30 Live Rheinland Pfalz\/Hessen"},"content":{"rendered":"<p><img loading=\"lazy\" decoding=\"async\" class=\"alignnone wp-image-107981 size-medium\" src=\"https:\/\/www.europesays.com\/de\/wp-content\/uploads\/2025\/07\/Naechste_Sendung_MARKUS_Header-b_12012023.png\" alt=\"\" width=\"228\" height=\"160\"\/><br \/>\nNach der Landtagswahl in Sachsen-Anhalt fragen wir bei den Parteien in Hessen und Rheinland-Pfalz nach: Welche Konsequenzen folgen aus dem Wahlergebnis?<\/p>\n<p>Wir sprechen mit dem Staatssekret\u00e4r im rheinland-pf\u00e4lzischen Innenministerium Dirk Herber \u00fcber den Stand der Abschiebungen aus Rheinland-Pfalz.\n<\/p>\n<p>Kunstwerke aus 30.000 K\u00fcrbissen sind zur Zeit auf einem Hof in Hofheim-Wallau zu bewundern.<\/p>\n","protected":false},"excerpt":{"rendered":"Nach der Landtagswahl in Sachsen-Anhalt fragen wir bei den Parteien in Hessen und Rheinland-Pfalz nach: Welche Konsequenzen folgen&hellip;\n","protected":false},"author":2,"featured_media":1280543,"comment_status":"","ping_status":"","sticky":false,"template":"","format":"standard","meta":{"footnotes":"","_share_on_mastodon":"0"},"categories":[1829],"tags":[29,2050,2051,30,2052],"class_list":["post-1280542","post","type-post","status-publish","format-standard","has-post-thumbnail","category-frankfurt-am-main","tag-deutschland","tag-frankfurt","tag-frankfurt-am-main","tag-germany","tag-hessen"],"share_on_mastodon":{"url":"https:\/\/pubeurope.com\/@de\/117213826039861260","error":""},"_links":{"self":[{"href":"https:\/\/www.europesays.com\/de\/wp-json\/wp\/v2\/posts\/1280542","targetHints":{"allow":["GET"]}}],"collection":[{"href":"https:\/\/www.europesays.com\/de\/wp-json\/wp\/v2\/posts"}],"about":[{"href":"https:\/\/www.europesays.com\/de\/wp-json\/wp\/v2\/types\/post"}],"author":[{"embeddable":true,"href":"https:\/\/www.europesays.com\/de\/wp-json\/wp\/v2\/users\/2"}],"replies":[{"embeddable":true,"href":"https:\/\/www.europesays.com\/de\/wp-json\/wp\/v2\/comments?post=1280542"}],"version-history":[{"count":0,"href":"https:\/\/www.europesays.com\/de\/wp-json\/wp\/v2\/posts\/1280542\/revisions"}],"wp:featuredmedia":[{"embeddable":true,"href":"https:\/\/www.europesays.com\/de\/wp-json\/wp\/v2\/media\/1280543"}],"wp:attachment":[{"href":"https:\/\/www.europesays.com\/de\/wp-json\/wp\/v2\/media?parent=1280542"}],"wp:term":[{"taxonomy":"category","embeddable":true,"href":"https:\/\/www.europesays.com\/de\/wp-json\/wp\/v2\/categories?post=1280542"},{"taxonomy":"post_tag","embeddable":true,"href":"https:\/\/www.europesays.com\/de\/wp-json\/wp\/v2\/tags?post=1280542"}],"curies":[{"name":"wp","href":"https:\/\/api.w.org\/{rel}","templated":true}]}}