{"id":1280544,"date":"2026-09-04T16:56:18","date_gmt":"2026-09-04T16:56:18","guid":{"rendered":"https:\/\/www.europesays.com\/de\/1280544\/"},"modified":"2026-09-04T16:56:18","modified_gmt":"2026-09-04T16:56:18","slug":"bundesweiter-warntag-wann-die-sirenen-in-frankfurt-heulen","status":"publish","type":"post","link":"https:\/\/www.europesays.com\/de\/1280544\/","title":{"rendered":"Bundesweiter Warntag: Wann die Sirenen in Frankfurt heulen"},"content":{"rendered":"<p>Bundesweiter Alarmtag <\/p>\n<p>Darum heulen in Frankfurt wieder die Sirenen<\/p>\n<p>04.09.2026 &#8211; 18:18 UhrLesedauer: 2 Min.<\/p>\n<p><a href=\"#focus-0\" class=\"transition-colors block text-current relative\" data-sctrack=\"FocusGalleryImage.Reference\"><img fetchpriority=\"high\" data-testid=\"Opener.Image\"   loading=\"eager\" src=\"https:\/\/www.europesays.com\/de\/wp-content\/uploads\/2026\/09\/sirene-auf-einem-hausdach-symbolbild-in-berlin-ist-die-technik-fuer-den-warntag-am-12-september-nich.jpeg\" alt=\"Sirene auf einem Hausdach (Symbolbild): In Berlin ist die Technik f\u00fcr den Warntag am 12. September nicht rechtzeitig fertig.\" title=\"Sirene auf einem Hausdach (Symbolbild): In Berlin ist die Technik f\u00fcr den Warntag am 12. September nicht rechtzeitig fertig.\" width=\"3628\" height=\"2041\" class=\"bg-[url:var(--lqipURL)] bg-cover bg-center flex h-full w-full max-w-full\" style=\"--lqipURL:url('https:\/\/images.t-online.de\/2024\/09\/nVYjqamtAPzX\/0x313:3628x2041\/fit-in\/150x0\/filters:blur(25)\/sirene-auf-einem-hausdach-symbolbild-in-berlin-ist-die-technik-fuer-den-warntag-am-12-september-nicht-rechtzeitig-fertig.jpg')\" decoding=\"async\"\/><img loading=\"lazy\" src=\"https:\/\/frankfurt.t-online.de\/s\/paper\/_next\/static\/media\/zoom-in.f7dae02f.svg\" alt=\"Vergr\u00f6\u00dfern des Bildes\" title=\"Vergr\u00f6\u00dfern des Bildes\" class=\"block h-[calc(var(--height)_\/_16_*_1rem)] w-[calc(var(--width)_\/_16_*_1rem)] max-w-none absolute right-8 bottom-8 rounded-4 bg-snow p-8\" style=\"--width:32;--height:32\" decoding=\"async\"\/><\/a><\/p>\n<p>Sirene auf einem Hausdach (Symbolbild): In Frankfurt heulen die Alarme in bestimmten Stadtteilen. (Quelle: Imago\/ Wolfgang Maria Weber)<\/p>\n<p><img loading=\"lazy\" src=\"https:\/\/frankfurt.t-online.de\/s\/paper\/_next\/static\/media\/audio-volume.6689034c.svg\" alt=\"\" title=\"\" class=\"block h-[calc(var(--height)_\/_16_*_1rem)] w-[calc(var(--width)_\/_16_*_1rem)] max-w-none group-hover:brightness-0 group-hover:invert\" style=\"--width:16;--height:16\" decoding=\"async\"\/>Vorlesen<\/p>\n<p>Aktuelle Zeit:0:00Gesamtdauer:0:00<\/p>\n<p>1x<img loading=\"lazy\" src=\"https:\/\/frankfurt.t-online.de\/s\/paper\/_next\/static\/media\/font-sizes.32942e33.svg\" alt=\"\" title=\"\" class=\"block h-[calc(var(--height)_\/_16_*_1rem)] w-[calc(var(--width)_\/_16_*_1rem)] max-w-none group-hover:hidden group-aria-expanded:hidden\" style=\"--width:16;--height:16\" decoding=\"async\"\/><img loading=\"lazy\" src=\"https:\/\/frankfurt.t-online.de\/s\/paper\/_next\/static\/media\/font-sizes-dark-mode.e382645c.svg\" alt=\"\" title=\"\" class=\"block h-[calc(var(--height)_\/_16_*_1rem)] w-[calc(var(--width)_\/_16_*_1rem)] max-w-none hidden group-hover:block group-aria-expanded:block\" style=\"--width:16;--height:16\" decoding=\"async\"\/><img loading=\"lazy\" src=\"https:\/\/frankfurt.t-online.de\/s\/paper\/_next\/static\/media\/sharing-menu-icon.1eb71368.svg\" alt=\"\" title=\"\" class=\"block h-[calc(var(--height)_\/_16_*_1rem)] w-[calc(var(--width)_\/_16_*_1rem)] max-w-none group-hover:brightness-0 group-hover:invert\" style=\"--width:16;--height:16\" decoding=\"async\"\/>Artikel teilen<\/p>\n<p class=\"font-bold text-18 leading-17 user-text-lg:text-22 user-text-xl:text-24\">Am 10. September wird erneut der Ernstfall geprobt. Beim Warntag werden Sirenen, Handys und Warn-Apps getestet. In Frankfurt fehlt aber noch ein fl\u00e4chendeckendes Sirenennetz.<\/p>\n<p class=\"text-18 leading-17 user-text-lg:text-22 user-text-xl:text-24\">Am Donnerstag, 10. September, werden auch in Frankfurt die Warnsysteme getestet. Um 11 Uhr startet bundesweit eine Probewarnung. Dabei sollen unter anderem Warn-Apps, Cell Broadcast auf Smartphones und weitere Warnkan\u00e4le ausgel\u00f6st werden.<\/p>\n<p class=\"text-18 leading-17 user-text-lg:text-22 user-text-xl:text-24\">In Frankfurt heulen zus\u00e4tzlich die Sirenen rund um die Industrieparks H\u00f6chst und Fechenheim. Das Warnsignal dauert eine Minute. Gegen 11.45 Uhr folgt die Entwarnung.<\/p>\n<p>Warnung kommt auch aufs Handy<\/p>\n<p class=\"text-18 leading-17 user-text-lg:text-22 user-text-xl:text-24\">Die Probewarnung wird \u00fcber das Modulare Warnsystem des Bundes verbreitet. Dar\u00fcber k\u00f6nnen unter anderem die Warn-App NINA, Rundfunkanstalten und Cell Broadcast angesteuert werden. In Frankfurt k\u00f6nnen au\u00dferdem die 290 digitalen Anzeigetafeln an wichtigen Verkehrsknotenpunkten f\u00fcr Warnhinweise genutzt werden.<\/p>\n<p class=\"text-18 leading-17 user-text-lg:text-22 user-text-xl:text-24\">Beim Cell Broadcast erscheint die Warnung direkt auf geeigneten Smartphones. Voraussetzung ist unter anderem, dass das Ger\u00e4t eingeschaltet und nicht im Flugmodus ist.<\/p>\n<p class=\"text-18 leading-17 user-text-lg:text-22 user-text-xl:text-24\">Neu ist beim bundesweiten Warntag in diesem Jahr, dass um 11.45 Uhr erstmals auch bundesweit eine Entwarnung \u00fcber Cell Broadcast verschickt wird. Sie wird allerdings in der niedrigsten Warnstufe gesendet. Je nach Einstellungen des Smartphones kann deshalb nur ein Systemton zu h\u00f6ren sein \u2013 oder die Meldung ohne akustisches Signal erscheinen.<\/p>\n<p>Nur in Teilen Frankfurts heulen Sirenen<\/p>\n<p class=\"text-18 leading-17 user-text-lg:text-22 user-text-xl:text-24\">Wer au\u00dferhalb von H\u00f6chst und Fechenheim wohnt, wird vielerorts keine Sirene h\u00f6ren. Denn ein fl\u00e4chendeckendes Sirenennetz gibt es in Frankfurt weiterhin nicht.<\/p>\n<p class=\"text-18 leading-17 user-text-lg:text-22 user-text-xl:text-24\">Die Stadt plant insgesamt 162 Sirenenstandorte. F\u00fcr 153 davon stehen die Standorte bereits fest, bei den \u00fcbrigen laufen noch Pr\u00fcfungen. In einem ersten Bauabschnitt sollen 37 Sirenen errichtet werden, unter anderem auf Liegenschaften der Feuerwehr und in einem erweiterten Bereich rund um die Industrieparks H\u00f6chst und Fechenheim.<\/p>\n<p class=\"text-18 leading-17 user-text-lg:text-22 user-text-xl:text-24\">Die Ausschreibung f\u00fcr Lieferung und Aufbau der Anlagen wird nach Angaben der Feuerwehr derzeit vorbereitet.<\/p>\n<p>Das bedeuten die Sirenensignale<\/p>\n<p class=\"text-18 leading-17 user-text-lg:text-22 user-text-xl:text-24\">Das Warnsignal besteht aus einem einmin\u00fctigen auf- und abschwellenden Heulton. Im Ernstfall bedeutet es: Es besteht eine Gefahr, B\u00fcrger sollen sich \u00fcber Radio, Internet oder Warn-Apps informieren. Die Notrufnummern 110 und 112 sollen daf\u00fcr nicht angerufen werden. Die Entwarnung erfolgt mit einem einmin\u00fctigen gleichbleibenden Dauerton.<\/p>\n<p class=\"text-18 leading-17 user-text-lg:text-22 user-text-xl:text-24\">Der bundesweite Warntag soll einerseits \u00fcberpr\u00fcfen, ob die technische Infrastruktur funktioniert. Andererseits sollen B\u00fcrger mit den verschiedenen Warnwegen und Signalen vertraut gemacht werden.<\/p>\n","protected":false},"excerpt":{"rendered":"Bundesweiter Alarmtag Darum heulen in Frankfurt wieder die Sirenen 04.09.2026 &#8211; 18:18 UhrLesedauer: 2 Min. Sirene auf einem&hellip;\n","protected":false},"author":2,"featured_media":1280545,"comment_status":"","ping_status":"","sticky":false,"template":"","format":"standard","meta":{"footnotes":"","_share_on_mastodon":"0"},"categories":[1829],"tags":[522,264232,29,54164,985,2050,2051,30,2052,108872,108062,99033,107646],"class_list":["post-1280544","post","type-post","status-publish","format-standard","has-post-thumbnail","category-frankfurt-am-main","tag-522","tag-alarmtag","tag-deutschland","tag-fechenheim","tag-feuerwehr","tag-frankfurt","tag-frankfurt-am-main","tag-germany","tag-hessen","tag-industriepark-hoechst","tag-probewarnung","tag-sirenennetz","tag-warntag"],"share_on_mastodon":{"url":"https:\/\/pubeurope.com\/@de\/117213830277791120","error":""},"_links":{"self":[{"href":"https:\/\/www.europesays.com\/de\/wp-json\/wp\/v2\/posts\/1280544","targetHints":{"allow":["GET"]}}],"collection":[{"href":"https:\/\/www.europesays.com\/de\/wp-json\/wp\/v2\/posts"}],"about":[{"href":"https:\/\/www.europesays.com\/de\/wp-json\/wp\/v2\/types\/post"}],"author":[{"embeddable":true,"href":"https:\/\/www.europesays.com\/de\/wp-json\/wp\/v2\/users\/2"}],"replies":[{"embeddable":true,"href":"https:\/\/www.europesays.com\/de\/wp-json\/wp\/v2\/comments?post=1280544"}],"version-history":[{"count":0,"href":"https:\/\/www.europesays.com\/de\/wp-json\/wp\/v2\/posts\/1280544\/revisions"}],"wp:featuredmedia":[{"embeddable":true,"href":"https:\/\/www.europesays.com\/de\/wp-json\/wp\/v2\/media\/1280545"}],"wp:attachment":[{"href":"https:\/\/www.europesays.com\/de\/wp-json\/wp\/v2\/media?parent=1280544"}],"wp:term":[{"taxonomy":"category","embeddable":true,"href":"https:\/\/www.europesays.com\/de\/wp-json\/wp\/v2\/categories?post=1280544"},{"taxonomy":"post_tag","embeddable":true,"href":"https:\/\/www.europesays.com\/de\/wp-json\/wp\/v2\/tags?post=1280544"}],"curies":[{"name":"wp","href":"https:\/\/api.w.org\/{rel}","templated":true}]}}