{"id":1280552,"date":"2026-09-04T17:00:23","date_gmt":"2026-09-04T17:00:23","guid":{"rendered":"https:\/\/www.europesays.com\/de\/1280552\/"},"modified":"2026-09-04T17:00:23","modified_gmt":"2026-09-04T17:00:23","slug":"brandanschlag-in-muenchen-polizei-ermittelt-wegen-politischem-motiv","status":"publish","type":"post","link":"https:\/\/www.europesays.com\/de\/1280552\/","title":{"rendered":"Brandanschlag in M\u00fcnchen: Polizei ermittelt wegen politischem Motiv"},"content":{"rendered":"<p class=\"mb-6 text-xs-varying md:text-m lg:text-l font-serif group-[.font-sans]:font-sans \">\n    Nach einer Brandattacke auf eine Baustelle in <a href=\"https:\/\/www.augsburger-allgemeine.de\/orte\/aa-muenchen\" target=\"_self\" class=\"underline \" rel=\"nofollow noopener\">M\u00fcnchen<\/a> vermutet das Bayerische Landeskriminalamt (LKA) einen Anschlagsversuch gegen ein Unternehmen aus dem R\u00fcstungsbereich. Die Polizei M\u00fcnchen war in der Nacht auf Donnerstag, 3. September, zu einem Gro\u00dfeinsatz ausger\u00fcckt.\n  <\/p>\n<p class=\"mb-6 text-xs-varying md:text-m lg:text-l font-serif group-[.font-sans]:font-sans \">\n    In der M\u00fchldorfstra\u00dfe in Berg am Laim meldete ein Zeuge, dass aus einem <a href=\"https:\/\/www.ka-news.de\/auto\" target=\"_self\" class=\"underline \" rel=\"nofollow noopener\">Auto<\/a> heraus Brands\u00e4tze geworfen worden seien. Kurz darauf brannte es im Bereich der Firmenzentrale von Rohde &amp; Schwarz, wie zun\u00e4chst BR24 berichtete. Die Polizei ermittelt nun wegen eines politischen Motivs.\n  <\/p>\n<p>            Spezialkr\u00e4fte entsch\u00e4rfen Brandsatz am Innsbrucker Ring<\/p>\n<p class=\"mb-6 text-xs-varying md:text-m lg:text-l font-serif group-[.font-sans]:font-sans \">\n    Bislang best\u00e4tigten die Beamten den Namen des betroffenen Unternehmens nicht. Wie das LKA auf Nachfrage mitteilt, befindet sich in dem betroffenen Bereich ein Geb\u00e4udekomplex mit mehreren R\u00fcstungsunternehmen. Ob speziell eine Firma Ziel des Anschlags war, k\u00f6nnen die Beamten derzeit nicht sagen.\n  <\/p>\n<p>    <img decoding=\"async\" src=\"https:\/\/www.europesays.com\/de\/wp-content\/uploads\/2026\/09\/brandsaetze-auf-baustelle-in-muenchen-geworfen.jpg\" alt=\"Die Beamten ermitteln nach dem Brandanschlag wegen eines politischen Motivs.\" title=\"Die Beamten ermitteln nach dem Brandanschlag wegen eines politischen Motivs.\" loading=\"lazy\" class=\"h-full w-full object-cover\"\/><\/p>\n<p>      Icon vergr\u00f6\u00dfern<\/p>\n<p>    Die Beamten ermitteln nach dem Brandanschlag wegen eines politischen Motivs.<br \/>\n    Foto: Peter Kneffel, dpa<\/p>\n<p>        Schlie\u00dfen <\/p>\n<p>      Icon Schlie\u00dfen<\/p>\n<p>        Icon vergr\u00f6\u00dfern<\/p>\n<p>        Icon verkleinern<\/p>\n<p>      Icon Pfeil bewegen<\/p>\n<p>    Die Beamten ermitteln nach dem Brandanschlag wegen eines politischen Motivs.<br \/>\n    Foto: Peter Kneffel, dpa<\/p>\n<p class=\"mb-6 text-xs-varying md:text-m lg:text-l font-serif group-[.font-sans]:font-sans \">\n    Einer der Brands\u00e4tze z\u00fcndete demnach im Bereich von Baucontainern vor dem Unternehmen. Eine Streife habe das Feuer l\u00f6schen k\u00f6nnen. Vor Ort fanden die Beamten einen weiteren Brandsatz, der bislang nicht gez\u00fcndet hatte. Spezialkr\u00e4fte machten diesen unsch\u00e4dlich und sperrten f\u00fcr die Arbeiten den Bereich weitr\u00e4umig ab. Ein gr\u00f6\u00dferer Schaden entstand dabei nicht.\n  <\/p>\n<p class=\"mb-6 text-xs-varying md:text-m lg:text-l font-serif group-[.font-sans]:font-sans \">\n    Im Zuge der eingeleiteten Fahndung nahmen die Polizeibeamten an einer nahegelegenen Tankstelle am Innsbrucker Ring zwei Tatverd\u00e4chtige fest: eine 28-J\u00e4hrige und einen 38-J\u00e4hrigen. Beide sind bulgarische Staatsb\u00fcrger. Wie sie mit dem Fall in Verbindung stehen, ist nun Gegenstand der Ermittlungen. Auch das Motiv der Tatverd\u00e4chtigen ist derzeit unklar. Die Bayerische Zentralstelle zur Bek\u00e4mpfung von Extremismus und Terrorismus (ZET), die bei der Generalstaatsanwaltschaft M\u00fcnchen angesiedelt ist, hat die Ermittlungen \u00fcbernommen.\u00a0\n  <\/p>\n<p>            ARD-Terrorismus-Experte: \u201em\u00f6glicherweise im Auftrag eines russischen Geheimdienstes\u201c<\/p>\n<p class=\"mb-6 text-xs-varying md:text-m lg:text-l font-serif group-[.font-sans]:font-sans \">\n    \u201eInsgesamt zeigt dieses Ereignis, dass wir, wie schon an anderen Orten in Deutschland in den letzten Tagen, nun ein verst\u00e4rktes Risiko von Anschl\u00e4gen haben auf unsere eigene Infrastruktur, aber eben auch ganz offensichtlich im Zusammenhang R\u00fcstungsunternehmen in unserem Land\u201c, sagt Bayerns Innenminister Joachim Herrmann (CSU) gegen\u00fcber dem Merkur bei einem Auftritt in N\u00fcrnberg. Von einem \u201epolitischen Hintergrund dieser Straftaten\u201c sei auszugehen, so der Minister weiter.\n  <\/p>\n<p class=\"mb-6 text-xs-varying md:text-m lg:text-l font-serif group-[.font-sans]:font-sans \">\n    Wer hinter diesem Anschlagsversuch stecke, k\u00f6nne man mit letzter Sicherheit noch nicht sagen, sagt der ARD-Terrorismus-Experte Michael G\u00f6tschenberg im Gespr\u00e4ch mit BR24. \u201eNach meinen Informationen gibt es aber starke Hinweise darauf, dass man es einmal mehr mit sogenannten Wegwerfagenten zu tun haben k\u00f6nnte, die m\u00f6glicherweise im Auftrag eines russischen Geheimdienstes, diesen Brandanschlag ver\u00fcbt haben.\u201c Das sei aber nur eine \u201eArbeitsthese\u201c.\n  <\/p>\n<p>      <a href=\"https:\/\/www.augsburger-allgemeine.de\/mindelheim\/rohde-schwarz-memmingen-jobs-investitionen-wachstum-firmen-portrait-115061954\" class=\"hidden  &#010;                md:block md:mr-5 md:min-w-[140px]  aspect-photo md:aspect-tv lg:aspect-tv w-fullXXX relative self-start inline overflow-hidden\" rel=\"nofollow noopener\" target=\"_blank\"><\/p>\n<p>    <img decoding=\"async\" src=\"\" alt=\"Das Service-Center von Rohde &amp; Schwarz. Bei dem Technologie-Konzern arbeiten \u00fcber 3000 Entwickler. Und wer sich f\u00fcr Elektrotechnik interessiert, hat gute Zukunftsperspektiven in Memmingen.\" title=\"Das Service-Center von Rohde &amp; Schwarz. Bei dem Technologie-Konzern arbeiten \u00fcber 3000 Entwickler. Und wer sich f\u00fcr Elektrotechnik interessiert, hat gute Zukunftsperspektiven in Memmingen.\" loading=\"lazy\" class=\"h-full w-full object-cover\"\/><br \/>\n   <\/a><\/p>\n<p>            LKA M\u00fcnchen vermutet politisches Motiv hinter Brandanschlag<\/p>\n<p class=\"mb-6 text-xs-varying md:text-m lg:text-l font-serif group-[.font-sans]:font-sans \">\n    In der M\u00fchldorfstra\u00dfe sind unter anderem die R\u00fcstungsunternehmen Helsing sowie Rohde &amp; Schwarz ans\u00e4ssig. Das M\u00fcnchner Unternehmen Rohde &amp; Schwarz stellt unter anderem Sicherheitstechnik und Kommunikationsmittel f\u00fcr Beh\u00f6rden und Milit\u00e4r her. Das Start-up Helsing produziert vorwiegend Drohnen.\n  <\/p>\n<p class=\"mb-6 text-xs-varying md:text-m lg:text-l font-serif group-[.font-sans]:font-sans \">\n    Auf eine Anfrage des Bayerischen Rundfunks reagierte eine Firmensprecherin von Rohde &amp; Schwarz zur\u00fcckhaltend. Sie best\u00e4tigt den Einsatz, betont jedoch gleichzeitig: \u201eUnser Betriebsgel\u00e4nde selbst ist nicht betroffen.\u201c Ferner wolle sich das Unternehmen vorerst nicht \u00f6ffentlich \u00e4u\u00dfern.\n  <\/p>\n<p>    <img decoding=\"async\" src=\"https:\/\/www.europesays.com\/de\/wp-content\/uploads\/2026\/09\/urnnewsmldpacom20090101260903-936-78966-v1-s2048.jpg\" alt=\"Ein Polizist mit einem Polizei-Sp\u00fcrhund l\u00e4uft an einem Firmengel\u00e4nde vorbei. Nach einer Brandattacke auf eine Baustelle in M\u00fcnchen vermutet das Bayerische Landeskriminalamt (LKA) einen Anschlagsversuch gegen ein Unternehmen aus dem R\u00fcstungsbereich.\" title=\"Ein Polizist mit einem Polizei-Sp\u00fcrhund l\u00e4uft an einem Firmengel\u00e4nde vorbei. Nach einer Brandattacke auf eine Baustelle in M\u00fcnchen vermutet das Bayerische Landeskriminalamt (LKA) einen Anschlagsversuch gegen ein Unternehmen aus dem R\u00fcstungsbereich.\" loading=\"lazy\" class=\"h-full w-full object-cover\"\/><\/p>\n<p>      Icon vergr\u00f6\u00dfern<\/p>\n<p>    Ein Polizist mit einem Polizei-Sp\u00fcrhund l\u00e4uft an einem Firmengel\u00e4nde vorbei. Nach einer Brandattacke auf eine Baustelle in M\u00fcnchen vermutet das Bayerische Landeskriminalamt (LKA) einen Anschlagsversuch gegen ein Unternehmen aus dem R\u00fcstungsbereich.<br \/>\n    Foto: Peter Kneffel, dpa<\/p>\n<p>        Schlie\u00dfen <\/p>\n<p>      Icon Schlie\u00dfen<\/p>\n<p>        Icon vergr\u00f6\u00dfern<\/p>\n<p>        Icon verkleinern<\/p>\n<p>      Icon Pfeil bewegen<\/p>\n<p>    Ein Polizist mit einem Polizei-Sp\u00fcrhund l\u00e4uft an einem Firmengel\u00e4nde vorbei. Nach einer Brandattacke auf eine Baustelle in M\u00fcnchen vermutet das Bayerische Landeskriminalamt (LKA) einen Anschlagsversuch gegen ein Unternehmen aus dem R\u00fcstungsbereich.<br \/>\n    Foto: Peter Kneffel, dpa<\/p>\n<p class=\"mb-6 text-xs-varying md:text-m lg:text-l font-serif group-[.font-sans]:font-sans \">\n    Im Mai 2021 war Rohde &amp; Schwarz nach einem <a href=\"https:\/\/www.augsburger-allgemeine.de\/bayern\/Stromausfall-in-Muenchen-Stecken-Linksextreme-dahinter-id59758351.html\" target=\"_self\" class=\"underline \" rel=\"nofollow noopener\">Anschlag auf das M\u00fcnchner Stromnetz<\/a> in einem Bekennerschreiben als Ziel genannt worden. Das Schreiben erschien auf einer von Linksradikalen genutzten Medienplattform, weshalb die Tat zun\u00e4chst jener Szene zugeordnet wurde. In der Vergangenheit wurden mehrere Anschl\u00e4ge auf M\u00fcnchens kritische Infrastruktur ver\u00fcbt. Inzwischen schlie\u00dfen Sicherheitsbeh\u00f6rden aber auch eine Sabotage durch russische Geheimdienste nicht mehr aus.\n  <\/p>\n<p>            Verfassungsschutz warnt R\u00fcstungsunternehmen vor Anschlagsgefahr<\/p>\n<p class=\"mb-6 text-xs-varying md:text-m lg:text-l font-serif group-[.font-sans]:font-sans \">\n    Nach dem damaligen Anschlag auf die Stromversorgung im Osten der Stadt waren 20.000 Haushalte ohne Strom. Der Stromausfall hatte vor allem die Stadtteile Haidhausen, Ramersdorf und Berg am Laim betroffen, wo sich der Firmensitz des R\u00fcstungsunternehmens befindet. Das Unternehmen teilte damals mit, seine kritischen Infrastrukturen gegen St\u00f6reinfl\u00fcsse von au\u00dfen durch ein Sicherheitskonzept abzusichern, der Gesch\u00e4ftsbetrieb sei nicht beeintr\u00e4chtigt worden. Im Bekennerschreiben wurde der Firma vorgeworfen, mit \u201eWaffenproduktion, Krieg und Tod\u201c Profit zu machen.\n  <\/p>\n<p class=\"mb-6 text-xs-varying md:text-m lg:text-l font-serif group-[.font-sans]:font-sans \">\n    Die Gef\u00e4hrdung durch Anschlagspl\u00e4ne hat sich f\u00fcr deutsche R\u00fcstungsunternehmen seit Beginn des russischen Angriffskrieges deutlich erh\u00f6ht. Dadurch ist die Branche zunehmend Ziel hybrider Angriffe. Im Juli rief das Bundesamt f\u00fcr Verfassungsschutz (BfV) aufgrund aktueller Erkenntnisse Mitarbeiter von R\u00fcstungsunternehmen zu besonderer Wachsamkeit auf. \u201eEs besteht eine erh\u00f6hte Wahrscheinlichkeit, dass entsprechende Unternehmen das Ziel von Aussp\u00e4hungs- und Sabotagehandlungen durch russische staatliche Stellen oder in deren Auftrag werden\u201c, hei\u00dft es in einem Sicherheitshinweis f\u00fcr die Wirtschaft, den der Inlandsnachrichtendienst ver\u00f6ffentlichte. Abh\u00e4ngig vom weiteren Kriegsverlauf in der Ukraine seien selbst gezielte Angriffe gegen einzelne Mitarbeiter \u2013 besonders der Leitungsebene \u2013 nicht auszuschlie\u00dfen.\u00a0(mit dpa)\n  <\/p>\n","protected":false},"excerpt":{"rendered":"Nach einer Brandattacke auf eine Baustelle in M\u00fcnchen vermutet das Bayerische Landeskriminalamt (LKA) einen Anschlagsversuch gegen ein Unternehmen&hellip;\n","protected":false},"author":2,"featured_media":1280553,"comment_status":"","ping_status":"","sticky":false,"template":"","format":"standard","meta":{"footnotes":"","_share_on_mastodon":"0"},"categories":[1827],"tags":[513,772,6535,12941,188742,29,30,3824,1268,121,263571,62347,2546],"class_list":["post-1280552","post","type-post","status-publish","format-standard","has-post-thumbnail","category-muenchen","tag-auto","tag-bayern","tag-berg-am-laim","tag-brandanschlag","tag-brandattacke","tag-deutschland","tag-germany","tag-lka","tag-muenchen","tag-polizei","tag-rohde-schwarz","tag-ruestungsunternehmen","tag-terror"],"share_on_mastodon":{"url":"https:\/\/pubeurope.com\/@de\/117213846962621292","error":""},"_links":{"self":[{"href":"https:\/\/www.europesays.com\/de\/wp-json\/wp\/v2\/posts\/1280552","targetHints":{"allow":["GET"]}}],"collection":[{"href":"https:\/\/www.europesays.com\/de\/wp-json\/wp\/v2\/posts"}],"about":[{"href":"https:\/\/www.europesays.com\/de\/wp-json\/wp\/v2\/types\/post"}],"author":[{"embeddable":true,"href":"https:\/\/www.europesays.com\/de\/wp-json\/wp\/v2\/users\/2"}],"replies":[{"embeddable":true,"href":"https:\/\/www.europesays.com\/de\/wp-json\/wp\/v2\/comments?post=1280552"}],"version-history":[{"count":0,"href":"https:\/\/www.europesays.com\/de\/wp-json\/wp\/v2\/posts\/1280552\/revisions"}],"wp:featuredmedia":[{"embeddable":true,"href":"https:\/\/www.europesays.com\/de\/wp-json\/wp\/v2\/media\/1280553"}],"wp:attachment":[{"href":"https:\/\/www.europesays.com\/de\/wp-json\/wp\/v2\/media?parent=1280552"}],"wp:term":[{"taxonomy":"category","embeddable":true,"href":"https:\/\/www.europesays.com\/de\/wp-json\/wp\/v2\/categories?post=1280552"},{"taxonomy":"post_tag","embeddable":true,"href":"https:\/\/www.europesays.com\/de\/wp-json\/wp\/v2\/tags?post=1280552"}],"curies":[{"name":"wp","href":"https:\/\/api.w.org\/{rel}","templated":true}]}}