{"id":1280596,"date":"2026-09-04T17:28:31","date_gmt":"2026-09-04T17:28:31","guid":{"rendered":"https:\/\/www.europesays.com\/de\/1280596\/"},"modified":"2026-09-04T17:28:31","modified_gmt":"2026-09-04T17:28:31","slug":"kieler-woche-so-sieht-das-plakat-fuer-2027-aus","status":"publish","type":"post","link":"https:\/\/www.europesays.com\/de\/1280596\/","title":{"rendered":"Kieler Woche: So sieht das Plakat f\u00fcr 2027 aus"},"content":{"rendered":"<p>\n                Stand: 04.09.2026 18:40 Uhr<\/p>\n<p class=\"preface\">Das Design zur Kieler Woche 2027 ist am Freitag pr\u00e4sentiert worden. Der Entwurf einer Londoner Grafikdesignerin setzte sich gegen 14 andere Vorschl\u00e4ge durch.<\/p>\n<p class=\"\">Das Plakat zur <a href=\"https:\/\/www.ndr.de\/nachrichten\/schleswig-holstein\/kieler_woche\/kieler-woche-kiwo-2026-programm-buehnen-konzerte-ueberblick,kielerwoche-152.html\" title=\"Kieler Woche 2026: Infos, Termine und Highlights im \u00dcberblick\" rel=\"nofollow noopener\" target=\"_blank\">Kieler Woche 2027<\/a> steht fest: Am Freitag hat die Stadt <a href=\"https:\/\/www.ndr.de\/nachrichten\/schleswig-holstein\/Kiel-Aktuelle-Nachrichten-News-und-Videos,kiel7262.html\" title=\"Kiel - Aktuelle Nachrichten und Videos\" rel=\"nofollow noopener\" target=\"_blank\">Kiel<\/a> das neue Design im Rathaus vorgestellt. Es soll zuk\u00fcnftig die W\u00e4nde, Litfa\u00dfs\u00e4ulen und Plakatfl\u00e4chen der Landeshauptstadt zieren. Gestaltet hat es die Grafikdesignerin Rejane Dal Bello aus London. Im kommenden Jahr findet das Volksfest vom 19. bis 27. Juni statt.<\/p>\n<p>    Siegerentwurf begeistert mit Ausdrucksst\u00e4rke<\/p>\n<p class=\"\">Der Entwurf von Dal Bello setzte sich beim Designwettbewerb gegen insgesamt 14 weitere Vorschl\u00e4ge durch. Die Jury lobte das ausdrucksstarke Design, das den Geist der <a href=\"https:\/\/www.ndr.de\/nachrichten\/schleswig-holstein\/kieler_woche\/kieler-woche-kiwo-2026-programm-buehnen-konzerte-ueberblick,kielerwoche-152.html\" title=\"Kieler Woche 2026: Infos, Termine und Highlights im \u00dcberblick\" rel=\"nofollow noopener\" target=\"_blank\">Kieler Woche<\/a> auf das Wesentliche reduziere, hei\u00dft es. &#8222;Die Bewegung und das Segel sind visuelle Synonyme f\u00fcr den sportlichen Teil der Kieler Woche&#8220;, so die Jury weiter. W\u00e4rme und Sonne wiederum w\u00fcrden f\u00fcr den gemeinschaftlichen Teil stehen. Der Entwurf verbinde beide Aspekte auf eine abstrakte Art.<\/p>\n<p class=\"\">Vom 7. September bis zum Ende des Monats sind die f\u00fcr 2027 eingereichten Entw\u00fcrfe \u00f6ffentlich im Eingangsbereich des Kieler Rathauses ausgestellt.<\/p>\n<p>    Rejane Dal Bello: Wer die Siegerin ist<\/p>\n<p class=\"\">Rejane Dal Bello arbeitet nach eigenen Angaben seit vielen Jahren im Bereich Grafikdesign und Branding. Ihren Abschluss absolvierte sie an der Kunstakademie in St. Joost, wo sie anschlie\u00dfend auch unterrichtete. Unter anderem lehrt sie momental an der HSD D\u00fcsseldorf im Fachbereich Typografie. In London hat sie zudem ihr eigenes Studio.<\/p>\n<p>    Traditioneller Designwettbewerb seit 1959<\/p>\n<p class=\"\">Erstmals wurde 1959 f\u00fcr das Folgejahr das Design zur Kieler Woche \u00fcber einen Wettbewerb ermittelt. Renommierte Designerinnen und Designer aus der ganzen Welt werden j\u00e4hrlich dazu eingeladen, ihre Entw\u00fcrfe einzureichen. Vorher sollen sie sich laut Stadt selbst ein Bild vom Volksfest machen, um Eindr\u00fccke zu sammeln.<\/p>\n<p>    Kieler Woche: Segeln, Musik und Kultur<\/p>\n<p class=\"\">Jedes Jahr lockt die Kieler Woche mehrere Millionen Menschen in die Landeshauptstadt. In diesem Jahr waren es laut Stadt <a href=\"https:\/\/www.ndr.de\/nachrichten\/schleswig-holstein\/kieler_woche\/drei-millionen-besucher-bei-der-kieler-woche,kielerwoche-182.html\" title=\"Drei Millionen Besucher bei der Kieler Woche\" rel=\"nofollow noopener\" target=\"_blank\">rund drei Millionen G\u00e4ste<\/a>. Neben vielen Segelwettbewerben gibt es mehr als eine Woche lang auch zahlreiche kostenfreie Konzerte, kulturelle Angebote und Fahrgesch\u00e4fte.<\/p>\n<p>        <img decoding=\"async\" src=\"https:\/\/www.europesays.com\/de\/wp-content\/uploads\/2026\/06\/kiwo-146.webp\" alt=\"Ein Entwurf f\u00fcr das Kieler Woche Design 2026.\" title=\"Ein Entwurf f\u00fcr das Kieler Woche Design 2026. | Landeshauptstadt Kiel, Erik Brandt\" class=\"responsive\" loading=\"lazy\"\/><\/p>\n<p>Sechs B\u00fcros waren im Rennen. Am Ende entschied sich die Jury f\u00fcr den Entwurf eines Grafikdesigners aus den USA.<\/p>\n<p>        <img decoding=\"async\" src=\"https:\/\/www.europesays.com\/de\/wp-content\/uploads\/2026\/06\/kiwo-292.webp\" alt=\"Besucher der Kieler Woche gehen an der Kiellinie entlang.\" title=\"Besucher der Kieler Woche gehen an der Kiellinie entlang. | Daniel Bockwoldt\/dpa\" class=\"responsive\" loading=\"lazy\"\/><\/p>\n<p>Es kamen etwas weniger G\u00e4ste als im Vorjahr, dennoch sind die Veranstalter zufrieden. Die Menschen feierten friedlich.<\/p>\n<p>        <img decoding=\"async\" src=\"https:\/\/www.europesays.com\/de\/wp-content\/uploads\/2026\/06\/1782344006_21_kiwo-290.webp\" alt=\"Besucher der Kieler Woche gehen an der Kiellinie entlang.\" title=\"Besucher der Kieler Woche gehen an der Kiellinie entlang. | Daniel Bockwoldt\/dpa\" class=\"responsive\" loading=\"lazy\"\/><\/p>\n<p>Noch bis zum 28. Juni herrscht in Kiel Ausnahmezustand: Segeln, Konzerte, Spa\u00df f\u00fcr Kinder und nat\u00fcrlich das Feuerwerk &#8211; hier der \u00dcberblick.<\/p>\n<p>        <img decoding=\"async\" src=\"https:\/\/www.europesays.com\/de\/wp-content\/uploads\/2026\/06\/1781949077_366_kiwo-116.webp\" alt=\"Ein bunter KIWO Aufsteller.\" title=\"Die Kieler Woche zieht j\u00e4hrlich Millionen von Menschen in die Stadt. Dazu geh\u00f6ren Programm-Acts, Presse und Besuchende. \u00dcberall in der Stadt zeigt sich: die Kieler Woche ist in vollem Gange. | Nicole Bowitz\" class=\"responsive\" loading=\"lazy\"\/><\/p>\n<p>Die Kieler Woche bietet vom 19. bis 28. Juni wieder ein abwechslungsreiches Programm. Mehrere Millionen G\u00e4ste werden erwartet.<\/p>\n","protected":false},"excerpt":{"rendered":"Stand: 04.09.2026 18:40 Uhr Das Design zur Kieler Woche 2027 ist am Freitag pr\u00e4sentiert worden. Der Entwurf einer&hellip;\n","protected":false},"author":2,"featured_media":1280597,"comment_status":"","ping_status":"","sticky":false,"template":"","format":"standard","meta":{"footnotes":"","_share_on_mastodon":"0"},"categories":[1852],"tags":[3364,17587,29,548,663,3934,30,9697,13,4949,23690,14,15,7438,12,1971,264236],"class_list":["post-1280596","post","type-post","status-publish","format-standard","has-post-thumbnail","category-kiel","tag-de","tag-design","tag-deutschland","tag-eu","tag-europa","tag-europe","tag-germany","tag-grafik-und-design","tag-headlines","tag-kiel","tag-kieler-woche","tag-nachrichten","tag-news","tag-plakat","tag-schlagzeilen","tag-schleswig-holstein","tag-veranstaltung-2027"],"share_on_mastodon":{"url":"","error":""},"_links":{"self":[{"href":"https:\/\/www.europesays.com\/de\/wp-json\/wp\/v2\/posts\/1280596","targetHints":{"allow":["GET"]}}],"collection":[{"href":"https:\/\/www.europesays.com\/de\/wp-json\/wp\/v2\/posts"}],"about":[{"href":"https:\/\/www.europesays.com\/de\/wp-json\/wp\/v2\/types\/post"}],"author":[{"embeddable":true,"href":"https:\/\/www.europesays.com\/de\/wp-json\/wp\/v2\/users\/2"}],"replies":[{"embeddable":true,"href":"https:\/\/www.europesays.com\/de\/wp-json\/wp\/v2\/comments?post=1280596"}],"version-history":[{"count":0,"href":"https:\/\/www.europesays.com\/de\/wp-json\/wp\/v2\/posts\/1280596\/revisions"}],"wp:featuredmedia":[{"embeddable":true,"href":"https:\/\/www.europesays.com\/de\/wp-json\/wp\/v2\/media\/1280597"}],"wp:attachment":[{"href":"https:\/\/www.europesays.com\/de\/wp-json\/wp\/v2\/media?parent=1280596"}],"wp:term":[{"taxonomy":"category","embeddable":true,"href":"https:\/\/www.europesays.com\/de\/wp-json\/wp\/v2\/categories?post=1280596"},{"taxonomy":"post_tag","embeddable":true,"href":"https:\/\/www.europesays.com\/de\/wp-json\/wp\/v2\/tags?post=1280596"}],"curies":[{"name":"wp","href":"https:\/\/api.w.org\/{rel}","templated":true}]}}