{"id":1280606,"date":"2026-09-04T17:34:30","date_gmt":"2026-09-04T17:34:30","guid":{"rendered":"https:\/\/www.europesays.com\/de\/1280606\/"},"modified":"2026-09-04T17:34:30","modified_gmt":"2026-09-04T17:34:30","slug":"waldbrand-warnstufe-auf-2-herabgesetzt-grillverbot-in-wiesbaden-aufgehoben","status":"publish","type":"post","link":"https:\/\/www.europesays.com\/de\/1280606\/","title":{"rendered":"Waldbrand-Warnstufe auf 2 herabgesetzt: Grillverbot in Wiesbaden aufgehoben"},"content":{"rendered":"<p>&#13;<br \/>\n        &#13;<br \/>\n&#13;<br \/>\n        &#13;<\/p>\n<p>            <a href=\"https:\/\/www.rheinmainverlag.de\/wp-content\/uploads\/2026\/04\/distelapparath-fire-4323960_1920.jpg\" data-caption=\"Symbolbild Grillen (Foto: distelAPPArath auf Pixabay)\" rel=\"nofollow noopener\" target=\"_blank\"><img loading=\"lazy\" decoding=\"async\" width=\"696\" height=\"464\" class=\"entry-thumb td-modal-image\" src=\"data:image\/svg+xml,%3Csvg%20xmlns=\" http:=\"\" data-lazy- data-lazy- alt=\"\" title=\"Grillen Barbecue Grill rmv\" data-lazy-src=\"https:\/\/www.europesays.com\/de\/wp-content\/uploads\/2026\/06\/distelapparath-fire-4323960_1920-696x464.jpg\"\/><\/a>Symbolbild Grillen (Foto: distelAPPArath auf Pixabay)<\/p>\n<p>Die Waldbrandgefahrenlage in Hessens W\u00e4ldern hat sich weiter entspannt. Vor allem die Niederschl\u00e4ge in Verbindung mit einem deutlichen Temperaturr\u00fcckgang f\u00fchren zu einer sp\u00fcrbaren Abnahme der akuten Waldbrandgefahr. Deshalb wird die Waldbrandstufe auf 2 herabgesetzt.<\/p>\n<p>F\u00fcr die kommende Woche gilt die Waldbrand-Warnstufe 2. Es gibt kein Grillverbot und keine Schlie\u00dfungen von Pl\u00e4tzen in Wiesbaden. Allgemein gilt: Das Rauchverbot im Wald gilt in Wiesbaden das ganze Jahr \u00fcber unabh\u00e4ngig von der Warnstufe.<\/p>\n<p>Der Waldbrandgefahrenindex (WBI) als auch der Grasland-Feuer-Index (GFI) beschreiben das meteorologische Potenzial f\u00fcr die Gef\u00e4hrdung durch Waldbrand beziehungsweise die Feuergef\u00e4hrdung von Freifl\u00e4chen, wie etwa Wiesen. Die Brandgefahr wird in f\u00fcnf Gefahrenstufen angezeigt: von 1 = sehr geringe Gefahr bis 5 = sehr hohe Gefahr. Der WBI und der GFI dienen den f\u00fcr die Waldbrandvorsorge verantwortlichen Landesbeh\u00f6rden zur Einsch\u00e4tzung der Waldbrandgefahr und zur Herausgabe von Warnungen. Die Warnstufen 1 und 2 machen keine Ma\u00dfnahmen erforderlich. In den weiteren Warnstufen werden jeweils unterschiedliche Ma\u00dfnahmen ergriffen beziehungsweise angeordnet, in der Stufe 3 werden Waldgrillpl\u00e4tze geschlossen, in Stufe 4 gilt eine generelles Grillverbot auf \u00f6ffentlichen Grillpl\u00e4tzen, in Stufe 5 gelten neben dem Grillverbot strenge Auflagen f\u00fcr Veranstalter.<\/p>\n<p>N\u00e4here Informationen zur aktuellen Situation k\u00f6nnen Interessierte im Internet unter <a href=\"http:\/\/www.wiesbaden.de\/waldbrandgefahr\" rel=\"nofollow noopener\" target=\"_blank\">www.wiesbaden.de\/waldbrandgefahr<\/a> finden.<\/p>\n<p>(Text: PM Landeshauptstadt Wiesbaden)<\/p>\n<p><a href=\"https:\/\/www.rheinmainverlag.de\/author\/ahessberger\/\" rel=\"nofollow noopener\" target=\"_blank\"><img loading=\"lazy\" decoding=\"async\" src=\"data:image\/svg+xml,%3Csvg%20xmlns=\" http:=\"\" width=\"200\" height=\"200\" alt=\"\" itemprop=\"image\" data-lazy-src=\"https:\/\/www.europesays.com\/de\/wp-content\/uploads\/2025\/04\/Katja_Hessberger.jpg\"\/><\/a><\/p>\n<p>\u2026 erschlie\u00dft sich ihre Welt, indem sie viel Zeit in der Natur verbringt. Bei langen Fahrradtouren und sch\u00f6ne Wanderungen tankt sie Kraft. Lokale Themen sind ihre Welt. Sowohl in den Printprodukten als auch online informiert sie am liebsten \u00fcber Polizeiberichte, Tiergeschichten und Umweltthemen. Absolute Lieblingsbesch\u00e4ftigung in der Adventszeit: Pl\u00e4tzchen backen.<br \/>Mag: Tiere | Backen | Lokale Geschichten<\/p>\n<p>Set your Author Custom HTML Tab Content on your <a href=\"https:\/\/www.rheinmainverlag.de\/wp-admin\/profile.php#sabox-custom-job-title\" target=\"_blank\" class=\"clickable\" rel=\"nofollow noopener\">Profile page<\/a><\/p>\n<p>        &#13;<br \/>\n&#13;<br \/>\n        &#13;<br \/>\n                        &#13;<br \/>\n            &#13;<br \/>\n&#13;<br \/>\n                                                        &#13;<br \/>\n&#13;<\/p>\n","protected":false},"excerpt":{"rendered":"&#13; &#13; &#13; &#13; Symbolbild Grillen (Foto: distelAPPArath auf Pixabay) Die Waldbrandgefahrenlage in Hessens W\u00e4ldern hat sich weiter&hellip;\n","protected":false},"author":2,"featured_media":1115517,"comment_status":"","ping_status":"","sticky":false,"template":"","format":"standard","meta":{"footnotes":"","_share_on_mastodon":"0"},"categories":[1847],"tags":[3364,29,548,663,3934,30,13,2052,14,15,12,4544],"class_list":["post-1280606","post","type-post","status-publish","format-standard","has-post-thumbnail","category-wiesbaden","tag-de","tag-deutschland","tag-eu","tag-europa","tag-europe","tag-germany","tag-headlines","tag-hessen","tag-nachrichten","tag-news","tag-schlagzeilen","tag-wiesbaden"],"share_on_mastodon":{"url":"https:\/\/pubeurope.com\/@de\/117213978082704758","error":""},"_links":{"self":[{"href":"https:\/\/www.europesays.com\/de\/wp-json\/wp\/v2\/posts\/1280606","targetHints":{"allow":["GET"]}}],"collection":[{"href":"https:\/\/www.europesays.com\/de\/wp-json\/wp\/v2\/posts"}],"about":[{"href":"https:\/\/www.europesays.com\/de\/wp-json\/wp\/v2\/types\/post"}],"author":[{"embeddable":true,"href":"https:\/\/www.europesays.com\/de\/wp-json\/wp\/v2\/users\/2"}],"replies":[{"embeddable":true,"href":"https:\/\/www.europesays.com\/de\/wp-json\/wp\/v2\/comments?post=1280606"}],"version-history":[{"count":0,"href":"https:\/\/www.europesays.com\/de\/wp-json\/wp\/v2\/posts\/1280606\/revisions"}],"wp:featuredmedia":[{"embeddable":true,"href":"https:\/\/www.europesays.com\/de\/wp-json\/wp\/v2\/media\/1115517"}],"wp:attachment":[{"href":"https:\/\/www.europesays.com\/de\/wp-json\/wp\/v2\/media?parent=1280606"}],"wp:term":[{"taxonomy":"category","embeddable":true,"href":"https:\/\/www.europesays.com\/de\/wp-json\/wp\/v2\/categories?post=1280606"},{"taxonomy":"post_tag","embeddable":true,"href":"https:\/\/www.europesays.com\/de\/wp-json\/wp\/v2\/tags?post=1280606"}],"curies":[{"name":"wp","href":"https:\/\/api.w.org\/{rel}","templated":true}]}}