{"id":1280607,"date":"2026-09-04T17:36:20","date_gmt":"2026-09-04T17:36:20","guid":{"rendered":"https:\/\/www.europesays.com\/de\/1280607\/"},"modified":"2026-09-04T17:36:20","modified_gmt":"2026-09-04T17:36:20","slug":"kinky-party-in-augsburg-warum-es-in-der-szene-um-viel-mehr-als-sex-geht","status":"publish","type":"post","link":"https:\/\/www.europesays.com\/de\/1280607\/","title":{"rendered":"Kinky-Party in Augsburg: Warum es in der Szene um viel mehr als Sex geht"},"content":{"rendered":"<p class=\"mb-6 text-xs-varying md:text-m lg:text-l font-serif group-[.font-sans]:font-sans \">\n    Erst Softwareentwickler, dann Kinky-Party-Veranstalter \u2013 der Werdegang von Paul Engel aus <a href=\"https:\/\/www.augsburger-allgemeine.de\/augsburg\/\" target=\"_self\" class=\"underline \" rel=\"nofollow noopener\">Augsburg<\/a> liest sich ungew\u00f6hnlich. Mehrere Jahre lang arbeitete er in der IT-Beratung, bevor er B\u00fcro gegen Club tauschte. \u201eIch f\u00fchlte mich zwischenmenschlich in der Branche nie wirklich angekommen\u201c, sagt er. Seine Berufung fand der 37-J\u00e4hrige erst, als er zum ersten Mal eine Kinky-Party organisierte, also <a href=\"https:\/\/www.augsburger-allgemeine.de\/augsburg\/augsburg-von-feiern-und-freiheit-das-passiert-auf-augsburger-sex-partys-id68003716.html\" target=\"_self\" class=\"underline \" rel=\"nofollow noopener\">ein sexpositives Event, auf dem Intimit\u00e4t bis zum Sex explizit erlaubt ist<\/a>. Ein Gespr\u00e4ch \u00fcber eine Szene, in der es um mehr als nur Sex geht, die kompromisslose T\u00fcrsteher braucht und immer mehr im Mainstream ankommt.\n  <\/p>\n","protected":false},"excerpt":{"rendered":"Erst Softwareentwickler, dann Kinky-Party-Veranstalter \u2013 der Werdegang von Paul Engel aus Augsburg liest sich ungew\u00f6hnlich. Mehrere Jahre lang&hellip;\n","protected":false},"author":2,"featured_media":1280608,"comment_status":"","ping_status":"","sticky":false,"template":"","format":"standard","meta":{"footnotes":"","_share_on_mastodon":"0"},"categories":[1846],"tags":[680,772,3364,29,548,663,3934,136900,30,13,80,14,15,264237,12,30066,11961],"class_list":["post-1280607","post","type-post","status-publish","format-standard","has-post-thumbnail","category-augsburg","tag-augsburg","tag-bayern","tag-de","tag-deutschland","tag-eu","tag-europa","tag-europe","tag-fasching","tag-germany","tag-headlines","tag-kultur","tag-nachrichten","tag-news","tag-paul-engel","tag-schlagzeilen","tag-techno-festival","tag-wow"],"share_on_mastodon":{"url":"https:\/\/pubeurope.com\/@de\/117213985921324355","error":""},"_links":{"self":[{"href":"https:\/\/www.europesays.com\/de\/wp-json\/wp\/v2\/posts\/1280607","targetHints":{"allow":["GET"]}}],"collection":[{"href":"https:\/\/www.europesays.com\/de\/wp-json\/wp\/v2\/posts"}],"about":[{"href":"https:\/\/www.europesays.com\/de\/wp-json\/wp\/v2\/types\/post"}],"author":[{"embeddable":true,"href":"https:\/\/www.europesays.com\/de\/wp-json\/wp\/v2\/users\/2"}],"replies":[{"embeddable":true,"href":"https:\/\/www.europesays.com\/de\/wp-json\/wp\/v2\/comments?post=1280607"}],"version-history":[{"count":0,"href":"https:\/\/www.europesays.com\/de\/wp-json\/wp\/v2\/posts\/1280607\/revisions"}],"wp:featuredmedia":[{"embeddable":true,"href":"https:\/\/www.europesays.com\/de\/wp-json\/wp\/v2\/media\/1280608"}],"wp:attachment":[{"href":"https:\/\/www.europesays.com\/de\/wp-json\/wp\/v2\/media?parent=1280607"}],"wp:term":[{"taxonomy":"category","embeddable":true,"href":"https:\/\/www.europesays.com\/de\/wp-json\/wp\/v2\/categories?post=1280607"},{"taxonomy":"post_tag","embeddable":true,"href":"https:\/\/www.europesays.com\/de\/wp-json\/wp\/v2\/tags?post=1280607"}],"curies":[{"name":"wp","href":"https:\/\/api.w.org\/{rel}","templated":true}]}}