{"id":1280656,"date":"2026-09-04T18:14:29","date_gmt":"2026-09-04T18:14:29","guid":{"rendered":"https:\/\/www.europesays.com\/de\/1280656\/"},"modified":"2026-09-04T18:14:29","modified_gmt":"2026-09-04T18:14:29","slug":"duisburg-e-scooterfahrer-faehrt-mann-an-und-fluechtet","status":"publish","type":"post","link":"https:\/\/www.europesays.com\/de\/1280656\/","title":{"rendered":"Duisburg: E-Scooterfahrer f\u00e4hrt Mann an und fl\u00fcchtet"},"content":{"rendered":"<p class=\"text_ohne_einzug richtext text-em-55 !leading-serif mx-6 desktop:mx-0\"> Ein E-Scooter-Fahrer hat am Donnerstagnachmittag (3. September, 15.30 Uhr) an der Haltestelle Karl-Jarres-Stra\u00dfe einen 71-j\u00e4hrigen Mann beim Aussteigen aus einem Bus der Linie 921 angefahren. Der Senior st\u00fcrzte und verletzte sich leicht. Rettungskr\u00e4fte behandelten den Duisburger vor Ort.<\/p>\n<p class=\"richtext text-em-55 !leading-serif mx-6 desktop:mx-0\">Der Unbekannte gab vermeintliche Personalien an und fuhr anschlie\u00dfend davon. Die Angaben stellten sich bei einer \u00dcberpr\u00fcfung durch die <a href=\"https:\/\/rp-online.de\/thema\/polizei\/\" rel=\"nofollow noopener\" target=\"_blank\">Polizei<\/a> als falsch heraus.<\/p>\n<p class=\"richtext text-em-55 !leading-serif mx-6 desktop:mx-0\">Das Verkehrskommissariat 22 hat die Ermittlungen aufgenommen und sucht Zeuginnen und Zeugen, die Hinweise zu dem E-Scooter-Fahrer geben k\u00f6nnen.<\/p>\n<p class=\"richtext text-em-55 !leading-serif mx-6 desktop:mx-0\">Er wird als 35 bis 40 Jahre alt und etwa 1,80 Meter gro\u00df beschrieben. Er hat kurze schwarze Haare und trug eine orangefarbene Weste, eine schwarze Arbeitshose sowie schwarze Arbeitsstiefel. Unterwegs war er mit einem schwarzen <a href=\"https:\/\/rp-online.de\/thema\/e-scooter\/\" rel=\"nofollow noopener\" target=\"_blank\">E-Scooter<\/a>.<\/p>\n<p class=\"italic richtext text-em-55 !leading-serif mx-6 desktop:mx-0\">Hinweise nimmt die Polizei <a href=\"https:\/\/rp-online.de\/thema\/duisburg\/\" rel=\"nofollow noopener\" target=\"_blank\">Duisburg<\/a> unter der Rufnummer 0203 2800 entgegen.<\/p>\n","protected":false},"excerpt":{"rendered":"Ein E-Scooter-Fahrer hat am Donnerstagnachmittag (3. September, 15.30 Uhr) an der Haltestelle Karl-Jarres-Stra\u00dfe einen 71-j\u00e4hrigen Mann beim Aussteigen&hellip;\n","protected":false},"author":2,"featured_media":1280657,"comment_status":"","ping_status":"","sticky":false,"template":"","format":"standard","meta":{"footnotes":"","_share_on_mastodon":"0"},"categories":[1838],"tags":[197456,10415,3364,29,3715,4731,35955,30,14996,1209,6598,42390,4728,68716,437,4996],"class_list":["post-1280656","post","type-post","status-publish","format-standard","has-post-thumbnail","category-duisburg","tag-beschrieben","tag-bus","tag-de","tag-deutschland","tag-duisburg","tag-fahrer","tag-fuhr","tag-germany","tag-hinweise","tag-nordrhein-westfalen","tag-personalien","tag-schwarze","tag-scooter","tag-scooterfahrer","tag-sucht","tag-zeugen"],"share_on_mastodon":{"url":"","error":""},"_links":{"self":[{"href":"https:\/\/www.europesays.com\/de\/wp-json\/wp\/v2\/posts\/1280656","targetHints":{"allow":["GET"]}}],"collection":[{"href":"https:\/\/www.europesays.com\/de\/wp-json\/wp\/v2\/posts"}],"about":[{"href":"https:\/\/www.europesays.com\/de\/wp-json\/wp\/v2\/types\/post"}],"author":[{"embeddable":true,"href":"https:\/\/www.europesays.com\/de\/wp-json\/wp\/v2\/users\/2"}],"replies":[{"embeddable":true,"href":"https:\/\/www.europesays.com\/de\/wp-json\/wp\/v2\/comments?post=1280656"}],"version-history":[{"count":0,"href":"https:\/\/www.europesays.com\/de\/wp-json\/wp\/v2\/posts\/1280656\/revisions"}],"wp:featuredmedia":[{"embeddable":true,"href":"https:\/\/www.europesays.com\/de\/wp-json\/wp\/v2\/media\/1280657"}],"wp:attachment":[{"href":"https:\/\/www.europesays.com\/de\/wp-json\/wp\/v2\/media?parent=1280656"}],"wp:term":[{"taxonomy":"category","embeddable":true,"href":"https:\/\/www.europesays.com\/de\/wp-json\/wp\/v2\/categories?post=1280656"},{"taxonomy":"post_tag","embeddable":true,"href":"https:\/\/www.europesays.com\/de\/wp-json\/wp\/v2\/tags?post=1280656"}],"curies":[{"name":"wp","href":"https:\/\/api.w.org\/{rel}","templated":true}]}}