{"id":1280660,"date":"2026-09-04T18:17:21","date_gmt":"2026-09-04T18:17:21","guid":{"rendered":"https:\/\/www.europesays.com\/de\/1280660\/"},"modified":"2026-09-04T18:17:21","modified_gmt":"2026-09-04T18:17:21","slug":"flohmaerkte-in-der-naehe-hier-koennen-sie-dieses-wochenende-in-der-region-schaetze-finden","status":"publish","type":"post","link":"https:\/\/www.europesays.com\/de\/1280660\/","title":{"rendered":"Flohm\u00e4rkte in der N\u00e4he: Hier k\u00f6nnen Sie dieses Wochenende in der Region Sch\u00e4tze finden"},"content":{"rendered":"<p>                                &#8211;                                Das Wetter genie\u00dfen und dabei nachhaltig einkaufen? Das ist auf Flohm\u00e4rkten in der Region m\u00f6glich. Auch an diesem Wochenende finden einige statt. Hier finden Sie eine \u00dcbersicht der Flohm\u00e4rkte am 5. und 6. September 2026 in der N\u00e4he.<\/p>\n<p>Das Wetter zeigt sich noch einmal von der besten Seite: Grund genug, um die Sonnenstrahlen des Sp\u00e4tsommers im Freien zu genie\u00dfen. Wer dabei Lust auf eine kleine Shoppingtour hat, k\u00f6nnte auf dem ein oder anderen Flohmarkt landen.<\/p>\n<p>Sie sind auch an Tr\u00f6del- oder Flohm\u00e4rkten interessiert und m\u00f6chten wissen, wo es an diesem Wochenende einen in Ihrer N\u00e4he gibt? Hier finden Sie eine \u00dcbersicht der Flohm\u00e4rkte am 5. und 6. September 2026 in der Region.<\/p>\n<p>                                                        Flohm\u00e4rkte am Samstag, 5. September 2026, in der Region &#8211; N\u00fcrnberg, Erlangen<\/p>\n<p><strong>Tr\u00f6delmarkt Neumarkt in der Oberpfalz <\/strong><\/p>\n<p>Termin: 5.9.2026 \u2013 6.00 bis 16.00 Uhr<\/p>\n<p>Ort: Kleine Jurahalle und Volksfestplatz, Rotbuchenstra\u00dfe 19, 92318 Neumarkt in der Oberpfalz<\/p>\n<p><strong>Riesenflohmarkt Meistersingerhalle N\u00fcrnberg <\/strong><\/p>\n<p>Termin: 5.9.2026 \u2013 8.00 bis 15:00 Uhr<\/p>\n<p>Ort: N\u00fcrnberg Meistersingerhalle, Schulthei\u00dfallee 4, 90478 N\u00fcrnberg<\/p>\n<p><strong>Flohmarkt Erlangen Bohlenplatz <\/strong><\/p>\n<p>Termin: 5.9.2026 \u2013 8.00 bis 16.00 Uhr<\/p>\n<p>Ort: Bohlenplatz, Obere Karlstra\u00dfe, 91052 Erlangen<\/p>\n<p>                                                        Flohm\u00e4rkte am Sonntag, 6. September 2026, in der Region &#8211; N\u00fcrnberg, F\u00fcrth, Erlangen, Ansbach,<\/p>\n<p><strong>Tr\u00f6delmarkt Ansbach Aldi-Parkplatz<\/strong><\/p>\n<p>Termin: 6.9.2026 \u2013 6.00 bis 16.00 Uhr<\/p>\n<p>Ort: Aldi-Parkplatz, Feuerbacher Stra\u00dfe 24, 91522 Ansbach<\/p>\n<p><strong>Tr\u00f6delmarkt Feucht Hagebaumarkt <\/strong><\/p>\n<p>Termin: 6.9.2026 \u2013 6.00 bis 17.00 Uhr<\/p>\n<p>Ort: Hagebaumarkt, Schwarzenbrucker Stra\u00dfe 1, 90522 Feucht<\/p>\n<p><strong>Riesenflohmarkt in Erlangen <\/strong><\/p>\n<p>Termin: 6.9.2026 \u2013 6.00 bis 16.00 Uhr<\/p>\n<p>Ort: Dehner-Gartencenter, Cumianastra\u00dfe 7, 91058 Erlangen<\/p>\n<p><strong>Tr\u00f6delmarkt Neuendettelsau <\/strong><\/p>\n<p>Termin: 6.9.2026 \u2013 6.00 bis 17.00 Uhr<\/p>\n<p>Ort: SB-Center Besenbeck, Reuther Stra\u00dfe 20, 91564 Neuendettelsau<\/p>\n<p><strong>Riesenflohmarkt F\u00fcrth Obi <\/strong><\/p>\n<p>Termin: 6.9.2026 \u2013 7.00 bis 16.00 Uhr<\/p>\n<p>Ort: OBI Baumarkt, Am Annaberg 3 &#8211; 5, 90766 F\u00fcrth<\/p>\n<p><strong>Flohmarkt N\u00fcrnberg ALDI Konstanzenstrasse <\/strong><\/p>\n<p>Termin: 6.9.2026 \u2013 8.00 bis 16.00 Uhr<\/p>\n<p>Ort: ALDI Konstanzenstrasse, Konstanzenstra\u00dfe 111, 90439 N\u00fcrnberg<\/p>\n<p><strong>Flohmarkt LIDL Parkplatz N\u00fcrnberg <\/strong><\/p>\n<p>Termin: 6.9.2026 \u2013 8.00 bis 16.00 Uhr<\/p>\n<p>Ort: N\u00fcrnberg LIDL Parkplatz, Ernst Sachs Strasse 4, 90441 N\u00fcrnberg<\/p>\n<p><strong>Flohmarkt REWE Parkplatz He\u00dfdorf <\/strong><\/p>\n<p>Termin: 6.9.2026 \u2013 8.00 bis 16.00 Uhr<\/p>\n<p>Ort: He\u00dfdorf, REWE Parkplatz, Im Gewerbepark 13, 91093 He\u00dfdorf<\/p>\n<p><strong>B\u00fcchenbacher Garagentr\u00f6del <\/strong><\/p>\n<p>Termin: 6.9.2026 \u2013 8.00 bis 16.00 Uhr<\/p>\n<p>Ort: B\u00fcchenbach bei Roth gesamter Ort, Ostpreu\u00dfenweg 11, 91186 B\u00fcchenbach<\/p>\n<p><strong>Flohmarkt Hohenstadt <\/strong><\/p>\n<p>Termin: 6.9.2026 \u2013 8.00 bis 16.00 Uhr<\/p>\n<p>Ort: PEZ, Happurger Stra\u00dfe 10, 91224 Hohenstadt<\/p>\n<p><strong>Flohmarkt am Autohof W\u00f6rnitz (A7) <\/strong><\/p>\n<p>Termin: 6.9.2026 \u2013 8.00 bis 16.00 Uhr<\/p>\n<p>Ort: Autohof W\u00f6rnitz, Bastenauer Stra\u00dfe 10, 91637 W\u00f6rnitz<\/p>\n<p><strong>Flohmarkt LIDL Parkplatz F\u00fcrth <\/strong><\/p>\n<p>Termin: 6.9.2026 \u2013 8.00 bis 16.00 Uhr<\/p>\n<p>Ort: F\u00fcrth Flohmarkt LIDL Parkplatz Siemensstra\u00dfe 41, Siemensstra\u00dfe 41, 90766 F\u00fcrth<\/p>\n<p>Die Informationen und Angaben im Artikel stammen aus bayernweiten \u00dcbersichten. Es kann zu kurzfristigen \u00c4nderungen und Ausf\u00e4llen kommen, sodass f\u00fcr die Angaben im Artikel keine Gew\u00e4hr \u00fcbernommen werden kann.<\/p>\n","protected":false},"excerpt":{"rendered":"&#8211; Das Wetter genie\u00dfen und dabei nachhaltig einkaufen? Das ist auf Flohm\u00e4rkten in der Region m\u00f6glich. Auch an&hellip;\n","protected":false},"author":2,"featured_media":1280661,"comment_status":"","ping_status":"","sticky":false,"template":"","format":"standard","meta":{"footnotes":"","_share_on_mastodon":"0"},"categories":[1837],"tags":[772,3364,29,30,3783],"class_list":["post-1280660","post","type-post","status-publish","format-standard","has-post-thumbnail","category-nuernberg","tag-bayern","tag-de","tag-deutschland","tag-germany","tag-nuernberg"],"share_on_mastodon":{"url":"https:\/\/pubeurope.com\/@de\/117214146963484809","error":""},"_links":{"self":[{"href":"https:\/\/www.europesays.com\/de\/wp-json\/wp\/v2\/posts\/1280660","targetHints":{"allow":["GET"]}}],"collection":[{"href":"https:\/\/www.europesays.com\/de\/wp-json\/wp\/v2\/posts"}],"about":[{"href":"https:\/\/www.europesays.com\/de\/wp-json\/wp\/v2\/types\/post"}],"author":[{"embeddable":true,"href":"https:\/\/www.europesays.com\/de\/wp-json\/wp\/v2\/users\/2"}],"replies":[{"embeddable":true,"href":"https:\/\/www.europesays.com\/de\/wp-json\/wp\/v2\/comments?post=1280660"}],"version-history":[{"count":0,"href":"https:\/\/www.europesays.com\/de\/wp-json\/wp\/v2\/posts\/1280660\/revisions"}],"wp:featuredmedia":[{"embeddable":true,"href":"https:\/\/www.europesays.com\/de\/wp-json\/wp\/v2\/media\/1280661"}],"wp:attachment":[{"href":"https:\/\/www.europesays.com\/de\/wp-json\/wp\/v2\/media?parent=1280660"}],"wp:term":[{"taxonomy":"category","embeddable":true,"href":"https:\/\/www.europesays.com\/de\/wp-json\/wp\/v2\/categories?post=1280660"},{"taxonomy":"post_tag","embeddable":true,"href":"https:\/\/www.europesays.com\/de\/wp-json\/wp\/v2\/tags?post=1280660"}],"curies":[{"name":"wp","href":"https:\/\/api.w.org\/{rel}","templated":true}]}}