{"id":1280700,"date":"2026-09-04T18:45:19","date_gmt":"2026-09-04T18:45:19","guid":{"rendered":"https:\/\/www.europesays.com\/de\/1280700\/"},"modified":"2026-09-04T18:45:19","modified_gmt":"2026-09-04T18:45:19","slug":"polizei-jagt-trio-nach-bewaffnetem-ueberfall-auf-fressnapf-in-muenchen","status":"publish","type":"post","link":"https:\/\/www.europesays.com\/de\/1280700\/","title":{"rendered":"Polizei jagt Trio nach bewaffnetem \u00dcberfall auf Fressnapf in M\u00fcnchen"},"content":{"rendered":"<p>Drei unbekannte M\u00e4nner haben am Mittwochabend gegen 19.30 Uhr die Filiale der Zoofachhandlung &#8222;Fressnapf&#8220; im Bereich der Bodenseestra\u00dfe betreten. Zwei der drei T\u00e4ter waren maskiert, der dritte der M\u00e4nner zeigte dagegen sein Gesicht und das trotz seiner auff\u00e4lligen Tattoos.<\/p>\n<p>Flucht ins B\u00fcro<\/p>\n<p>Zwei der R\u00e4uber waren mit Messern bewaffnet. Eine 23-j\u00e4hrige Angestellte und ihr 55 Jahre alter Kollege fl\u00fcchteten sich in den hinteren Bereich der Filiale und schlossen sich dort in einem der B\u00fcros ein. Von dort aus verst\u00e4ndigten sie den Polizeinotruf 110, sagte eine Polizeisprecherin.<\/p>\n<p>Mitarbeiter stellen R\u00e4uber<\/p>\n<p>Danach gingen die beiden Angestellten laut <a href=\"https:\/\/www.abendzeitung-muenchen.de\/organisation\/polizei\/\" rel=\"nofollow noopener\" target=\"_blank\">Polizei<\/a> wieder in den Verkaufsraum zur\u00fcck. Sie sahen, dass die T\u00e4ter <br \/>zwischenzeitlich versucht hatten, die Kasse zu pl\u00fcndern. Als die beiden Mitarbeiter das Trio ansprachen, wurden sie von den M\u00e4nnern mit den Messern bedroht.<\/p>\n<p>Trio gibt auf<\/p>\n<p>Schlie\u00dflich fl\u00fcchteten die drei M\u00e4nner ohne Beute zu Fu\u00df in Richtung S-Bahnhof Neuaubing. Eine sofort eingeleitete Fahndung verlief erfolglos. Das Kommissariat 21 hat die weiteren Ermittlungen \u00fcbernommen.<\/p>\n<p>Die T\u00e4ter wurden wie folgt beschrieben:<\/p>\n<p>T\u00e4ter 1: etwa 30 Jahre alt, T\u00e4towierungen an den Unterarmen und im Gesicht\/Hals; schwarzes T-Shirt, schwarze Hose, schwarzes Basecap; schwarze Sporttasche <br \/>T\u00e4ter 2: <br \/>Dunkle Hose, schwarzes T-Shirt mit wei\u00dfen Streifen, graues Longsleeve-Shirt, darunter, lila Einweghandschuh, vermutlich Motorradhandschuh links, Basecap beige; maskiert mit Schal und farbiger Sonnenbrille; schwarze Sporttasche. <br \/>T\u00e4ter 3: <br \/>circa 40 bis 45 Jahre alt, graumelierte Haare; helle Hose, helles lang\u00e4rmliges Shirt, dunkle Tasche, lila Einweghandschuhe; maskiert mit schwarzer Einwegmaske.<\/p>\n<p>Zeugenaufruf der Polizei:<\/p>\n<p>Wer hat im angegebenen Zeitraum im Bereich der Bodenseestra\u00dfe (Pasing) Wahrnehmungen gemacht, die im Zusammenhang mit diesem Vorfall stehen k\u00f6nnten? Personen, die sachdienliche Hinweise geben k\u00f6nnen, werden gebeten, sich mit dem <a href=\"https:\/\/www.abendzeitung-muenchen.de\/organisation\/polizeipraesidium-muenchen\/\" rel=\"nofollow noopener\" target=\"_blank\">Polizeipr\u00e4sidium M\u00fcnchen<\/a>, Kommissariat 21, Telefon 089 \/ 2910-0, oder jeder anderen <br \/>Polizeidienststelle in Verbindung zu setzen.<\/p>\n","protected":false},"excerpt":{"rendered":"Drei unbekannte M\u00e4nner haben am Mittwochabend gegen 19.30 Uhr die Filiale der Zoofachhandlung &#8222;Fressnapf&#8220; im Bereich der Bodenseestra\u00dfe&hellip;\n","protected":false},"author":2,"featured_media":1280701,"comment_status":"","ping_status":"","sticky":false,"template":"","format":"standard","meta":{"footnotes":"","_share_on_mastodon":"0"},"categories":[1827],"tags":[772,29,157751,30,8131,4373,1268,4423,121,4576,5089,3356],"class_list":["post-1280700","post","type-post","status-publish","format-standard","has-post-thumbnail","category-muenchen","tag-bayern","tag-deutschland","tag-fressnapf","tag-germany","tag-gesicht","tag-hals","tag-muenchen","tag-pasing","tag-polizei","tag-raub","tag-taeter","tag-tattoo"],"share_on_mastodon":{"url":"https:\/\/pubeurope.com\/@de\/117214257376895434","error":""},"_links":{"self":[{"href":"https:\/\/www.europesays.com\/de\/wp-json\/wp\/v2\/posts\/1280700","targetHints":{"allow":["GET"]}}],"collection":[{"href":"https:\/\/www.europesays.com\/de\/wp-json\/wp\/v2\/posts"}],"about":[{"href":"https:\/\/www.europesays.com\/de\/wp-json\/wp\/v2\/types\/post"}],"author":[{"embeddable":true,"href":"https:\/\/www.europesays.com\/de\/wp-json\/wp\/v2\/users\/2"}],"replies":[{"embeddable":true,"href":"https:\/\/www.europesays.com\/de\/wp-json\/wp\/v2\/comments?post=1280700"}],"version-history":[{"count":0,"href":"https:\/\/www.europesays.com\/de\/wp-json\/wp\/v2\/posts\/1280700\/revisions"}],"wp:featuredmedia":[{"embeddable":true,"href":"https:\/\/www.europesays.com\/de\/wp-json\/wp\/v2\/media\/1280701"}],"wp:attachment":[{"href":"https:\/\/www.europesays.com\/de\/wp-json\/wp\/v2\/media?parent=1280700"}],"wp:term":[{"taxonomy":"category","embeddable":true,"href":"https:\/\/www.europesays.com\/de\/wp-json\/wp\/v2\/categories?post=1280700"},{"taxonomy":"post_tag","embeddable":true,"href":"https:\/\/www.europesays.com\/de\/wp-json\/wp\/v2\/tags?post=1280700"}],"curies":[{"name":"wp","href":"https:\/\/api.w.org\/{rel}","templated":true}]}}