{"id":1280706,"date":"2026-09-04T18:48:14","date_gmt":"2026-09-04T18:48:14","guid":{"rendered":"https:\/\/www.europesays.com\/de\/1280706\/"},"modified":"2026-09-04T18:48:14","modified_gmt":"2026-09-04T18:48:14","slug":"smm-hamburg-2026-schifffahrt-zwischen-krieg-klima-und-innovationen","status":"publish","type":"post","link":"https:\/\/www.europesays.com\/de\/1280706\/","title":{"rendered":"SMM Hamburg 2026: Schifffahrt zwischen Krieg, Klima und Innovationen"},"content":{"rendered":"<p>                <strong>Sendung: <\/strong>NDR 90,3 | Das Hamburger Hafenkonzert | 06.09.2026 | 06:00 Uhr<\/p>\n<p>                    <strong>58 Min<\/strong><br \/>\n                     | Verf\u00fcgbar bis 06.09.2027<\/p>\n<p>Ein gro\u00dfer Propeller vor dem Haupteingang der Hamburg Messe &#8211; das ist das deutliche Zeichen daf\u00fcr, dass wieder SMM-Zeit ist. Die Messe Shipbuilding, Machinery and Marine Technology ist die weltweit gr\u00f6\u00dfte Schiffbaumesse und findet alle zwei Jahre in Hamburg statt. In diesem Jahr sind gut 50.000 Fachbesucher aus 120 Nationen und rund 2.300 Aussteller aus 70 L\u00e4ndern gekommen. Zwei Themen pr\u00e4gen die Messe besonders: die anhaltenden geopolitischen Krisen mit ihren Folgen f\u00fcr die Schifffahrt und der offene Weg zu klimafreundlichen Antrieben.<\/p>\n<p>Das Hafenkonzert-Podcast war auf der SMM unterwegs, hat Hamburger Firmen besucht und mit den zentralen Akteuren der Branche gesprochen. <\/p>\n<p>Zu Wort kommen unter anderem IMO-Generalsekret\u00e4r Arsenio Dominguez, der scheidende Marine-Inspekteur Vizeadmiral Jan Christian Kaack, Gabi Bornheim, Pr\u00e4sidentin des Verbands Deutscher Reeder, Everllence-Chef Uwe Lauber, DNV-Chef Knut \u00d8rbeck-Nilssen, der maritime Koordinator der Bundesregierung Christoph Plo\u00df, BSH-Pr\u00e4sident Helge Hegewald und die Hamburger Wirtschaftssenatorin Melanie Leonhard.<\/p>\n<p>Ein besonderer Schwerpunkt liegt auf dem stark gewachsenen Bereich Sicherheit und Verteidigung, dem in diesem Jahr erstmals eine eigene Halle und die Naval Stage gewidmet sind.<\/p>\n<p>Moderation: Kerstin von St\u00fcrmer und Dietrich Lehmann<\/p>\n<p>Alle Ausgaben des Hamburger Hafenkonzerts gibt es unter ndr.de\/hafenkonzert, in der NDR <br \/>Hamburg-App und bei ARD Sounds.<\/p>\n<p>Die Themen im Einzelnen:<\/p>\n<p>\ud83d\udea2 Auftakt &#8211; Volle Auftragsb\u00fccher wie seit 20 Jahren nicht mehr; mit Gabi Bornheim (VDR)<br \/>\ud83c\udf31 Klimaneutrale Antriebe &#8211; Everllence-Chef Uwe Lauber \u00fcber Methanol, LNG und Ammoniak; mit ICS-Chef John Denholm und der Hamburger Wirtschaftssenatorin Melanie Leonhard<br \/>\ud83d\udcbb KI und Digitalisierung &#8211; DNV-Chef Knut \u00d8rbeck-Nilssen \u00fcber Chancen und Risiken<br \/>\ud83c\udde9\ud83c\uddea Maritime Zukunftsbranche &#8211; Christoph Plo\u00df, maritimer Koordinator der Bundesregierung, \u00fcber 100.000 neue Arbeitspl\u00e4tze<br \/>\ud83d\udee1 Zertifizierung und Cybersicherheit &#8211; Rasmus Stute (DNV) \u00fcber Schiffs-T\u00dcV, Verteidigungswerften und DNV Cyber<br \/>\ud83c\udf0a IMO-Chef Arsenio Dominguez &#8211; \u00dcber Ukrainekrieg, Rotes Meer, Hormuz und russische Schattenflotte<br \/>\ud83c\udde9\ud83c\uddea Deutsche Flagge &#8211; BSH-Pr\u00e4sident Helge Hegewald \u00fcber R\u00fcckflaggung und deutscheflagge.de<br \/>\ud83e\udd16 Autonome Schifffahrt &#8211; Andreas L\u00fctke (DLR Oldenburg) \u00fcber Remote Operations Center<br \/>\ud83d\udd2c Innovationen &#8211; Carlos Jahn (Fraunhofer CML) \u00fcber GPS-unabh\u00e4ngige Navigation<br \/>\ud83d\udce2 Politik-Kritik &#8211; Petra Mahnke (GMT) \u00fcber die Abwesenheit von Kanzler und Wirtschaftsministerin<br \/>\ud83d\udcb0 R\u00fcstung und Startups &#8211; Sabine Hampel (Global Resilience Innovation Fund)<br \/>\ud83d\udc64 Gabi Bornheim &#8211; Nachwuchssorgen, Klimaziel 2050 und die R\u00fcckkehr der Nuklearantriebe<br \/>\ud83d\udee1 Schattenflotte &#8211; Moritz Brake (NexMaris) \u00fcber hybride Angriffe<br \/>\u2693 Marine-Innovationen &#8211; Karsten Knecht \u00fcber das Innovationszentrum See in Kiel und Arthur 27<br \/>\ud83c\udf96 Bilanz eines Inspekteurs &#8211; Vizeadmiral Jan Christian Kaack \u00fcber die Zeitenwende und die Frage, wie er die Bedrohung durch Russland aktuell einsch\u00e4tzt<\/p>\n","protected":false},"excerpt":{"rendered":"Sendung: NDR 90,3 | Das Hamburger Hafenkonzert | 06.09.2026 | 06:00 Uhr 58 Min | Verf\u00fcgbar bis 06.09.2027&hellip;\n","protected":false},"author":2,"featured_media":1280707,"comment_status":"","ping_status":"","sticky":false,"template":"","format":"standard","meta":{"footnotes":"","_share_on_mastodon":"0"},"categories":[1826],"tags":[264259,70780,29,1149,176167,264258,30,692,1989,104206,120788,30387,19520,264256,5226,264255,206613,264257,264260],"class_list":["post-1280706","post","type-post","status-publish","format-standard","has-post-thumbnail","category-hamburg","tag-arsenio-dominguez-imo","tag-christoph-ploss","tag-deutschland","tag-energie","tag-everllence","tag-gabi-bornheim","tag-germany","tag-hamburg","tag-hamburger-hafen","tag-jan-christian-kaack","tag-melanie-leonhard","tag-russische-schattenflotte","tag-schiffbau","tag-schiffbaumesse-hamburg","tag-schifffahrt","tag-smm-2026-hamburg","tag-uwe-lauber","tag-verband-deutscher-reeder","tag-wilhelm-tobias-abry"],"share_on_mastodon":{"url":"https:\/\/pubeurope.com\/@de\/117214269082972311","error":""},"_links":{"self":[{"href":"https:\/\/www.europesays.com\/de\/wp-json\/wp\/v2\/posts\/1280706","targetHints":{"allow":["GET"]}}],"collection":[{"href":"https:\/\/www.europesays.com\/de\/wp-json\/wp\/v2\/posts"}],"about":[{"href":"https:\/\/www.europesays.com\/de\/wp-json\/wp\/v2\/types\/post"}],"author":[{"embeddable":true,"href":"https:\/\/www.europesays.com\/de\/wp-json\/wp\/v2\/users\/2"}],"replies":[{"embeddable":true,"href":"https:\/\/www.europesays.com\/de\/wp-json\/wp\/v2\/comments?post=1280706"}],"version-history":[{"count":0,"href":"https:\/\/www.europesays.com\/de\/wp-json\/wp\/v2\/posts\/1280706\/revisions"}],"wp:featuredmedia":[{"embeddable":true,"href":"https:\/\/www.europesays.com\/de\/wp-json\/wp\/v2\/media\/1280707"}],"wp:attachment":[{"href":"https:\/\/www.europesays.com\/de\/wp-json\/wp\/v2\/media?parent=1280706"}],"wp:term":[{"taxonomy":"category","embeddable":true,"href":"https:\/\/www.europesays.com\/de\/wp-json\/wp\/v2\/categories?post=1280706"},{"taxonomy":"post_tag","embeddable":true,"href":"https:\/\/www.europesays.com\/de\/wp-json\/wp\/v2\/tags?post=1280706"}],"curies":[{"name":"wp","href":"https:\/\/api.w.org\/{rel}","templated":true}]}}