{"id":1280714,"date":"2026-09-04T18:53:18","date_gmt":"2026-09-04T18:53:18","guid":{"rendered":"https:\/\/www.europesays.com\/de\/1280714\/"},"modified":"2026-09-04T18:53:18","modified_gmt":"2026-09-04T18:53:18","slug":"sturm-ueber-berlin-feuerwehr-im-ausnahmezustand","status":"publish","type":"post","link":"https:\/\/www.europesays.com\/de\/1280714\/","title":{"rendered":"Sturm \u00fcber Berlin: Feuerwehr im Ausnahmezustand"},"content":{"rendered":"<p class=\"text-black text-[18px] leading-[28.8px] font-normal font-gelasio\">\n              Eine Wetterfront mit kr\u00e4ftigen Windb\u00f6en hat am Freitagnachmittag die Berliner Feuerwehr in Atem gehalten. Ab etwa 15 Uhr r\u00fcckten die Einsatzkr\u00e4fte nach eigenen Angaben zu rund 90 wetterbedingten Eins\u00e4tzen aus. <\/p>\n<p>Die Feuerwehr rief den sogenannten \u201eAusnahmezustand Wetter\u201c aus \u2013 eine Einsatzstufe, mit der bei einer hohen Zahl paralleler Notrufe zus\u00e4tzliche Kr\u00e4fte mobilisiert werden. Zehn Freiwillige Feuerwehren wurden zur Unterst\u00fctzung in Dienst gerufen, darunter die Freiwillige Feuerwehr Hellersdorf.\n            <\/p>\n<p>            Baum st\u00fcrzt auf mehrere Autos<\/p>\n<p class=\"text-black text-[18px] leading-[28.8px] font-normal font-gelasio\">\n              Am h\u00e4ufigsten meldeten Anrufer der Feuerwehr zufolge abgebrochene \u00c4ste, lose Bauteile und umgest\u00fcrzte B\u00e4ume. Schwerpunkte im Stadtgebiet gab es demnach nicht. Der aufwendigste Einsatz ereignete sich am Bayerischen Platz: Dort st\u00fcrzte ein etwa 20 Meter hoher Baum auf mehrere geparkte Fahrzeuge. Da der Stamm mit \u00fcblichen Mitteln nicht zu bewegen war, kam der Feuerwehrkran des Technischen Dienstes zum Einsatz.\n            <\/p>\n<p class=\"text-black text-[18px] leading-[28.8px] font-normal font-gelasio\">\n              Verletzte wurden im Zusammenhang mit den Wetterereignissen zun\u00e4chst nicht gemeldet, wie die Feuerwehr am Abend mitteilte. Der Deutsche Wetterdienst hatte f\u00fcr Berlin vor Sturmb\u00f6en gewarnt.\n            <\/p>\n<p>            Ausf\u00e4lle bei der S-Bahn<\/p>\n<p class=\"text-black text-[18px] leading-[28.8px] font-normal font-gelasio\">\n              Auch der \u00f6ffentliche Nahverkehr war betroffen. Die S-Bahn meldete wetterbedingte Ausf\u00e4lle und Versp\u00e4tungen auf allen Linien. Die S7 war zwischen Wannsee und Grunewald zeitweise unterbrochen. <\/p>\n<p>In Marzahn-Hellersdorf blockierte einem Bericht <a href=\"https:\/\/marzahn-hellersdorf.com\/sturmboeen-ueber-berlin-feuerwehr-ruft-ausnahmezustand-wetter-aus-auch-einsatz-in-der-erich-kaestner-strasse\/\" target=\"_blank\" rel=\"nofollow noopener\">des Portals Marzahn-Hellersdorf LIVE <\/a>zufolge ein gro\u00dfer Ast von einem Stra\u00dfenbaum in der Erich-K\u00e4stner-Stra\u00dfe den Gehweg vollst\u00e4ndig. Die Freiwillige Feuerwehr Hellersdorf zerlegte den Ast mit einer Motorkettens\u00e4ge und r\u00e4umte den Weg frei. Verletzt wurde niemand.\n            <\/p>\n<p>                    <img decoding=\"async\" src=\"https:\/\/ostdeutscheallgemeine.com\/images\/oaz\/send-mail.svg\" alt=\"Send feedback\"\/><\/p>\n<p class=\"text-black font-libreFranklin text-sm font-medium leading-5 m-0\">\n                      Ihre Meinung ist uns wichtig. Senden Sie uns Ihr Feedback zu diesem Artikel an:<br \/>\n                      <a href=\"http:\/\/ostdeutscheallgemeine.com\/cdn-cgi\/l\/email-protection#f8949d8b9d8a9a8a919d9e9db8978b8c9c9d8d8c8b9b909d9994949f9d959d91969dd69b9795c79a979c81dedb80cbbcc3ddc8b9ddc8b9ddc8b9a7a7a7a7a7a7a7a7a7a7a7a7a7a7a7a7a7a7a7ddc8b9ba918c8c9dddcac894ddbbcbddbace8b9b909d96ddcac8ab919dddcac89c919dddcac89e97949f9d969c9d96ddcac8b9969f999a9d96ddcac896919b908cddcac8d5ddcac88b919dddcac8909d949e9d96ddcac88d968bddcabbddcac8b1908a9dddcac8a28d8b9b908a919e8cddcac89c9d95ddcac88a919b908c919f9d96ddcac8b98a8c91939d94ddcac8828d828d978a9c969d96ddcbb9ddc8b9b4919693ddcbb9ddcac8908c8c888bddcbb9ddcabeddcabe978b8c9c9d8d8c8b9b909d9994949f9d959d91969dd69b9795ddcabe998a8c919b949dddcabe8b8c8d8a95d58d9d9a9d8ad59a9d8a949196d59e9d8d9d8a8f9d908ad59195d5998d8b969990959d828d8b8c99969cd5c9c8cbcec9cbccc9\" class=\"text-black text-sm font-bold font-libreFranklin leading-5 underline hover:text-gray-500\" rel=\"nofollow noopener\" target=\"_blank\"><br \/>\n                        [email\u00a0protected]<br \/>\n                      <\/a>\n                    <\/p>\n<p>Lesen Sie mehr zum Thema<\/p>\n<p>          <a href=\"https:\/\/www.weltbuehne.com\/\" target=\"_blank\" class=\"mt-[24px] w-full flex\" rel=\"nofollow noopener\"><br \/>\n            <img decoding=\"async\" src=\"https:\/\/www.europesays.com\/de\/wp-content\/uploads\/2026\/04\/weltbune-article.png\" alt=\"weltbune Banner\"\/><br \/>\n          <\/a><\/p>\n","protected":false},"excerpt":{"rendered":"Eine Wetterfront mit kr\u00e4ftigen Windb\u00f6en hat am Freitagnachmittag die Berliner Feuerwehr in Atem gehalten. Ab etwa 15 Uhr&hellip;\n","protected":false},"author":2,"featured_media":1280715,"comment_status":"","ping_status":"","sticky":false,"template":"","format":"standard","meta":{"footnotes":"","_share_on_mastodon":"0"},"categories":[1825],"tags":[9113,513,296,29,985,2774,30,19134,32438],"class_list":["post-1280714","post","type-post","status-publish","format-standard","has-post-thumbnail","category-berlin","tag-ausnahmezustand","tag-auto","tag-berlin","tag-deutschland","tag-feuerwehr","tag-freiwillige-feuerwehr","tag-germany","tag-hellersdorf","tag-sturmboee"],"share_on_mastodon":{"url":"https:\/\/pubeurope.com\/@de\/117214291817046872","error":""},"_links":{"self":[{"href":"https:\/\/www.europesays.com\/de\/wp-json\/wp\/v2\/posts\/1280714","targetHints":{"allow":["GET"]}}],"collection":[{"href":"https:\/\/www.europesays.com\/de\/wp-json\/wp\/v2\/posts"}],"about":[{"href":"https:\/\/www.europesays.com\/de\/wp-json\/wp\/v2\/types\/post"}],"author":[{"embeddable":true,"href":"https:\/\/www.europesays.com\/de\/wp-json\/wp\/v2\/users\/2"}],"replies":[{"embeddable":true,"href":"https:\/\/www.europesays.com\/de\/wp-json\/wp\/v2\/comments?post=1280714"}],"version-history":[{"count":0,"href":"https:\/\/www.europesays.com\/de\/wp-json\/wp\/v2\/posts\/1280714\/revisions"}],"wp:featuredmedia":[{"embeddable":true,"href":"https:\/\/www.europesays.com\/de\/wp-json\/wp\/v2\/media\/1280715"}],"wp:attachment":[{"href":"https:\/\/www.europesays.com\/de\/wp-json\/wp\/v2\/media?parent=1280714"}],"wp:term":[{"taxonomy":"category","embeddable":true,"href":"https:\/\/www.europesays.com\/de\/wp-json\/wp\/v2\/categories?post=1280714"},{"taxonomy":"post_tag","embeddable":true,"href":"https:\/\/www.europesays.com\/de\/wp-json\/wp\/v2\/tags?post=1280714"}],"curies":[{"name":"wp","href":"https:\/\/api.w.org\/{rel}","templated":true}]}}