{"id":1280716,"date":"2026-09-04T18:54:31","date_gmt":"2026-09-04T18:54:31","guid":{"rendered":"https:\/\/www.europesays.com\/de\/1280716\/"},"modified":"2026-09-04T18:54:31","modified_gmt":"2026-09-04T18:54:31","slug":"deutsche-kriegsgeilheit-und-skurrile-vergleiche-bsw-protestiert-gegen-schliessung-des-russischen-hauses-in-berlin","status":"publish","type":"post","link":"https:\/\/www.europesays.com\/de\/1280716\/","title":{"rendered":"Deutsche \u201eKriegsgeilheit\u201c und skurrile Vergleiche: BSW protestiert gegen Schlie\u00dfung des Russischen Hauses in Berlin"},"content":{"rendered":"<p class=\"tspBOmb tspBOmc\">Am Freitagabend haben sich 500 Menschen in der Berliner Friedrichstra\u00dfe versammelt, um gegen die <a href=\"https:\/\/www.tagesspiegel.de\/berlin\/schliessung-aber-nicht-sofort-wie-geht-es-denn-nun-weiter-mit-dem-russischen-haus-in-berlin-16006725.html?icid=in-text-link_16020357\" class=\"link link--internal\" data-gtm-class=\"article-text-link\" data-gtm-val=\"internal\" rel=\"nofollow noopener\" target=\"_blank\">Schlie\u00dfung des Russischen Hauses<\/a> zu protestieren. Dazu aufgerufen hatte das BSW \u2013 unter dem Motto \u201eBr\u00fccken statt Mauern\u201c fordert die Wagenknecht-Partei die Offenhaltung der Kultureinrichtung.<\/p>\n<p class=\"tspBOmb\">Am Dienstag hatte Au\u00dfenminister Johann Wadephul (CDU) als eine von mehreren Sanktionen gegen die russische Regierung angek\u00fcndigt, das Haus schlie\u00dfen zu wollen. Hintergrund ist der Angriff mit einer mit Sprengstoff best\u00fcckten Drohne am Flughafen Leipzig\/Halle, <a href=\"https:\/\/www.tagesspiegel.de\/politik\/sanktionen-noch-offen-bundesregierung-will-russland-fur-drohnenattacke-in-leipzig-verantwortlich-machen-16003039.html?icid=in-text-link_16020357\" class=\"link link--internal\" data-gtm-class=\"article-text-link\" data-gtm-val=\"internal\" rel=\"nofollow noopener\" target=\"_blank\">f\u00fcr den die Bundesregierung Russland verantwortlich macht<\/a>. Man werde den Vertrag mit dem Russischen Haus k\u00fcndigen, teilte Wadephul mit.<\/p>\n<p><img decoding=\"async\" src=\"https:\/\/www.europesays.com\/de\/wp-content\/uploads\/2026\/09\/img-4552.jpeg\" alt=\"Ein Herz f\u00fcr Russland: Vor der B\u00fchne versammelten sich ein buntes H\u00e4ufchen Protestierender.\" aria-labelledby=\"caption-16020326\" width=\"620\" height=\"465\" loading=\"lazy\" class=\"tspAWiy\"\/> Ein Herz f\u00fcr Russland: Vor der B\u00fchne versammelte sich ein buntes H\u00e4ufchen Protestierender. <\/p>\n<p class=\"tspAFgu\"> \u00a9 Madlen Haarbach <\/p>\n<p> Russischer Pop und DKP-Oldies <\/p>\n<p class=\"tspBOmb\">Bei der Demonstration am Freitagabend l\u00e4uft lautstark russischer Pop. Eine Rednerin fordert, \u201edieser Kriegsgeilheit endlich ein Ende zu setzen\u201d. Das Russische Haus sei ein wichtiger Kulturort. Der Altersdurchschnitt der Teilnehmenden liegt deutlich jenseits der 50. Viele schwenken russische Fahnen oder solche von BSW oder der kommunistischen Partei DKP.<\/p>\n<p><img decoding=\"async\" src=\"https:\/\/www.europesays.com\/de\/wp-content\/uploads\/2026\/09\/img-4553.jpeg\" alt=\"Die \u201eKommunistische Organisation\u201c erkl\u00e4rt Russland kurzerhand zum Opfer des Angriffskrieges.\" aria-labelledby=\"caption-16020327\" width=\"620\" height=\"465\" loading=\"lazy\" class=\"tspAWiy\"\/> Die \u201eKommunistische Organisation\u201c erkl\u00e4rte Russland kurzerhand zum Opfer des Angriffskrieges. <\/p>\n<p class=\"tspAFgu\"> \u00a9 Madlen Haarbach <\/p>\n<p class=\"tspBOmb\">Rund 100 Meter weiter hat sich eine Gegendemonstration mit einigen Dutzend Teilnehmenden positioniert. Dort schwenken Teilnehmende unter anderem Ukraineflaggen. Statt russischem Pop l\u00e4uft hier \u201eBye bye bye\u201d von Nsync \u2013 eine unmissverst\u00e4ndliche Botschaft in Richtung des Russischen Hauses. Bei dieser Kundgebung sprach auch die Gr\u00fcnen-Fraktionsvorsitzende im Abgeordnetenhaus, Bettina Jarasch, und rief zur Solidarit\u00e4t mit der Ukraine auf.<\/p>\n<p><img decoding=\"async\" src=\"https:\/\/www.europesays.com\/de\/wp-content\/uploads\/2026\/09\/img-4556.jpeg\"   alt=\"\" aria-labelledby=\"caption-16020325\" width=\"440\" height=\"330\" loading=\"lazy\" class=\"tspAWiy\"\/> Unter den pro-ukrainischen Gegendemonstrierenden waren die Gr\u00fcnen prominent vertreten. <\/p>\n<p class=\"tspAFgu\"> \u00a9 Madlen Harbach <\/p>\n<p class=\"tspBOmb\">Der B\u00fcrgermeisterkandidat des BSW, Alexander King, zweifelt auf der B\u00fchne die Hypothesen zur russischen Urheberschaft der Dronenattacke am Leipziger Flughafen an. \u201eDas ist schlicht nicht plausibel\u201d, sagte er. Auch, dass das russische Haus zur Spionage verwendet w\u00fcrde, sei blo\u00dfe Spekulation. \u201eDas ist skandal\u00f6s und eine weitere Eskalation\u201d, sagte King in seinem Redebeitrag. Stattdessen sei das Russische Haus \u201eeine Br\u00fccke\u201d und \u201ev\u00f6lkerverbindend\u201d.<\/p>\n<p> BSW-Politikerin vergleicht Partei mit NS-Widerstand <\/p>\n<p class=\"tspBOmb\">\u201eMit ihrem Furor gegen den Kulturaustausch erinnert diese Bundesregierung an finsterste deutsche Zeiten\u201d, raunt die ehemalige Bundestagsabgeordnete Sevim Da\u011fdelen auf der B\u00fchne. Sie vergleicht das BSW mit dem Widerstand gegen das NS-Regime und behauptet: \u201eMerz und Klingbeil tragen den Krieg direkt nach Deutschland, sie sind eine Gefahr f\u00fcr unsere Sicherheit\u201d.<\/p>\n<p class=\"tspBOmb\">Da\u011fdelen sa\u00df bis 2025 im Bundestag und z\u00e4hlte bereits in der Partei Die Linke zu den engsten Vertrauten von BSW-Gr\u00fcnderin Sahra Wagenknecht. Seit Januar 2024 ist auch Da\u011fdelen Mitglied des BSW. Sie kandiert f\u00fcr die Partei aktuell f\u00fcr das Berliner Abgeordnetenhaus.<\/p>\n<p>Mehr zum Russischen Haus in Berlin:<a href=\"https:\/\/www.tagesspiegel.de\/berlin\/bezirke\/mitte\/ich-hatte-freudentranen-in-den-augen-dauerdemonstrant-reagiert-auf-angekundigtes-aus-fur-russisches-haus-in-berlin-16008050.html?icid=topic-list_16020357___\" data-gtm-class=\"article-mzt-link\" data-hydrate-fingerprint=\"09740a54944caac75fd2c0c63fd5c5df\" data-hydrate-props=\"{&amp;escapedquot;element&amp;escapedquot;:{&amp;escapedquot;type&amp;escapedquot;:&amp;escapedquot;relatedContent&amp;escapedquot;,&amp;escapedquot;fieldMap&amp;escapedquot;:{},&amp;escapedquot;relation&amp;escapedquot;:{&amp;escapedquot;fields&amp;escapedquot;:{&amp;escapedquot;isPaid&amp;escapedquot;:true},&amp;escapedquot;href&amp;escapedquot;:&amp;escapedquot;\/berlin\/bezirke\/mitte\/ich-hatte-freudentranen-in-den-augen-dauerdemonstrant-reagiert-auf-angekundigtes-aus-fur-russisches-haus-in-berlin-16008050.html&amp;escapedquot;,&amp;escapedquot;teaserTitle&amp;escapedquot;:{&amp;escapedquot;kicker&amp;escapedquot;:&amp;escapedquot;\u201eIch hatte Freudentr\u00e4nen in den Augen\u201c&amp;escapedquot;,&amp;escapedquot;headline&amp;escapedquot;:&amp;escapedquot;Dauerdemonstrant reagiert auf angek\u00fcndigtes Aus f\u00fcr Russisches Haus in Berlin&amp;escapedquot;},&amp;escapedquot;id&amp;escapedquot;:&amp;escapedquot;16008050&amp;escapedquot;,&amp;escapedquot;type&amp;escapedquot;:&amp;escapedquot;story&amp;escapedquot;},&amp;escapedquot;isPartOfList&amp;escapedquot;:true,&amp;escapedquot;topicListType&amp;escapedquot;:&amp;escapedquot;topic-list&amp;escapedquot;},&amp;escapedquot;showArrow&amp;escapedquot;:true}\" data-hydrate-slots=\"{&#039;default&#039;:[]}\" class=\"tspDCr5 tspCWqd\" rel=\"nofollow noopener\" target=\"_blank\">\u201eIch hatte Freudentr\u00e4nen in den Augen\u201c Dauerdemonstrant reagiert auf angek\u00fcndigtes Aus f\u00fcr Russisches Haus in Berlin <\/a><a href=\"https:\/\/www.tagesspiegel.de\/berlin\/schliessung-aber-nicht-sofort-wie-geht-es-denn-nun-weiter-mit-dem-russischen-haus-in-berlin-16006725.html?icid=topic-list_16020357___\" data-gtm-class=\"article-mzt-link\" data-hydrate-fingerprint=\"09740a54944caac75fd2c0c63fd5c5df\" data-hydrate-props=\"{&amp;escapedquot;element&amp;escapedquot;:{&amp;escapedquot;type&amp;escapedquot;:&amp;escapedquot;relatedContent&amp;escapedquot;,&amp;escapedquot;fieldMap&amp;escapedquot;:{},&amp;escapedquot;relation&amp;escapedquot;:{&amp;escapedquot;fields&amp;escapedquot;:{&amp;escapedquot;isPaid&amp;escapedquot;:null},&amp;escapedquot;href&amp;escapedquot;:&amp;escapedquot;\/berlin\/schliessung-aber-nicht-sofort-wie-geht-es-denn-nun-weiter-mit-dem-russischen-haus-in-berlin-16006725.html&amp;escapedquot;,&amp;escapedquot;teaserTitle&amp;escapedquot;:{&amp;escapedquot;kicker&amp;escapedquot;:&amp;escapedquot;Schlie\u00dfung, aber nicht sofort&amp;escapedquot;,&amp;escapedquot;headline&amp;escapedquot;:&amp;escapedquot;Wie geht es denn nun weiter mit dem Russischen Haus in Berlin?&amp;escapedquot;},&amp;escapedquot;id&amp;escapedquot;:&amp;escapedquot;16006725&amp;escapedquot;,&amp;escapedquot;type&amp;escapedquot;:&amp;escapedquot;story&amp;escapedquot;},&amp;escapedquot;isPartOfList&amp;escapedquot;:true,&amp;escapedquot;topicListType&amp;escapedquot;:&amp;escapedquot;topic-list&amp;escapedquot;},&amp;escapedquot;showArrow&amp;escapedquot;:true}\" data-hydrate-slots=\"{&#039;default&#039;:[]}\" class=\"tspDCr5 tspCWqd\" rel=\"nofollow noopener\" target=\"_blank\">Schlie\u00dfung, aber nicht sofort Wie geht es denn nun weiter mit dem Russischen Haus in Berlin? <\/a><a href=\"https:\/\/www.tagesspiegel.de\/berlin\/putin-propaganda-mitten-in-berlin-schliesst-endlich-das-russische-haus-15939321.html?icid=topic-list_16020357___\" data-gtm-class=\"article-mzt-link\" data-hydrate-fingerprint=\"09740a54944caac75fd2c0c63fd5c5df\" data-hydrate-props=\"{&amp;escapedquot;element&amp;escapedquot;:{&amp;escapedquot;type&amp;escapedquot;:&amp;escapedquot;relatedContent&amp;escapedquot;,&amp;escapedquot;fieldMap&amp;escapedquot;:{},&amp;escapedquot;relation&amp;escapedquot;:{&amp;escapedquot;fields&amp;escapedquot;:{&amp;escapedquot;isPaid&amp;escapedquot;:null},&amp;escapedquot;href&amp;escapedquot;:&amp;escapedquot;\/berlin\/putin-propaganda-mitten-in-berlin-schliesst-endlich-das-russische-haus-15939321.html&amp;escapedquot;,&amp;escapedquot;teaserTitle&amp;escapedquot;:{&amp;escapedquot;kicker&amp;escapedquot;:&amp;escapedquot;Putin-Propaganda mitten in Berlin&amp;escapedquot;,&amp;escapedquot;headline&amp;escapedquot;:&amp;escapedquot;Schlie\u00dft endlich das Russische Haus!&amp;escapedquot;},&amp;escapedquot;id&amp;escapedquot;:&amp;escapedquot;15939321&amp;escapedquot;,&amp;escapedquot;type&amp;escapedquot;:&amp;escapedquot;story&amp;escapedquot;},&amp;escapedquot;isPartOfList&amp;escapedquot;:true,&amp;escapedquot;topicListType&amp;escapedquot;:&amp;escapedquot;topic-list&amp;escapedquot;},&amp;escapedquot;showArrow&amp;escapedquot;:true}\" data-hydrate-slots=\"{&#039;default&#039;:[]}\" class=\"tspDCr5 tspCWqd\" rel=\"nofollow noopener\" target=\"_blank\">Putin-Propaganda mitten in Berlin Schlie\u00dft endlich das Russische Haus! <\/a><\/p>\n<p class=\"tspBOmb\">Nach der Vertragslage wird die Nutzung des Russischen Hauses erst Mitte 2027 auslaufen. Doch die Bundesregierung will den Betrieb schon vorher einschr\u00e4nken. Deshalb werden alle aus Russland entsandten Mitarbeiter zur Ausreise aufgefordert \u2013 ebenso wie das Personal des russischen Generalkonsulats in Bonn, das am 18. September schlie\u00dft. Auch nach dem Ende des Kulturzentrums bleibt das gro\u00dfe Haus in russischem Staatsbesitz.<\/p>\n<p class=\"tspBOmb\">Betrieben wird das Russische Haus von der staatlichen russischen Agentur f\u00fcr kulturelle Zusammenarbeit (Rossotrudnitschestwo). Wegen des Ukraine-Krieges hat die EU die Agentur 2022 auf ihre Sanktionsliste gesetzt. (mit dpa)<\/p>\n","protected":false},"excerpt":{"rendered":"Am Freitagabend haben sich 500 Menschen in der Berliner Friedrichstra\u00dfe versammelt, um gegen die Schlie\u00dfung des Russischen Hauses&hellip;\n","protected":false},"author":2,"featured_media":1280717,"comment_status":"","ping_status":"","sticky":false,"template":"","format":"standard","meta":{"footnotes":"","_share_on_mastodon":"0"},"categories":[1825],"tags":[296,5006,1173,31,29,30,1435,525,307,317],"class_list":["post-1280716","post","type-post","status-publish","format-standard","has-post-thumbnail","category-berlin","tag-berlin","tag-bezirke","tag-bundesregierung","tag-cdu","tag-deutschland","tag-germany","tag-krieg-in-der-ukraine","tag-mitte","tag-russland","tag-ukraine"],"share_on_mastodon":{"url":"https:\/\/pubeurope.com\/@de\/117214294457931137","error":""},"_links":{"self":[{"href":"https:\/\/www.europesays.com\/de\/wp-json\/wp\/v2\/posts\/1280716","targetHints":{"allow":["GET"]}}],"collection":[{"href":"https:\/\/www.europesays.com\/de\/wp-json\/wp\/v2\/posts"}],"about":[{"href":"https:\/\/www.europesays.com\/de\/wp-json\/wp\/v2\/types\/post"}],"author":[{"embeddable":true,"href":"https:\/\/www.europesays.com\/de\/wp-json\/wp\/v2\/users\/2"}],"replies":[{"embeddable":true,"href":"https:\/\/www.europesays.com\/de\/wp-json\/wp\/v2\/comments?post=1280716"}],"version-history":[{"count":0,"href":"https:\/\/www.europesays.com\/de\/wp-json\/wp\/v2\/posts\/1280716\/revisions"}],"wp:featuredmedia":[{"embeddable":true,"href":"https:\/\/www.europesays.com\/de\/wp-json\/wp\/v2\/media\/1280717"}],"wp:attachment":[{"href":"https:\/\/www.europesays.com\/de\/wp-json\/wp\/v2\/media?parent=1280716"}],"wp:term":[{"taxonomy":"category","embeddable":true,"href":"https:\/\/www.europesays.com\/de\/wp-json\/wp\/v2\/categories?post=1280716"},{"taxonomy":"post_tag","embeddable":true,"href":"https:\/\/www.europesays.com\/de\/wp-json\/wp\/v2\/tags?post=1280716"}],"curies":[{"name":"wp","href":"https:\/\/api.w.org\/{rel}","templated":true}]}}