{"id":1280772,"date":"2026-09-04T19:33:42","date_gmt":"2026-09-04T19:33:42","guid":{"rendered":"https:\/\/www.europesays.com\/de\/1280772\/"},"modified":"2026-09-04T19:33:42","modified_gmt":"2026-09-04T19:33:42","slug":"wuelfrather-kinderfahrradhersteller-puky-macht-werksverkauf","status":"publish","type":"post","link":"https:\/\/www.europesays.com\/de\/1280772\/","title":{"rendered":"W\u00fclfrather Kinderfahrradhersteller Puky macht Werksverkauf"},"content":{"rendered":"<p class=\"text_ohne_einzug richtext text-em-55 !leading-serif mx-6 desktop:mx-0\">  Seit 77 Jahren steht der Name Puky f\u00fcr Qualit\u00e4t und ist mehr als nur eine Marke f\u00fcr Laufr\u00e4der und Fahrr\u00e4der. Das W\u00fclfrather Unternehmen ist jeder Familie ein Begriff. Selbst gebraucht bleiben die Puky-R\u00e4der wertstabil. Als Puky 2023 erstmals auf dem Firmengel\u00e4nde an der Fortunastra\u00dfe einen Werksverkauf durchf\u00fchrte, war die Resonanz \u00fcberw\u00e4ltigend. Das Werk erlebte einen regelrechten Run von Familien, die ein Schn\u00e4ppchen machen wollten. Und nun gibt es wieder Gelegenheit dazu.<\/p>\n<p>Vom Laufrad bis zum Mountainbike      <\/p>\n<p class=\"richtext text-em-55 !leading-serif mx-6 desktop:mx-0\">Nachdem ein zweiter Werksverkauf im Jubil\u00e4umsjahr 2024 auf eine eher verhaltene Resonanz stie\u00df, hofft Betriebsleiter Matthias Burkhardt nun nach einer kleinen Pause bei der dritten Auflage wieder auf ein gro\u00dfes Interesse der Familien im Umkreis. Am 19. September von 9 bis 15 Uhr k\u00f6nnen Familien ein Angebot von Kinder- und Jugendfahrr\u00e4dern (zum Beispiel Mountainbikes der Tochtermarke Eigthshot), Scootern, Laufr\u00e4dern und vieles mehr auf dem Werksgel\u00e4nde an der Fortunastra\u00dfe 11 finden.<\/p>\n<p>Einzelst\u00fccke und B-Ware mit kleinen Sch\u00f6nheitsfehlern      <\/p>\n<p class=\"richtext text-em-55 !leading-serif mx-6 desktop:mx-0\">Es handelt sich dabei um ausgew\u00e4hlte Einzelst\u00fccke, Restposten und B-Ware mit optischen M\u00e4ngeln. \u201eDas kann zum Beispiel ein kleiner Kratzer sein oder ein Farbfehler\u201c, erkl\u00e4rt Burkhardt. Er betont, dass diese optischen M\u00e4ngel aber keinerlei Auswirkungen auf die Qualit\u00e4t der R\u00e4der haben. \u201eAlle Fahrzeuge wurden von unserem Qualit\u00e4tsmanagement vorab gepr\u00fcft\u201c, so der Betriebsleiter.<\/p>\n<p>Gepr\u00fcfte Qualit\u00e4t zu stark reduzierten Preisen      <\/p>\n<p class=\"richtext text-em-55 !leading-serif mx-6 desktop:mx-0\">Beim Werksverkauf bekommt man qualitativ hochwertige R\u00e4der zu einem guten Kurs, so Burkhardt weiter. Auf der eigenen Homepage wirbt Puky mit \u201eimmer mindestens 50 Prozent Rabatt auf den UVP-Preis\u201c. Es k\u00f6nnen aber auch schon mal 60 Prozent sein, je nach Modell, erg\u00e4nzt Burkhardt. Die reduzierten Preise sind auf die ausgestellten Produkte beschr\u00e4nkt und dort auch direkt zu finden. Sie gelten nur am Werksverkaufstag.<\/p>\n<p>Kein Testparcours und nur Kartenzahlung m\u00f6glich      <\/p>\n<p class=\"richtext text-em-55 !leading-serif mx-6 desktop:mx-0\">Andres als bei der Werksverkauf-Premiere wird es dieses Mal keinen Testparcours geben \u2013 aus Platzgr\u00fcnden, wie Burkhardt erkl\u00e4rt. Im Fokus stehen Beratung und Verkauf. Und auch das hat Puky aus der Premiere gelernt: Um die Kassenschlangen besser zu steuern, wird es drei unterschiedliche Kassen geben, an denen nur mit Karte bezahlt werden kann. Eine Barzahlung ist nicht m\u00f6glich.<\/p>\n<p>Pr\u00e4senz der Marke erh\u00f6hen      <\/p>\n<p class=\"richtext text-em-55 !leading-serif mx-6 desktop:mx-0\">Der Werksverkauf ist f\u00fcr Puky aber nicht nur eine Gelegenheit, Fahrzeuge mit kleinen Sch\u00f6nheitsfehlern vor der Schrottpresse zu bewahren, sondern auch eine M\u00f6glichkeit, den Bekanntheitsfaktor der Marke auszubauen. So sei vielen vor der Premiere im Jahr 2023 gar nicht bewusst gewesen, dass Puky den Firmensitz in W\u00fclfrath hat, erkl\u00e4rt Burkhardt. Das Unternehmen m\u00f6chte die Pr\u00e4senz bei den Menschen in der Region erh\u00f6hen. Intern will das Unternehmen nach dem dritten Werksverkauf Bilanz ziehen und pr\u00fcfen, ob und wie es das Format k\u00fcnftig anbietet.<\/p>\n","protected":false},"excerpt":{"rendered":"Seit 77 Jahren steht der Name Puky f\u00fcr Qualit\u00e4t und ist mehr als nur eine Marke f\u00fcr Laufr\u00e4der&hellip;\n","protected":false},"author":2,"featured_media":1280773,"comment_status":"","ping_status":"","sticky":false,"template":"","format":"standard","meta":{"footnotes":"","_share_on_mastodon":"0"},"categories":[1840],"tags":[3364,29,210971,264266,30,264269,264265,264268,1209,84719,50057,89264,264267,10421,16068,141241,27167,4418],"class_list":["post-1280772","post","type-post","status-publish","format-standard","has-post-thumbnail","category-wuppertal","tag-de","tag-deutschland","tag-einzelstuecke","tag-fortunastrasse","tag-germany","tag-jugendfahrraeder","tag-laufraeder","tag-maengeln","tag-nordrhein-westfalen","tag-optischen","tag-puky","tag-raeder","tag-restposten","tag-werk","tag-werksgelaende","tag-werksverkauf","tag-wuelfrath","tag-wuppertal"],"share_on_mastodon":{"url":"https:\/\/pubeurope.com\/@de\/117214445745499343","error":""},"_links":{"self":[{"href":"https:\/\/www.europesays.com\/de\/wp-json\/wp\/v2\/posts\/1280772","targetHints":{"allow":["GET"]}}],"collection":[{"href":"https:\/\/www.europesays.com\/de\/wp-json\/wp\/v2\/posts"}],"about":[{"href":"https:\/\/www.europesays.com\/de\/wp-json\/wp\/v2\/types\/post"}],"author":[{"embeddable":true,"href":"https:\/\/www.europesays.com\/de\/wp-json\/wp\/v2\/users\/2"}],"replies":[{"embeddable":true,"href":"https:\/\/www.europesays.com\/de\/wp-json\/wp\/v2\/comments?post=1280772"}],"version-history":[{"count":0,"href":"https:\/\/www.europesays.com\/de\/wp-json\/wp\/v2\/posts\/1280772\/revisions"}],"wp:featuredmedia":[{"embeddable":true,"href":"https:\/\/www.europesays.com\/de\/wp-json\/wp\/v2\/media\/1280773"}],"wp:attachment":[{"href":"https:\/\/www.europesays.com\/de\/wp-json\/wp\/v2\/media?parent=1280772"}],"wp:term":[{"taxonomy":"category","embeddable":true,"href":"https:\/\/www.europesays.com\/de\/wp-json\/wp\/v2\/categories?post=1280772"},{"taxonomy":"post_tag","embeddable":true,"href":"https:\/\/www.europesays.com\/de\/wp-json\/wp\/v2\/tags?post=1280772"}],"curies":[{"name":"wp","href":"https:\/\/api.w.org\/{rel}","templated":true}]}}