{"id":1280780,"date":"2026-09-04T19:40:23","date_gmt":"2026-09-04T19:40:23","guid":{"rendered":"https:\/\/www.europesays.com\/de\/1280780\/"},"modified":"2026-09-04T19:40:23","modified_gmt":"2026-09-04T19:40:23","slug":"ukraine-krieg-selenskyj-us-vermittler-kommen-am-sonntag-nach-kiew","status":"publish","type":"post","link":"https:\/\/www.europesays.com\/de\/1280780\/","title":{"rendered":"Ukraine-Krieg: Selenskyj: US-Vermittler kommen am Sonntag nach Kiew"},"content":{"rendered":"<p class=\"paragraph article__item\">Der ukrainische Pr\u00e4sident <a class=\"rtr-entity\" href=\"https:\/\/www.zeit.de\/thema\/wolodymyr-selenskyj\" rel=\"nofollow noopener\" target=\"_blank\">Wolodymyr Selenskyj<\/a> hat einen Besuch der US-Vermittler Steve Witkoff und Jared Kushner am Sonntag in Kiew angek\u00fcndigt. Es sei heute besprochen worden, dass Steve Witkoff und Jared Kushner erst Moskau besuchen und am Sonntag Kiew reisen werden, sagte Selenskyj in einer Videobotschaft. Die Ukraine bereite sich darauf vor.\u00a0\n<\/p>\n<p>Aktuelles<\/p>\n<p>                <a href=\"https:\/\/www.zeit.de\/politik\/ausland\/2026-08\/boryspil-russland-raketenangriff-johann-wadephul\" data-ct-label=\"Russischer Angriff bei Kyjiw: Raketenangriff auf Vorort von Kyjiw w\u00e4hrend Wadephuls Besuch\" data-uuid=\"c0ab9814-1e03-4ffc-9802-f803846d4d5c\" rel=\"nofollow noopener\" target=\"_blank\"><\/p>\n<p>                        Russischer Angriff bei Kyjiw:<br \/>\n                        Raketenangriff auf Vorort von Kyjiw w\u00e4hrend Wadephuls Besuch<\/p>\n<p>                <\/a><\/p>\n<p>                <a href=\"https:\/\/www.zeit.de\/politik\/ausland\/2026-09\/russische-drohne-kiew-sbu-geheimdienst-ukraine\" data-ct-label=\"Krieg gegen die Ukraine: Russische Drohne trifft Geheimdienstzentrale in Kyjiw\" data-uuid=\"2b88f8b7-f232-47b0-9677-ba482df2d709\" rel=\"nofollow noopener\" target=\"_blank\"><\/p>\n<p>                        Krieg gegen die Ukraine:<br \/>\n                        Russische Drohne trifft Geheimdienstzentrale in Kyjiw<\/p>\n<p>                <\/a><\/p>\n<p>                <a href=\"https:\/\/www.zeit.de\/politik\/ausland\/2026-08\/jared-kushner-aegypten-gaza-gespraeche\" data-ct-label=\"US-Unterh\u00e4ndler: Kushner f\u00fchrt in \u00c4gypten Gespr\u00e4che \u00fcber Gazastreifen\" data-uuid=\"7c49a4cd-96f5-4b58-b399-9b021146f287\" rel=\"nofollow noopener\" target=\"_blank\"><\/p>\n<p>                        US-Unterh\u00e4ndler:<br \/>\n                        Kushner f\u00fchrt in \u00c4gypten Gespr\u00e4che \u00fcber Gazastreifen<\/p>\n<p>                <\/a><\/p>\n<p class=\"paragraph article__item\">US-Pr\u00e4sident Donald Trump best\u00e4tigte im Wei\u00dfen Haus auf Reporternachfrage, dass er seine beiden Unterh\u00e4ndler entsandt habe. Konkrete Daten nannte er dabei nicht. Sie w\u00fcrden einen Vorschlag mitbringen, um den <a class=\"rtr-entity\" href=\"https:\/\/www.zeit.de\/thema\/krieg-in-ukraine\" rel=\"nofollow noopener\" target=\"_blank\">Ukraine-Krieg<\/a> zu beenden, sagte Trump &#8211; auch in diesem Fall, ohne ins Detail zu gehen. \u00abWir haben sie dorthin geschickt, um zu pr\u00fcfen, ob wir etwas erreichen k\u00f6nnen.\u00bb Wie bereits bei vorherigen Vermittlungsbem\u00fchungen seines Landes in dem Krieg gab sich Trump optimistisch, dass das gelingen k\u00f6nnte. Ein echter Durchbruch wurde dabei bislang aber nicht erreicht.\u00a0\n<\/p>\n<p class=\"paragraph article__item\">Selenskyj k\u00fcndigte an, dass <a class=\"rtr-entity\" href=\"https:\/\/www.zeit.de\/thema\/kiew\" rel=\"nofollow noopener\" target=\"_blank\">Kiew<\/a>, \u00abwie es bei vorherigen diplomatischen Besuchen der US-Seite war\u00bb, den normalen Betrieb des russischen Luftraums f\u00fcr den Besuch gew\u00e4hrleiste. Von ukrainischer Seite werde es keine Luftangriffe geben, Russland m\u00fcsse spiegelbildlich reagieren, sagte er.\u00a0\n<\/p>\n<p>            Unbest\u00e4tigte Berichte \u00fcber Reisen der US-Vermittler            <\/p>\n<p class=\"paragraph article__item\">Zuvor hatte es bereits unbest\u00e4tigte Berichte dar\u00fcber gegeben, dass der US-Sondergesandte <a class=\"rtr-entity\" href=\"https:\/\/www.zeit.de\/thema\/steve-witkoff\" rel=\"nofollow noopener\" target=\"_blank\">Witkoff<\/a> und der Schwiegersohn von US-Pr\u00e4sident Trump, Kushner, planen sollen, am Samstag nach Moskau und am Sonntag nach Kiew zu reisen.\n<\/p>\n<p class=\"paragraph article__item\">Die \u00abNew York Times\u00bb berichtete unter Berufung auf mit den diplomatischen Bem\u00fchungen vertraute Beamte, es werde erwartet, dass die US-Vermittler zuerst Russlands Pr\u00e4sidenten Wladimir Putin und dann Selenskyj treffen w\u00fcrden. Demnach zogen sich Verhandlungen \u00fcber die Reise wochenlang. Die USA h\u00e4tten darauf bestanden, dass die Ukrainer ihre Drohnenangriffe auf Moskau und die russische Energieinfrastruktur vor\u00fcbergehend einstellen, solange sich Witkoff und <a class=\"rtr-entity\" href=\"https:\/\/www.zeit.de\/thema\/jared-kushner\" rel=\"nofollow noopener\" target=\"_blank\">Kushner<\/a> in Russland aufhalten. Die Russen m\u00fcssten ihre Raketenangriffe auf Kiew stoppen, schrieb die Zeitung.\n<\/p>\n<p class=\"paragraph article__item\">Kremlsprecher Dmitri Peskow hatte am Nachmittag der staatlichen russischen Nachrichtenagentur Tass zufolge auf die Frage, wann Witkoff\u00a0und\u00a0Kushner\u00a0in Moskau erwartet w\u00fcrden, geantwortet: \u00abIch werde nichts ank\u00fcndigen. Wenn diese Kontakte stattfinden, werden wir dar\u00fcber informieren.\u00bb\n<\/p>\n<p class=\"paragraph article__item\">Witkoff und Kushner sind in der Trump-Regierung f\u00fcr die Bem\u00fchungen um ein Ende des seit mehr als viereinhalb Jahren andauernden russischen Angriffskriegs gegen die Ukraine\u00a0zust\u00e4ndig. In den vergangenen Monaten lagen die Gespr\u00e4che allerdings auf Eis, weil Washington sein Augenmerk auf den Krieg gegen den Iran richtete. Die US-Vermittler haben seit 2025 mehrmals Moskau besucht, waren aber f\u00fcr ihre Vermittlungsbem\u00fchungen noch nie in Kiew. Zuletzt sa\u00df Washington im Februar als Vermittler am Tisch bei direkten Verhandlungen zwischen Moskau und Kiew in der Schweiz.\n<\/p>\n<p class=\"paragraph article__item\">\u00a9 dpa-infocom, dpa:260904-930-635471\/2<\/p>\n","protected":false},"excerpt":{"rendered":"Der ukrainische Pr\u00e4sident Wolodymyr Selenskyj hat einen Besuch der US-Vermittler Steve Witkoff und Jared Kushner am Sonntag in&hellip;\n","protected":false},"author":2,"featured_media":1280781,"comment_status":"","ping_status":"","sticky":false,"template":"","format":"standard","meta":{"footnotes":"","_share_on_mastodon":"0"},"categories":[4012],"tags":[331,332,13,120304,1435,1437,308,14,15,307,12,14564,317,1712,107],"class_list":["post-1280780","post","type-post","status-publish","format-standard","has-post-thumbnail","category-ukraine","tag-aktuelle-nachrichten","tag-aktuelle-news","tag-headlines","tag-jared-kushner","tag-krieg-in-der-ukraine","tag-kyjiw","tag-moskau","tag-nachrichten","tag-news","tag-russland","tag-schlagzeilen","tag-steve-witkoff","tag-ukraine","tag-ukraine-krieg","tag-wolodymyr-selenskyj"],"share_on_mastodon":{"url":"https:\/\/pubeurope.com\/@de\/117214473498099098","error":""},"_links":{"self":[{"href":"https:\/\/www.europesays.com\/de\/wp-json\/wp\/v2\/posts\/1280780","targetHints":{"allow":["GET"]}}],"collection":[{"href":"https:\/\/www.europesays.com\/de\/wp-json\/wp\/v2\/posts"}],"about":[{"href":"https:\/\/www.europesays.com\/de\/wp-json\/wp\/v2\/types\/post"}],"author":[{"embeddable":true,"href":"https:\/\/www.europesays.com\/de\/wp-json\/wp\/v2\/users\/2"}],"replies":[{"embeddable":true,"href":"https:\/\/www.europesays.com\/de\/wp-json\/wp\/v2\/comments?post=1280780"}],"version-history":[{"count":0,"href":"https:\/\/www.europesays.com\/de\/wp-json\/wp\/v2\/posts\/1280780\/revisions"}],"wp:featuredmedia":[{"embeddable":true,"href":"https:\/\/www.europesays.com\/de\/wp-json\/wp\/v2\/media\/1280781"}],"wp:attachment":[{"href":"https:\/\/www.europesays.com\/de\/wp-json\/wp\/v2\/media?parent=1280780"}],"wp:term":[{"taxonomy":"category","embeddable":true,"href":"https:\/\/www.europesays.com\/de\/wp-json\/wp\/v2\/categories?post=1280780"},{"taxonomy":"post_tag","embeddable":true,"href":"https:\/\/www.europesays.com\/de\/wp-json\/wp\/v2\/tags?post=1280780"}],"curies":[{"name":"wp","href":"https:\/\/api.w.org\/{rel}","templated":true}]}}