{"id":1280801,"date":"2026-09-04T19:53:16","date_gmt":"2026-09-04T19:53:16","guid":{"rendered":"https:\/\/www.europesays.com\/de\/1280801\/"},"modified":"2026-09-04T19:53:16","modified_gmt":"2026-09-04T19:53:16","slug":"haniel-klassik-open-air-in-duisburg-7-auflage-im-september","status":"publish","type":"post","link":"https:\/\/www.europesays.com\/de\/1280801\/","title":{"rendered":"Haniel Klassik Open Air in Duisburg: 7. Auflage im September"},"content":{"rendered":"<p class=\"text_ohne_einzug richtext text-em-55 !leading-serif mx-6 desktop:mx-0\">Am Opernplatz in <a href=\"https:\/\/rp-online.de\/thema\/duisburg\/\" rel=\"nofollow noopener\" target=\"_blank\">Duisburg<\/a> findet am 11. und 12. September wieder ein musikalisches Wochenende unter freiem Himmel statt. Den Auftakt macht am Freitag das 7. <a href=\"https:\/\/rp-online.de\/thema\/haniel\/\" rel=\"nofollow noopener\" target=\"_blank\">Haniel<\/a> Klassik Open Air, am Samstag folgt dann \u201eTheater Duisburg Rockt!\u201c mit Bands, Kabarett und DJs. Beide Veranstaltungen sind f\u00fcr Besucher kostenlos.<\/p>\n<p class=\"richtext text-em-55 !leading-serif mx-6 desktop:mx-0\">Das Klassik Open Air beginnt am Freitag um 19.30 Uhr. Auf der B\u00fchne stehen nach Angaben des Veranstalters unter anderem die Familie Haniel, sieben Solisten aus dem Ensemble der Deutschen Oper am <a href=\"https:\/\/rp-online.de\/thema\/rhein\/\" rel=\"nofollow noopener\" target=\"_blank\">Rhein<\/a> sowie der Chor der Deutschen Oper am Rhein und die Philharmoniker. Zum ersten Mal wird deren neuer Generalmusikdirektor Stefan Blunier das Konzert dirigieren.<\/p>\n<p class=\"richtext text-em-55 !leading-serif mx-6 desktop:mx-0\">Auf dem Programm stehen verschiedene Orchesterst\u00fccke, Arien und Duette sowie Musical-Songs. Als ganz besonderer Gast tritt Koray Berat Sari, Community Music Artist der Duisburger Philharmoniker, auf. Er pr\u00e4sentiert eine Komposition f\u00fcr das Projekt \u201eMarxloh Music Circus\u201c, das in diesem Jahr mit dem \u201eOpus Klassik\u201c ausgezeichnet wurde. Durch den Abend f\u00fchrt der Musiker und Moderator G\u00f6tz Alsmann.<\/p>\n<p class=\"richtext text-em-55 !leading-serif mx-6 desktop:mx-0\">Am Samstag geht es dann ab 13 Uhr mit \u201eTheater Duisburg Rockt!\u201c weiter, dort treten Duisburger Ensembles auf. Dazu geh\u00f6ren unter anderem der Kinderchor am Rhein, Jugendbands der Musik- und Kunstschule Duisburg und das Klangkraft Orchester. Au\u00dferdem stehen der Kabarettist Kai Magnus Sting und der Musiker Jupp G\u00f6tz gemeinsam auf der B\u00fchne.<\/p>\n<p class=\"richtext text-em-55 !leading-serif mx-6 desktop:mx-0\">Rockiger wird es dann am Abend. Die Bruce-Springsteen-Tribute-Band Bosstime und <a href=\"https:\/\/rp-online.de\/thema\/casino\/\" rel=\"nofollow noopener\" target=\"_blank\">Casino<\/a> Royale spielen Rock- und Partyklassiker. Anschlie\u00dfend legen die DJs An_kee und musicrausch auf.<\/p>\n<p class=\"richtext text-em-55 !leading-serif mx-6 desktop:mx-0\">Der Eintritt ist an beiden Tagen frei. Das Konzert findet auf dem Opernplatz vor dem Theater Duisburg statt. Informationen zum Programm, zu Sitz- und Rollstuhlpl\u00e4tzen sowie zu Sicherheitsvorkehrungen gibt es auf den Internetseiten der Deutschen Oper am Rhein und des Theaters Duisburg.<\/p>\n","protected":false},"excerpt":{"rendered":"Am Opernplatz in Duisburg findet am 11. und 12. September wieder ein musikalisches Wochenende unter freiem Himmel statt.&hellip;\n","protected":false},"author":2,"featured_media":1280802,"comment_status":"","ping_status":"","sticky":false,"template":"","format":"standard","meta":{"footnotes":"","_share_on_mastodon":"0"},"categories":[1838],"tags":[5564,3364,29,28429,3715,30,177248,16860,30480,91,1209,5565,97,8411,238639,5206,546,147393,92717],"class_list":["post-1280801","post","type-post","status-publish","format-standard","has-post-thumbnail","category-duisburg","tag-air","tag-de","tag-deutschland","tag-djs","tag-duisburg","tag-germany","tag-haniel","tag-kabarett","tag-kabarettist","tag-klassik","tag-nordrhein-westfalen","tag-open","tag-oper","tag-opernplatz","tag-partyklassiker","tag-rhein","tag-rock","tag-rockiger","tag-rockt"],"share_on_mastodon":{"url":"","error":""},"_links":{"self":[{"href":"https:\/\/www.europesays.com\/de\/wp-json\/wp\/v2\/posts\/1280801","targetHints":{"allow":["GET"]}}],"collection":[{"href":"https:\/\/www.europesays.com\/de\/wp-json\/wp\/v2\/posts"}],"about":[{"href":"https:\/\/www.europesays.com\/de\/wp-json\/wp\/v2\/types\/post"}],"author":[{"embeddable":true,"href":"https:\/\/www.europesays.com\/de\/wp-json\/wp\/v2\/users\/2"}],"replies":[{"embeddable":true,"href":"https:\/\/www.europesays.com\/de\/wp-json\/wp\/v2\/comments?post=1280801"}],"version-history":[{"count":0,"href":"https:\/\/www.europesays.com\/de\/wp-json\/wp\/v2\/posts\/1280801\/revisions"}],"wp:featuredmedia":[{"embeddable":true,"href":"https:\/\/www.europesays.com\/de\/wp-json\/wp\/v2\/media\/1280802"}],"wp:attachment":[{"href":"https:\/\/www.europesays.com\/de\/wp-json\/wp\/v2\/media?parent=1280801"}],"wp:term":[{"taxonomy":"category","embeddable":true,"href":"https:\/\/www.europesays.com\/de\/wp-json\/wp\/v2\/categories?post=1280801"},{"taxonomy":"post_tag","embeddable":true,"href":"https:\/\/www.europesays.com\/de\/wp-json\/wp\/v2\/tags?post=1280801"}],"curies":[{"name":"wp","href":"https:\/\/api.w.org\/{rel}","templated":true}]}}