{"id":1280807,"date":"2026-09-04T19:57:14","date_gmt":"2026-09-04T19:57:14","guid":{"rendered":"https:\/\/www.europesays.com\/de\/1280807\/"},"modified":"2026-09-04T19:57:14","modified_gmt":"2026-09-04T19:57:14","slug":"zweites-vermisstes-maedchen-in-erlangen-gefunden-polizei-meldet-erfolg","status":"publish","type":"post","link":"https:\/\/www.europesays.com\/de\/1280807\/","title":{"rendered":"Zweites vermisstes M\u00e4dchen in Erlangen gefunden \u2013 Polizei meldet Erfolg"},"content":{"rendered":"<p class=\"desc-read\"><strong><br \/>\n           Am Mittwoch waren zwei M\u00e4dchen als vermisst gemeldet worden. Nachdem eines der M\u00e4dchen wieder aufgetaucht ist, meldet sich nun die Polizei mit einem neuen Update.<br \/>\n          <\/strong>\n          <\/p>\n<p>Das Polizeipr\u00e4sidium Mittelfranken gibt am Freitagabend (4. September 2026) bekannt, dass die \u00d6ffentlichkeitsfahndung nach dem zweiten vermissten M\u00e4dchen widerrufen wird.<\/p>\n<p>Die 17-J\u00e4hrige aus R\u00f6thenbach (Landkreis N\u00fcrnberger Land) war seit Mittwochnachmittag spurlos verschwunden. Am Freitagnachmittag konnte sie nun im Stadtgebiet Erlangen gefunden werden. Sie ist wohlauf und wurde nach Hause gebracht.<\/p>\n<p>Weitere <strong>Vermisstenanzeigen<\/strong> und<strong> aktuelle Nachrichten zu Vermisstenf\u00e4llen<\/strong> <a href=\"https:\/\/www.infranken.de\/vermisstenanzeigen\/\" target=\"_blank\" title=\"Vermisstenanzeigen\" rel=\"nofollow noopener\">findest du in unserem \u00dcberblick<\/a>.\u00a0<\/p>\n<p>\nVorschaubild: \u00a9 AngelikaGraczyk\/Pixabay<\/p>\n","protected":false},"excerpt":{"rendered":"Am Mittwoch waren zwei M\u00e4dchen als vermisst gemeldet worden. Nachdem eines der M\u00e4dchen wieder aufgetaucht ist, meldet sich&hellip;\n","protected":false},"author":2,"featured_media":1280808,"comment_status":"","ping_status":"","sticky":false,"template":"","format":"standard","meta":{"footnotes":"","_share_on_mastodon":"0"},"categories":[1837],"tags":[772,3364,29,30,3783],"class_list":["post-1280807","post","type-post","status-publish","format-standard","has-post-thumbnail","category-nuernberg","tag-bayern","tag-de","tag-deutschland","tag-germany","tag-nuernberg"],"share_on_mastodon":{"url":"https:\/\/pubeurope.com\/@de\/117214540250245414","error":""},"_links":{"self":[{"href":"https:\/\/www.europesays.com\/de\/wp-json\/wp\/v2\/posts\/1280807","targetHints":{"allow":["GET"]}}],"collection":[{"href":"https:\/\/www.europesays.com\/de\/wp-json\/wp\/v2\/posts"}],"about":[{"href":"https:\/\/www.europesays.com\/de\/wp-json\/wp\/v2\/types\/post"}],"author":[{"embeddable":true,"href":"https:\/\/www.europesays.com\/de\/wp-json\/wp\/v2\/users\/2"}],"replies":[{"embeddable":true,"href":"https:\/\/www.europesays.com\/de\/wp-json\/wp\/v2\/comments?post=1280807"}],"version-history":[{"count":0,"href":"https:\/\/www.europesays.com\/de\/wp-json\/wp\/v2\/posts\/1280807\/revisions"}],"wp:featuredmedia":[{"embeddable":true,"href":"https:\/\/www.europesays.com\/de\/wp-json\/wp\/v2\/media\/1280808"}],"wp:attachment":[{"href":"https:\/\/www.europesays.com\/de\/wp-json\/wp\/v2\/media?parent=1280807"}],"wp:term":[{"taxonomy":"category","embeddable":true,"href":"https:\/\/www.europesays.com\/de\/wp-json\/wp\/v2\/categories?post=1280807"},{"taxonomy":"post_tag","embeddable":true,"href":"https:\/\/www.europesays.com\/de\/wp-json\/wp\/v2\/tags?post=1280807"}],"curies":[{"name":"wp","href":"https:\/\/api.w.org\/{rel}","templated":true}]}}