{"id":1280822,"date":"2026-09-04T20:08:33","date_gmt":"2026-09-04T20:08:33","guid":{"rendered":"https:\/\/www.europesays.com\/de\/1280822\/"},"modified":"2026-09-04T20:08:33","modified_gmt":"2026-09-04T20:08:33","slug":"edeka-rueckruf-eisbergsalat-wegen-salmonellen-gefahr-nicht-essen","status":"publish","type":"post","link":"https:\/\/www.europesays.com\/de\/1280822\/","title":{"rendered":"Edeka-R\u00fcckruf: Eisbergsalat wegen Salmonellen-Gefahr nicht essen"},"content":{"rendered":"<p class=\"AnnotatedMarkup_paragraph__IUT9l\"><strong>Dieser Salat sollte besser nicht auf dem Teller landen!<\/strong> <br \/>Wegen m\u00f6glicher Salmonellen ruft die Florette Deutschland GmbH einen bei Edeka und Marktkauf verkauften Eisbergsalat zur\u00fcck. Vom Verzehr wird dringend abgeraten.<\/p>\n<p><strong>Betroffen ist der \u201eHerzst\u00fccke Eisbergsalat Salat Pur\u201c der Florette Deutschland GmbH in der 200-Gramm-Packung. Das Produkt wurde bei Edeka und Marktkauf verkauft.<\/strong><\/p>\n<p>Der R\u00fcckruf gilt f\u00fcr Hamburg, Bremen, Schleswig-Holstein, Niedersachsen, Mecklenburg-Vorpommern, Nordrhein-Westfalen, Berlin und Brandenburg. Auch in Teilen von Sachsen-Anhalt und Rheinland-Pfalz war der Salat erh\u00e4ltlich.<\/p>\n<p>Grund f\u00fcr den R\u00fcckruf ist eine m\u00f6gliche Belastung mit Salmonellen. <strong>Kunden sollten den betroffenen Eisbergsalat deshalb nicht essen.<\/strong><\/p>\n<p>Wer eine entsprechende Packung gekauft hat, kann sie in einer Verkaufsstelle zur\u00fcckgeben. Ein Kassenbon ist daf\u00fcr nicht notwendig. <strong>Der Kaufpreis wird auch ohne Vorlage des Bons erstattet.<\/strong><\/p>\n","protected":false},"excerpt":{"rendered":"Dieser Salat sollte besser nicht auf dem Teller landen! Wegen m\u00f6glicher Salmonellen ruft die Florette Deutschland GmbH einen&hellip;\n","protected":false},"author":2,"featured_media":1280823,"comment_status":"","ping_status":"","sticky":false,"template":"","format":"standard","meta":{"footnotes":"","_share_on_mastodon":"0"},"categories":[1834],"tags":[261016,3364,29,1024,4289,3688,30,1209,405,47554,92218],"class_list":["post-1280822","post","type-post","status-publish","format-standard","has-post-thumbnail","category-essen","tag-ah-analytics","tag-de","tag-deutschland","tag-edeka","tag-einkaufen","tag-essen","tag-germany","tag-nordrhein-westfalen","tag-rueckruf","tag-salat","tag-salmonellen"],"share_on_mastodon":{"url":"https:\/\/pubeurope.com\/@de\/117214583439502161","error":""},"_links":{"self":[{"href":"https:\/\/www.europesays.com\/de\/wp-json\/wp\/v2\/posts\/1280822","targetHints":{"allow":["GET"]}}],"collection":[{"href":"https:\/\/www.europesays.com\/de\/wp-json\/wp\/v2\/posts"}],"about":[{"href":"https:\/\/www.europesays.com\/de\/wp-json\/wp\/v2\/types\/post"}],"author":[{"embeddable":true,"href":"https:\/\/www.europesays.com\/de\/wp-json\/wp\/v2\/users\/2"}],"replies":[{"embeddable":true,"href":"https:\/\/www.europesays.com\/de\/wp-json\/wp\/v2\/comments?post=1280822"}],"version-history":[{"count":0,"href":"https:\/\/www.europesays.com\/de\/wp-json\/wp\/v2\/posts\/1280822\/revisions"}],"wp:featuredmedia":[{"embeddable":true,"href":"https:\/\/www.europesays.com\/de\/wp-json\/wp\/v2\/media\/1280823"}],"wp:attachment":[{"href":"https:\/\/www.europesays.com\/de\/wp-json\/wp\/v2\/media?parent=1280822"}],"wp:term":[{"taxonomy":"category","embeddable":true,"href":"https:\/\/www.europesays.com\/de\/wp-json\/wp\/v2\/categories?post=1280822"},{"taxonomy":"post_tag","embeddable":true,"href":"https:\/\/www.europesays.com\/de\/wp-json\/wp\/v2\/tags?post=1280822"}],"curies":[{"name":"wp","href":"https:\/\/api.w.org\/{rel}","templated":true}]}}