{"id":1280824,"date":"2026-09-04T20:10:20","date_gmt":"2026-09-04T20:10:20","guid":{"rendered":"https:\/\/www.europesays.com\/de\/1280824\/"},"modified":"2026-09-04T20:10:20","modified_gmt":"2026-09-04T20:10:20","slug":"apfelbaumwiese-wird-wiederhergestellt-strassen-nrw-kuendigt-ersatzpflanzungen-an","status":"publish","type":"post","link":"https:\/\/www.europesays.com\/de\/1280824\/","title":{"rendered":"Apfelbaumwiese wird wiederhergestellt: Stra\u00dfen.NRW k\u00fcndigt Ersatzpflanzungen an"},"content":{"rendered":"<p>\t\tApfelbaumwiese wird wiederhergestellt<br \/>\n\t\t\t\t\tStra\u00dfen.NRW k\u00fcndigt Ersatzpflanzungen an<\/p>\n<p>\t\t<img alt=\"\" src=\"https:\/\/www.europesays.com\/de\/wp-content\/uploads\/2025\/05\/630_0036_48786_.jpg\"  class=\"avatar avatar-36 photo avatar-default\" height=\"36\" width=\"36\" loading=\"eager\" decoding=\"async\"\/>\t\t<a class=\"article-author__name\" href=\"https:\/\/www.ruhrnachrichten.de\/author\/andreas-schroeter\/\" rel=\"author nofollow noopener\" target=\"_blank\">Andreas Schr\u00f6ter<\/a><br \/>\n\t\tRedakteur<\/p>\n<p>    <a href=\"https:\/\/www.ruhrnachrichten.de\/wp-content\/uploads\/2026\/09\/03\/14\/630_0900_6788256_-1648x824.jpg\" rel=\"nofollow noopener\" target=\"_blank\"><\/p>\n<p>            <img decoding=\"async\" fetchpriority=\"high\" src=\"https:\/\/www.europesays.com\/de\/wp-content\/uploads\/2026\/09\/630_0900_6788255_-640x428.jpg\" width=\"640\" height=\"428\"  alt=\"Ein derart unsch\u00f6nes Bild hatte sich im Winter 25\/26 an der Aplerbecker Stra\u00dfe geboten.\"\/><\/p>\n<p>    <\/a><br \/>\n    Ein derart unsch\u00f6nes Bild hatte sich im Winter 25\/26 an der Aplerbecker Stra\u00dfe geboten. \u00a9 Andreas Schr\u00f6ter (A)<\/p>\n<p class=\"article__teaser-text\">Nach der versehentlichen F\u00e4llung fast aller Obstb\u00e4ume soll die Streuobstwiese an der Aplerbecker Stra\u00dfe vollst\u00e4ndig ersetzt werden.<\/p>\n<p>1 Min Lesezeit<\/p>\n","protected":false},"excerpt":{"rendered":"Apfelbaumwiese wird wiederhergestellt Stra\u00dfen.NRW k\u00fcndigt Ersatzpflanzungen an Andreas Schr\u00f6ter Redakteur Ein derart unsch\u00f6nes Bild hatte sich im Winter&hellip;\n","protected":false},"author":2,"featured_media":1280825,"comment_status":"","ping_status":"","sticky":false,"template":"","format":"standard","meta":{"footnotes":"","_share_on_mastodon":"0"},"categories":[1833],"tags":[59148,3364,29,217,30,10388,1209],"class_list":["post-1280824","post","type-post","status-publish","format-standard","has-post-thumbnail","category-dortmund","tag-asseln","tag-de","tag-deutschland","tag-dortmund","tag-germany","tag-natur-umwelt","tag-nordrhein-westfalen"],"share_on_mastodon":{"url":"https:\/\/pubeurope.com\/@de\/117214593785804319","error":""},"_links":{"self":[{"href":"https:\/\/www.europesays.com\/de\/wp-json\/wp\/v2\/posts\/1280824","targetHints":{"allow":["GET"]}}],"collection":[{"href":"https:\/\/www.europesays.com\/de\/wp-json\/wp\/v2\/posts"}],"about":[{"href":"https:\/\/www.europesays.com\/de\/wp-json\/wp\/v2\/types\/post"}],"author":[{"embeddable":true,"href":"https:\/\/www.europesays.com\/de\/wp-json\/wp\/v2\/users\/2"}],"replies":[{"embeddable":true,"href":"https:\/\/www.europesays.com\/de\/wp-json\/wp\/v2\/comments?post=1280824"}],"version-history":[{"count":0,"href":"https:\/\/www.europesays.com\/de\/wp-json\/wp\/v2\/posts\/1280824\/revisions"}],"wp:featuredmedia":[{"embeddable":true,"href":"https:\/\/www.europesays.com\/de\/wp-json\/wp\/v2\/media\/1280825"}],"wp:attachment":[{"href":"https:\/\/www.europesays.com\/de\/wp-json\/wp\/v2\/media?parent=1280824"}],"wp:term":[{"taxonomy":"category","embeddable":true,"href":"https:\/\/www.europesays.com\/de\/wp-json\/wp\/v2\/categories?post=1280824"},{"taxonomy":"post_tag","embeddable":true,"href":"https:\/\/www.europesays.com\/de\/wp-json\/wp\/v2\/tags?post=1280824"}],"curies":[{"name":"wp","href":"https:\/\/api.w.org\/{rel}","templated":true}]}}