{"id":1280837,"date":"2026-09-04T20:18:28","date_gmt":"2026-09-04T20:18:28","guid":{"rendered":"https:\/\/www.europesays.com\/de\/1280837\/"},"modified":"2026-09-04T20:18:28","modified_gmt":"2026-09-04T20:18:28","slug":"stuttgart-feuer-bricht-vor-dem-innenministerium-aus-war-es-ein-brandanschlag-nachrichten-aus-stuttgart","status":"publish","type":"post","link":"https:\/\/www.europesays.com\/de\/1280837\/","title":{"rendered":"Stuttgart: Feuer bricht vor dem Innenministerium aus &#8211; war es ein Brandanschlag? &#8211; Nachrichten aus Stuttgart"},"content":{"rendered":"<p><strong>Stuttgart.<\/strong> Am Freitag, 4. September 2026, kam es gegen 16.10 Uhr vor dem Innenministerium in  Stuttgart zu einem Brand. Wie die Polizei jetzt mitteilte, war ein Feuer an einem Laternenmast an der Willy-Brandt-Stra\u00dfe ausgebrochen.  Zeugen hatten brennende Holzreste an der provisorisch aufgestellten Stra\u00dfenlaterne in der N\u00e4he der Baustelle bemerkt. Die alarmierten Feuerwehrkr\u00e4fte hatten das Feuer vollst\u00e4ndig gel\u00f6scht. Verletzt wurde niemand. <\/p>\n<p>Polizei schlie\u00dft <\/p>\n","protected":false},"excerpt":{"rendered":"Stuttgart. Am Freitag, 4. September 2026, kam es gegen 16.10 Uhr vor dem Innenministerium in Stuttgart zu einem&hellip;\n","protected":false},"author":2,"featured_media":1280838,"comment_status":"","ping_status":"","sticky":false,"template":"","format":"standard","meta":{"footnotes":"","_share_on_mastodon":"0"},"categories":[1830],"tags":[1634,2919,3364,29,987,30,7539,1441,191400],"class_list":["post-1280837","post","type-post","status-publish","format-standard","has-post-thumbnail","category-stuttgart","tag-baden-wuerttemberg","tag-brand","tag-de","tag-deutschland","tag-feuer","tag-germany","tag-innenministerium","tag-stuttgart","tag-un_was-gibt-es-neues"],"share_on_mastodon":{"url":"https:\/\/pubeurope.com\/@de\/117214622852264240","error":""},"_links":{"self":[{"href":"https:\/\/www.europesays.com\/de\/wp-json\/wp\/v2\/posts\/1280837","targetHints":{"allow":["GET"]}}],"collection":[{"href":"https:\/\/www.europesays.com\/de\/wp-json\/wp\/v2\/posts"}],"about":[{"href":"https:\/\/www.europesays.com\/de\/wp-json\/wp\/v2\/types\/post"}],"author":[{"embeddable":true,"href":"https:\/\/www.europesays.com\/de\/wp-json\/wp\/v2\/users\/2"}],"replies":[{"embeddable":true,"href":"https:\/\/www.europesays.com\/de\/wp-json\/wp\/v2\/comments?post=1280837"}],"version-history":[{"count":0,"href":"https:\/\/www.europesays.com\/de\/wp-json\/wp\/v2\/posts\/1280837\/revisions"}],"wp:featuredmedia":[{"embeddable":true,"href":"https:\/\/www.europesays.com\/de\/wp-json\/wp\/v2\/media\/1280838"}],"wp:attachment":[{"href":"https:\/\/www.europesays.com\/de\/wp-json\/wp\/v2\/media?parent=1280837"}],"wp:term":[{"taxonomy":"category","embeddable":true,"href":"https:\/\/www.europesays.com\/de\/wp-json\/wp\/v2\/categories?post=1280837"},{"taxonomy":"post_tag","embeddable":true,"href":"https:\/\/www.europesays.com\/de\/wp-json\/wp\/v2\/tags?post=1280837"}],"curies":[{"name":"wp","href":"https:\/\/api.w.org\/{rel}","templated":true}]}}