{"id":1280848,"date":"2026-09-04T20:25:17","date_gmt":"2026-09-04T20:25:17","guid":{"rendered":"https:\/\/www.europesays.com\/de\/1280848\/"},"modified":"2026-09-04T20:25:17","modified_gmt":"2026-09-04T20:25:17","slug":"1860-muenchen-tor-aus-60-metern-reicht-nicht-zum-sieg-sport","status":"publish","type":"post","link":"https:\/\/www.europesays.com\/de\/1280848\/","title":{"rendered":"1860 M\u00fcnchen: Tor aus 60 Metern reicht nicht zum Sieg | Sport"},"content":{"rendered":"<p><a class=\"skip-content skip-content--link\" href=\"#in-content-skip-link-target-v-0-0\">TTS-Player \u00fcberspringen\u21b5<\/a><a id=\"in-content-skip-link-target-v-0-0\" class=\"skip-content--target-link-hidden skip-content skip-content--target-link\" href=\"#in-content-skip-link-target-v-0-0\">Artikel weiterlesen<\/a><\/p>\n<p><b>Selbst ein 60-Meter-Hammer reicht 1860 M\u00fcnchen nicht f\u00fcr einen Sieg gegen die DJK Vilzing. Zweimal gef\u00fchrt, am Ende nur 2:2 (1:0) in der Regionalliga Bayern. <\/b><\/p>\n<p>Das Dorf Vilzing hat 450 Einwohner, zum L\u00f6wen-Knaller kommen 2500 Zuschauer auf den Sportplatz in der Oberpfalz (180 Kilometer von M\u00fcnchen). Nach dem <a href=\"https:\/\/www.bild.de\/sport\/fussball\/1860-muenchen-peinlich-pleite-im-landespokal-jetzt-muessen-die-loewen-meister-werden-6a97f8f8a33eb07b67945a22\" class=\"text-link\" rel=\"nofollow noopener\" target=\"_blank\">peinlichen Aus im Achtelfinale<\/a> im Landespokal Anfang der Woche schickt 1860-Trainer Alper Kayabunar (40) wieder die Ex-Bundesligaspieler Florian Niederlechner (35) und Keeper Vitus Eicher (35) in die Startelf &#8211; und Niederlechner liefert direkt. Erste Chance, erster Treffer: 1:0 (9.). Doch danach kommt nicht viel, die L\u00f6wen lassen zu viele M\u00f6glichkeiten liegen. Und nach der Pause taumelt 1860, Vilzings Nik Leiphold (22) tanzt die L\u00f6wen aus \u2013 1:1 (55.). Dann wird\u2019s kurios: Tunay Deniz (32) zieht aus rund 60 Metern einfach mal ab \u2013 Vilzings Keeper steht viel zu weit vor seinem Kasten. 2:1 (63.). Ein Sechzger 60-Meter-Hammer f\u00fcr die Geschichtsb\u00fccher.<\/p>\n<p>Erst Traumtor, dann Last-Minute-Ausgleich<\/p>\n<p>Doch der Schock in der Nachspielzeit: Ausgerechnet Ex-L\u00f6we Markus Ziereis trifft per Kopf zum 2:2 (90.+4). Neun Jahre lang trug Ziereis das 1860-Trikot \u2013 jubelt nach dem Treffer nicht. Seit nun vier Spielen ist 1860 liga\u00fcbergreifend ohne Sieg (zwei Remis, zwei Pleiten), sucht nach dem Zwangsabstieg aus der Dritten Liga weiter die Sieg-Spur. <\/p>\n<p>Und neben dem Platz? Da geht die Klage-Schlacht weiter. <\/p>\n<p><img decoding=\"async\" width=\"992\" height=\"558\" alt=\"Seit 2011 ist Hasan Ismaik (49) Investor bei 1860, zwei Zwangsabstiege in die 4. Liga gab es in dieser Zeit: 2016 und 2026\" loading=\"lazy\" src=\"https:\/\/www.europesays.com\/de\/wp-content\/uploads\/2026\/09\/f03b680e73db78c631f97885af8a4483,10ee6a7b.jpeg\"   class=\"landscape\"\/><\/p>\n<p class=\"fig__caption__text\">Seit 2011 ist Hasan Ismaik (49) Investor bei 1860, zwei Zwangsabstiege in die 4. Liga gab es in dieser Zeit: 2016 und 2026<\/p>\n<p>Foto: picture alliance\/sampics\/Stefan Matzke<\/p>\n<p>Gegen\u00fcber BILD verk\u00fcndete <a href=\"https:\/\/www.bild.de\/sport\/fussball\/hasan-ismaik-verkauft-loewen-anteile-14-jahre-chaos-686be1d698601a3392661386\" class=\"text-link\" rel=\"nofollow noopener\" target=\"_blank\">Investor Hasan Ismaik<\/a> (49) zuletzt, dass er Schadensersatzklage erheben werde. Jetzt legt der Jordanier, der seit 2011 rund 80 Millionen in die mittlerweile insolvente Gesellschaft (KGaA) investiert hat, nach. Ismaik, beziehungsweise seine Firma HAM, erhebt nun auch Vorw\u00fcrfe gegen Insolvenzverwalter Dr. Max Liebig (48).<\/p>\n<p>Mehr zum Thema<\/p>\n<p>In einem Schreiben hei\u00dft es: \u201eWas insbesondere den Insolvenzverwalter betrifft, ist HAM der Auffassung, dass die Art der gegenw\u00e4rtigen Phase und die Sensibilit\u00e4t der getroffenen Entscheidungen das h\u00f6chste Ma\u00df an Unabh\u00e4ngigkeit, Neutralit\u00e4t und gleicher Ber\u00fccksichtigung der Interessen aller Rechteinhaber erfordern. Bestimmte j\u00fcngste Entwicklungen haben bei HAM in dieser Hinsicht berechtigte Fragen aufgeworfen. Diese Angelegenheiten werden auf der Grundlage von Tatsachen und Dokumenten rechtlich bewertet werden, nicht aufgrund von Eindr\u00fccken oder pers\u00f6nlichen Positionen. HAM vertraut darauf, dass dem Insolvenzverwalter vollst\u00e4ndig bewusst ist, dass jede in dieser Phase getroffene Entscheidung anschlie\u00dfend von den Gerichten und den zust\u00e4ndigen Beh\u00f6rden \u00fcberpr\u00fcft werden kann und dass die rechtliche und professionelle Integrit\u00e4t des Verfahrens letztlich danach beurteilt werden wird, in welchem Umfang er seinen Neutralit\u00e4tspflichten und seinen rechtlichen Verpflichtungen gegen\u00fcber allen relevanten Parteien nachgekommen ist.\u201c<\/p>\n<p>Dr. Max Liebig ist seit dem 1.9. offiziell als Insolvenzverwalter eingesetzt. Liebig gilt in der Branche als \u00e4u\u00dferst kompetent, genie\u00dft einen tadellosen Ruf und kann auch bei Vereins-Insolvenzen Erfahrung vorweisen: Er wickelt auch die Pleite von T\u00fcrkg\u00fcc\u00fc M\u00fcnchen ab.<\/p>\n","protected":false},"excerpt":{"rendered":"TTS-Player \u00fcberspringen\u21b5Artikel weiterlesen Selbst ein 60-Meter-Hammer reicht 1860 M\u00fcnchen nicht f\u00fcr einen Sieg gegen die DJK Vilzing. Zweimal&hellip;\n","protected":false},"author":2,"featured_media":1280849,"comment_status":"","ping_status":"","sticky":false,"template":"","format":"standard","meta":{"footnotes":"","_share_on_mastodon":"0"},"categories":[1827],"tags":[772,29,996,30,2263,41640,1268,41639,4581,8811],"class_list":["post-1280848","post","type-post","status-publish","format-standard","has-post-thumbnail","category-muenchen","tag-bayern","tag-deutschland","tag-dritte-liga","tag-germany","tag-investor","tag-ismaik-hasan-abdullah","tag-muenchen","tag-niederlechner-florian","tag-sport-tag-im-ticker","tag-tsv-1860-muenchen"],"share_on_mastodon":{"url":"https:\/\/pubeurope.com\/@de\/117214650475652513","error":""},"_links":{"self":[{"href":"https:\/\/www.europesays.com\/de\/wp-json\/wp\/v2\/posts\/1280848","targetHints":{"allow":["GET"]}}],"collection":[{"href":"https:\/\/www.europesays.com\/de\/wp-json\/wp\/v2\/posts"}],"about":[{"href":"https:\/\/www.europesays.com\/de\/wp-json\/wp\/v2\/types\/post"}],"author":[{"embeddable":true,"href":"https:\/\/www.europesays.com\/de\/wp-json\/wp\/v2\/users\/2"}],"replies":[{"embeddable":true,"href":"https:\/\/www.europesays.com\/de\/wp-json\/wp\/v2\/comments?post=1280848"}],"version-history":[{"count":0,"href":"https:\/\/www.europesays.com\/de\/wp-json\/wp\/v2\/posts\/1280848\/revisions"}],"wp:featuredmedia":[{"embeddable":true,"href":"https:\/\/www.europesays.com\/de\/wp-json\/wp\/v2\/media\/1280849"}],"wp:attachment":[{"href":"https:\/\/www.europesays.com\/de\/wp-json\/wp\/v2\/media?parent=1280848"}],"wp:term":[{"taxonomy":"category","embeddable":true,"href":"https:\/\/www.europesays.com\/de\/wp-json\/wp\/v2\/categories?post=1280848"},{"taxonomy":"post_tag","embeddable":true,"href":"https:\/\/www.europesays.com\/de\/wp-json\/wp\/v2\/tags?post=1280848"}],"curies":[{"name":"wp","href":"https:\/\/api.w.org\/{rel}","templated":true}]}}