{"id":1280869,"date":"2026-09-04T20:39:19","date_gmt":"2026-09-04T20:39:19","guid":{"rendered":"https:\/\/www.europesays.com\/de\/1280869\/"},"modified":"2026-09-04T20:39:19","modified_gmt":"2026-09-04T20:39:19","slug":"das-perfekte-dinner-hinter-maikes-harmonischem-zuhause-steckt-eine-traurige-geschichte","status":"publish","type":"post","link":"https:\/\/www.europesays.com\/de\/1280869\/","title":{"rendered":"Das perfekte Dinner: Hinter Maikes harmonischem Zuhause steckt eine traurige Geschichte"},"content":{"rendered":"<p>Das perfekte Dinner:\u00a0Finale im RuhrpottHinter Maikes harmonischem Zuhause steckt eine traurige Geschichte<\/p>\n<p class=\"AnnotatedMarkup_paragraph__IUT9l\"><strong>Dieses Zuhause strahlt Lebensfreude aus \u2013 und tr\u00e4gt zugleich die Erinnerung an einen fr\u00fchen Verlust.<\/strong><br \/>Maike (56) empf\u00e4ngt ihre Mitstreiter zum Finale in Herdecke. Besondere Tapeten, kr\u00e4ftige Farben und liebevolle Details machen ihre Leidenschaft f\u00fcr Raumgestaltung sp\u00fcrbar. Doch hinter der harmonischen Atmosph\u00e4re liegt auch eine traurige Familiengeschichte.<\/p>\n<p>Dieses Zuhause tr\u00e4gt Maikes Handschrift<\/p>\n<p class=\"AnnotatedMarkup_paragraph__IUT9l\">Rosmaringr\u00fcn, florale Akzente und sorgf\u00e4ltig ausgew\u00e4hlte Blickf\u00e4nge: Maikes Zuhause wirkt so individuell wie sein fr\u00fchlingshaftes Farbkonzept. Als Farb- und Raumgestalterin pr\u00fcft sie beruflich, welche T\u00f6ne zu einem Menschen und seinen R\u00e4umen passen. Dabei sucht sie gezielt nach Stellen, an denen ein besonderer Eyecatcher wirken kann. Mit ihren Ideen habe sie bislang jeden Kunden gl\u00fccklich gemacht, erz\u00e4hlt die Finalistin selbstbewusst. Auch privat darf Farbe bei ihr nicht fehlen. Gr\u00fcn steht f\u00fcr ihre Naturverbundenheit und zieht sich durch mehrere R\u00e4ume. Aus dem fr\u00fcheren Zimmer ihres Sohnes Louis ist inzwischen ein Wohnzimmer geworden, in dem auch Maikes sportliche Leidenschaft ihren Platz hat: das Jumping auf dem Trampolin.<\/p>\n<p class=\"AnnotatedMarkup_paragraph__IUT9l\"><strong>Streaming-Tipp:<\/strong> <a href=\"https:\/\/plus.rtl.de\/das-perfekte-dinner-p_7812?utm_campaign=textlink&amp;utm_source=rtl&amp;utm_medium=owned&amp;utm_term=das-perfekte-dinner&amp;utm_content=31270517\" target=\"_blank\" rel=\"nofollow noopener\">Die Folge gibt es auf RTL+.<\/a><\/p>\n<p class=\"AnnotatedMarkup_paragraph__IUT9l\">F\u00fcr ihren Dinner-Abend \u00fcberl\u00e4sst die Gastgeberin ebenfalls nichts dem Zufall. Unter dem Motto \u201eBunt wie der Fr\u00fchling\u201c serviert sie zun\u00e4chst Lachs mit Mango, Avocado und Paprika. Danach folgt Surf &amp; Turf mit Sellerie, M\u00f6hre und Spargel. Das Dessert verbindet hei\u00dfe und kalte Elemente: Cannelloni treffen auf Himbeere und Orange. Ein Men\u00fc, das Maikes Gesp\u00fcr f\u00fcr Farben bis auf die Teller weiterf\u00fchrt.<\/p>\n<p><img alt=\"\u201eDas perfekte Dinner\u201d auf RTL+\" fetchpriority=\"auto\" loading=\"lazy\" width=\"615\" height=\"346\" decoding=\"async\" data-nimg=\"1\" class=\"Image_image__SdgLQ RtlPlusContent_image__Gbn0N\" style=\"color:transparent\"   src=\"https:\/\/www.europesays.com\/de\/wp-content\/uploads\/2026\/09\/das-perfekte-dinner-auf-rtlplus.webp\"\/>Ein leiser Moment zwischen all den Farben<\/p>\n<p class=\"AnnotatedMarkup_paragraph__IUT9l\">So fr\u00f6hlich der Rahmen auch wirkt, Maikes Geschichte besitzt eine stille Seite. Sie erw\u00e4hnt, dass sie ihre Eltern fr\u00fch verloren hat. Die knappe pers\u00f6nliche Erinnerung setzt einen ber\u00fchrenden Gegenpunkt zu ihrer sichtbaren Freude auf die Menschen, die heute an ihrem Tisch Platz nehmen. \u201eIch freue mich sowas von auf meine Herzensmenschen\u201c, sagt sie vor dem Finale.<\/p>\n<p class=\"AnnotatedMarkup_paragraph__IUT9l\">Ganz ohne Anspannung geht der Freitag dennoch nicht los. Maike ist leicht nerv\u00f6s, schlie\u00dflich muss ihr Kochen nun mit dem liebevoll gestalteten Ambiente mithalten. Ob ihr farbenfrohes Men\u00fc auch geschmacklich \u00fcberzeugt und wie viele Punkte ihre Mitstreiter vergeben, bleibt bis zum Schluss eine \u00dcberraschung. Sicher ist nur: Dieser Abend soll nicht allein durch besondere Tapeten und kr\u00e4ftige T\u00f6ne in Erinnerung bleiben, sondern vor allem durch W\u00e4rme, Genuss und Gemeinschaft.<\/p>\n<p class=\"AnnotatedMarkup_paragraph__IUT9l\">Verwendete Quellen: VOX<\/p>\n","protected":false},"excerpt":{"rendered":"Das perfekte Dinner:\u00a0Finale im RuhrpottHinter Maikes harmonischem Zuhause steckt eine traurige Geschichte Dieses Zuhause strahlt Lebensfreude aus \u2013&hellip;\n","protected":false},"author":2,"featured_media":1280870,"comment_status":"","ping_status":"","sticky":false,"template":"","format":"standard","meta":{"footnotes":"","_share_on_mastodon":"0"},"categories":[1773],"tags":[261016,56867,29,214,30,12749,471,1780,215],"class_list":["post-1280869","post","type-post","status-publish","format-standard","has-post-thumbnail","category-serien","tag-ah-analytics","tag-das-perfekte-dinner","tag-deutschland","tag-entertainment","tag-germany","tag-kochen","tag-serien","tag-series","tag-unterhaltung"],"share_on_mastodon":{"url":"https:\/\/pubeurope.com\/@de\/117214707327361384","error":""},"_links":{"self":[{"href":"https:\/\/www.europesays.com\/de\/wp-json\/wp\/v2\/posts\/1280869","targetHints":{"allow":["GET"]}}],"collection":[{"href":"https:\/\/www.europesays.com\/de\/wp-json\/wp\/v2\/posts"}],"about":[{"href":"https:\/\/www.europesays.com\/de\/wp-json\/wp\/v2\/types\/post"}],"author":[{"embeddable":true,"href":"https:\/\/www.europesays.com\/de\/wp-json\/wp\/v2\/users\/2"}],"replies":[{"embeddable":true,"href":"https:\/\/www.europesays.com\/de\/wp-json\/wp\/v2\/comments?post=1280869"}],"version-history":[{"count":0,"href":"https:\/\/www.europesays.com\/de\/wp-json\/wp\/v2\/posts\/1280869\/revisions"}],"wp:featuredmedia":[{"embeddable":true,"href":"https:\/\/www.europesays.com\/de\/wp-json\/wp\/v2\/media\/1280870"}],"wp:attachment":[{"href":"https:\/\/www.europesays.com\/de\/wp-json\/wp\/v2\/media?parent=1280869"}],"wp:term":[{"taxonomy":"category","embeddable":true,"href":"https:\/\/www.europesays.com\/de\/wp-json\/wp\/v2\/categories?post=1280869"},{"taxonomy":"post_tag","embeddable":true,"href":"https:\/\/www.europesays.com\/de\/wp-json\/wp\/v2\/tags?post=1280869"}],"curies":[{"name":"wp","href":"https:\/\/api.w.org\/{rel}","templated":true}]}}