{"id":1280883,"date":"2026-09-04T20:46:23","date_gmt":"2026-09-04T20:46:23","guid":{"rendered":"https:\/\/www.europesays.com\/de\/1280883\/"},"modified":"2026-09-04T20:46:23","modified_gmt":"2026-09-04T20:46:23","slug":"niederlande-verlegen-reserven-jetzt-wandert-gold-aus-den-usa-ab","status":"publish","type":"post","link":"https:\/\/www.europesays.com\/de\/1280883\/","title":{"rendered":"Niederlande verlegen Reserven: Jetzt wandert Gold aus den USA ab"},"content":{"rendered":"<p class=\"text-18 leading-17 user-text-lg:text-22 user-text-xl:text-24\">Viele Staaten lagern zudem nur Teile ihres Goldes im eigenen Land. Die Verteilung stellt sicher, dass etwa im Falle eines Krieges nicht die gesamten Goldvorr\u00e4te abhandenkommen k\u00f6nnen. Zudem lagern viele L\u00e4nder gr\u00f6\u00dfere Mengen an Orten, wo mit dem Edelmetall besonders viele Gesch\u00e4fte gemacht werden. Deswegen haben viele Staaten auch Goldreserven in <a href=\"https:\/\/www.t-online.de\/themen\/london\/\" class=\"transition-colors cursor-pointer no-underline md:hover:text-magenta md:focus:text-magenta border-b border-solid border-current text-salemsfur md:hover:border-magenta\" data-tracking=\"{&quot;action&quot;:&quot;click&quot;,&quot;category&quot;:&quot;intextLink&quot;,&quot;label&quot;:&quot;\/themen\/london\/&quot;}\" data-sctrack=\"BodyAnchor\" rel=\"nofollow noopener\" target=\"_blank\">London<\/a> oder eben in New York.<\/p>\n<p>Nur geringe Mengen aus Kanada<\/p>\n<p class=\"text-18 leading-17 user-text-lg:text-22 user-text-xl:text-24\">In ihrer Mitteilung versucht die niederl\u00e4ndische Zentralbank den Eindruck zu vermitteln, dass man gleicherma\u00dfen Gold aus New York und der kanadischen Hauptstadt Ottawa verlegt habe. Dabei ist der Anteil aus den USA deutlich h\u00f6her: W\u00e4hrend aus Kanada lediglich 1,2 Prozent des gesamten niederl\u00e4ndischen Goldes abgezogen wurden, waren es aus New York fast 13 Prozent.<\/p>\n<p class=\"text-18 leading-17 user-text-lg:text-22 user-text-xl:text-24\">Laurent Schwartz, Pr\u00e4sident des franz\u00f6sischen Edelmetallh\u00e4ndlers &#8222;Comptoir National de l&#8217;Or&#8220;, bekr\u00e4ftigte, dass das leichtere Handeln in London ein Grund f\u00fcr das Umschichten sein kann. Aber: &#8222;Der aktuelle politische Kontext in den Vereinigten Staaten k\u00f6nnte auch dazu f\u00fchren, dass bestimmte Zentralbanken andere Lagerorte bevorzugen&#8220;, sagte Schwartz der britischen Zeitung &#8222;The Guardian&#8220;.<\/p>\n<p class=\"text-18 leading-17 user-text-lg:text-22 user-text-xl:text-24\">Die US-Regierung unter Trump f\u00fchrt tats\u00e4chlich eine konfrontative Wirtschafts- und Finanzpolitik: Seit Monaten hat Trump immer wieder neue Z\u00f6lle gegen zahlreiche Staaten und die Europ\u00e4ische Union (EU) verh\u00e4ngt. Durch den Iran-Krieg sind zudem \u00d6l, Gas und Benzin deutlich teurer geworden. Seit Kurzem haben die Staatsschulden in den USA die Rekordmarke von 40 Billionen Dollar \u00fcberschritten.<\/p>\n<p><a href=\"#focus-2\" class=\"transition-colors block text-current relative\" data-sctrack=\"FocusGalleryImage.Reference\"><img   loading=\"lazy\" src=\"https:\/\/www.europesays.com\/de\/wp-content\/uploads\/2026\/09\/goldbarren-in-new-york-die-niederlaendische-zentralbank-hat-teile-ihrer-reserven-von-dort-abgezogen-.jpeg\" alt=\"imago images 0305121791\" title=\"imago images 0305121791\" width=\"5252\" height=\"2954\" class=\"h-full w-full max-w-full rounded-8\" decoding=\"async\"\/><img loading=\"lazy\" src=\"https:\/\/www.t-online.de\/s\/paper\/_next\/static\/media\/zoom-in.f7dae02f.svg\" alt=\"Vergr\u00f6\u00dfern des Bildes\" title=\"Vergr\u00f6\u00dfern des Bildes\" class=\"block h-[calc(var(--height)_\/_16_*_1rem)] w-[calc(var(--width)_\/_16_*_1rem)] max-w-none absolute right-8 bottom-8 rounded-4 bg-snow p-8\" style=\"--width:32;--height:32\" decoding=\"async\"\/>Goldbarren in New York (Archivbild): Die niederl\u00e4ndische Zentralbank hat Teile ihrer Reserven von dort abgezogen. (Quelle: Donald B. Brewster \/ Avalon\/imago)<\/a><\/p>\n<p class=\"text-18 leading-17 user-text-lg:text-22 user-text-xl:text-24\">Zudem setzt Trump den Verwalter der Goldreserven, die US-Zentralbank Fed, unter Druck. Seitdem er erneut ins Wei\u00dfe Haus eingezogen ist, pocht der Pr\u00e4sident darauf, dass die Leitzinsen gesenkt werden sollen. Der Pr\u00e4sident griff deshalb zun\u00e4chst den Fed-Chef <a href=\"https:\/\/www.t-online.de\/themen\/jerome-powell\/\" class=\"transition-colors cursor-pointer no-underline md:hover:text-magenta md:focus:text-magenta border-b border-solid border-current text-salemsfur md:hover:border-magenta\" data-tracking=\"{&quot;action&quot;:&quot;click&quot;,&quot;category&quot;:&quot;intextLink&quot;,&quot;label&quot;:&quot;\/themen\/jerome-powell\/&quot;}\" data-sctrack=\"BodyAnchor\" rel=\"nofollow noopener\" target=\"_blank\">Jerome Powell<\/a> \u00f6ffentlich an. <a href=\"https:\/\/www.t-online.de\/nachrichten\/ausland\/usa\/id_101216466\/diskussion-um-fed-chef-jetzt-spitzt-sich-der-machtkampf-zu.html\" class=\"transition-colors cursor-pointer no-underline md:hover:text-magenta md:focus:text-magenta border-b border-solid border-current text-salemsfur md:hover:border-magenta\" data-tracking=\"{&quot;action&quot;:&quot;click&quot;,&quot;category&quot;:&quot;intextLink&quot;,&quot;label&quot;:&quot;\/nachrichten\/ausland\/usa\/id_101216466\/diskussion-um-fed-chef-jetzt-spitzt-sich-der-machtkampf-zu.html&quot;}\" data-sctrack=\"BodyAnchor\" rel=\"nofollow noopener\" target=\"_blank\">Unter anderem warf er ihm vor, die Zentrale der Fed in Washington f\u00fcr zu viel Geld zu renovieren<\/a>.<\/p>\n<p class=\"text-18 leading-17 user-text-lg:text-22 user-text-xl:text-24\">Trump lie\u00df sich unter anderem von Powell daf\u00fcr \u00fcber die Baustelle der Fed-Zentrale f\u00fchren. Zwischenzeitlich hatte das Justizministerium auch ein Verfahren gegen den Fed-Chef eingeleitet, das Powell als politisch motiviert bezeichnete. Die Ermittlungen wurden erst eingestellt, nachdem sie dazu gef\u00fchrt hatten, dass die turnusm\u00e4\u00dfige Findung eines Nachfolgers f\u00fcr den Chef der US-Zentralbank dadurch behindert wurde.<\/p>\n<p>Trump macht Druck auf die Fed<\/p>\n<p class=\"text-18 leading-17 user-text-lg:text-22 user-text-xl:text-24\">Auch unter Powells Nachfolger, Kevin Warsh, fordert der Pr\u00e4sident weiter, dass der Leitzins gesenkt werden m\u00fcsse. &#8222;Senkt die Zinsen, oder ich breche den Handel mit L\u00e4ndern ab, mit denen wir ein Defizit haben&#8220;, schrieb Trump in Richtung der Fed am Freitag auf der Plattform &#8222;Truth Social&#8220;. Bislang hat Warsh die Zinsen nicht gesenkt, die Fed agiert in diese Frage unabh\u00e4ngig von der Regierung.<\/p>\n<p>Loading&#8230;<\/p>\n<p>Loading&#8230;<\/p>\n<p>Loading&#8230;<\/p>\n","protected":false},"excerpt":{"rendered":"Viele Staaten lagern zudem nur Teile ihres Goldes im eigenen Land. Die Verteilung stellt sicher, dass etwa im&hellip;\n","protected":false},"author":2,"featured_media":1280884,"comment_status":"","ping_status":"","sticky":false,"template":"","format":"standard","meta":{"footnotes":"","_share_on_mastodon":"0"},"categories":[134],"tags":[326,2294,175,170,169,9218,29,106,107900,548,25055,42633,30,12617,202391,19654,53,88938,264288,4036,171,174,944,965,264289,226,552,173,172,64,6888,11551],"class_list":["post-1280883","post","type-post","status-publish","format-standard","has-post-thumbnail","category-unternehmen-maerkte","tag-326","tag-bank","tag-business","tag-companies","tag-companies-markets","tag-deutsche-bundesbank","tag-deutschland","tag-donald-trump","tag-edelmetall","tag-eu","tag-federal-reserve-bank","tag-fort-knox","tag-germany","tag-goldbarren","tag-goldreserve","tag-jerome-powell","tag-kanada","tag-kevin-warsh","tag-laurent-schwartz","tag-london","tag-markets","tag-maerkte","tag-new-york","tag-niederlande","tag-olaf-sleijpen","tag-t-online","tag-unruhen","tag-unternehmen","tag-unternehmen-maerkte","tag-usa","tag-wall-street","tag-zins"],"share_on_mastodon":{"url":"https:\/\/pubeurope.com\/@de\/117214736291752587","error":""},"_links":{"self":[{"href":"https:\/\/www.europesays.com\/de\/wp-json\/wp\/v2\/posts\/1280883","targetHints":{"allow":["GET"]}}],"collection":[{"href":"https:\/\/www.europesays.com\/de\/wp-json\/wp\/v2\/posts"}],"about":[{"href":"https:\/\/www.europesays.com\/de\/wp-json\/wp\/v2\/types\/post"}],"author":[{"embeddable":true,"href":"https:\/\/www.europesays.com\/de\/wp-json\/wp\/v2\/users\/2"}],"replies":[{"embeddable":true,"href":"https:\/\/www.europesays.com\/de\/wp-json\/wp\/v2\/comments?post=1280883"}],"version-history":[{"count":0,"href":"https:\/\/www.europesays.com\/de\/wp-json\/wp\/v2\/posts\/1280883\/revisions"}],"wp:featuredmedia":[{"embeddable":true,"href":"https:\/\/www.europesays.com\/de\/wp-json\/wp\/v2\/media\/1280884"}],"wp:attachment":[{"href":"https:\/\/www.europesays.com\/de\/wp-json\/wp\/v2\/media?parent=1280883"}],"wp:term":[{"taxonomy":"category","embeddable":true,"href":"https:\/\/www.europesays.com\/de\/wp-json\/wp\/v2\/categories?post=1280883"},{"taxonomy":"post_tag","embeddable":true,"href":"https:\/\/www.europesays.com\/de\/wp-json\/wp\/v2\/tags?post=1280883"}],"curies":[{"name":"wp","href":"https:\/\/api.w.org\/{rel}","templated":true}]}}