{"id":1280901,"date":"2026-09-04T20:57:11","date_gmt":"2026-09-04T20:57:11","guid":{"rendered":"https:\/\/www.europesays.com\/de\/1280901\/"},"modified":"2026-09-04T20:57:11","modified_gmt":"2026-09-04T20:57:11","slug":"moenchengladbach-das-weinfest-gladbach-gniessen-feiert-im-garten-von-haus-erholung-premiere","status":"publish","type":"post","link":"https:\/\/www.europesays.com\/de\/1280901\/","title":{"rendered":"M\u00f6nchengladbach: Das Weinfest Gladbach (g)niessen feiert im Garten von Haus Erholung Premiere"},"content":{"rendered":"<p class=\"text_ohne_einzug richtext text-em-55 !leading-serif mx-6 desktop:mx-0\"> Eine halbe Stunde bevor die Tore zum Garten von Haus Erholung sich f\u00fcr die G\u00e4ste \u00f6ffnen sollen, setzt der Regen ein. Aber weder Bernd Nie\u00dfen noch die 15 Winzer, die beim ersten Weinfest Gladbach (g)niessen auf dem Abteiberg ihre Weine vorstellen, lassen sich davon beirren. Die edlen Tropfen legen sie auf Eis in gro\u00dfen K\u00fchlern und bereiten alles zum Ausschank f\u00fcr die G\u00e4ste vor. Die danken es ihnen mit ihrem Besuch.<\/p>\n","protected":false},"excerpt":{"rendered":"Eine halbe Stunde bevor die Tore zum Garten von Haus Erholung sich f\u00fcr die G\u00e4ste \u00f6ffnen sollen, setzt&hellip;\n","protected":false},"author":2,"featured_media":1280902,"comment_status":"","ping_status":"","sticky":false,"template":"","format":"standard","meta":{"footnotes":"","_share_on_mastodon":"0"},"categories":[1849],"tags":[25207,4152,51814,3364,29,548,663,3934,5595,1221,30,13,264292,64457,4455,14,15,1209,12,264291,17292,86049,48318,264293],"class_list":["post-1280901","post","type-post","status-publish","format-standard","has-post-thumbnail","category-moenchengladbach","tag-weinfest","tag-acht","tag-bernd","tag-de","tag-deutschland","tag-eu","tag-europa","tag-europe","tag-fuchs","tag-gaeste","tag-germany","tag-headlines","tag-marticke","tag-mitgebracht","tag-moenchengladbach","tag-nachrichten","tag-news","tag-nordrhein-westfalen","tag-schlagzeilen","tag-spreitzer","tag-tropfen","tag-weine","tag-winzer","tag-winzerpaar"],"share_on_mastodon":{"url":"","error":""},"_links":{"self":[{"href":"https:\/\/www.europesays.com\/de\/wp-json\/wp\/v2\/posts\/1280901","targetHints":{"allow":["GET"]}}],"collection":[{"href":"https:\/\/www.europesays.com\/de\/wp-json\/wp\/v2\/posts"}],"about":[{"href":"https:\/\/www.europesays.com\/de\/wp-json\/wp\/v2\/types\/post"}],"author":[{"embeddable":true,"href":"https:\/\/www.europesays.com\/de\/wp-json\/wp\/v2\/users\/2"}],"replies":[{"embeddable":true,"href":"https:\/\/www.europesays.com\/de\/wp-json\/wp\/v2\/comments?post=1280901"}],"version-history":[{"count":0,"href":"https:\/\/www.europesays.com\/de\/wp-json\/wp\/v2\/posts\/1280901\/revisions"}],"wp:featuredmedia":[{"embeddable":true,"href":"https:\/\/www.europesays.com\/de\/wp-json\/wp\/v2\/media\/1280902"}],"wp:attachment":[{"href":"https:\/\/www.europesays.com\/de\/wp-json\/wp\/v2\/media?parent=1280901"}],"wp:term":[{"taxonomy":"category","embeddable":true,"href":"https:\/\/www.europesays.com\/de\/wp-json\/wp\/v2\/categories?post=1280901"},{"taxonomy":"post_tag","embeddable":true,"href":"https:\/\/www.europesays.com\/de\/wp-json\/wp\/v2\/tags?post=1280901"}],"curies":[{"name":"wp","href":"https:\/\/api.w.org\/{rel}","templated":true}]}}