{"id":1280906,"date":"2026-09-04T21:00:16","date_gmt":"2026-09-04T21:00:16","guid":{"rendered":"https:\/\/www.europesays.com\/de\/1280906\/"},"modified":"2026-09-04T21:00:16","modified_gmt":"2026-09-04T21:00:16","slug":"unfall-aic25-wohnwagen-ueberschlaegt-sich-am-baggersee-friedberg-fahrspur-gesperrt","status":"publish","type":"post","link":"https:\/\/www.europesays.com\/de\/1280906\/","title":{"rendered":"Unfall AIC25: Wohnwagen \u00fcberschl\u00e4gt sich am Baggersee Friedberg \u2013 Fahrspur gesperrt"},"content":{"rendered":"<p class=\"mb-6 text-xs-varying md:text-m lg:text-l font-serif group-[.font-sans]:font-sans \">\n    Ein <a href=\"https:\/\/www.ka-news.de\/auto\" target=\"_self\" class=\"underline \" rel=\"nofollow noopener\">Auto<\/a> mit Wohnwagenanh\u00e4nger hat sich auf dem Weg zur Autobahn \u00fcberschlagen. Laut Polizei passierte der Unfall auf der Kreisstra\u00dfe AIC25 auf H\u00f6he des Friedberger Baggersees, ein anderes Fahrzeug war dabei nicht beteiligt. Der Wohnwagen wurde v\u00f6llig zerst\u00f6rt, die Insassen blieben jedoch unverletzt.\n  <\/p>\n<p class=\"mb-6 text-xs-varying md:text-m lg:text-l font-serif group-[.font-sans]:font-sans \">\n    Die Beamten haben eine Fahrspur gesperrt, um den Unfall aufzunehmen und die verstreuten Tr\u00fcmmer von der Stra\u00dfe zu r\u00e4umen. Der Verkehr rollt derzeit auf einer Spur an der Unfallstelle vorbei. Ein Abschleppdienst transportiert das Zugfahrzeug sowie die Reste des Anh\u00e4ngers ab, weshalb Autofahrer in diesem Abschnitt weiterhin Geduld brauchen. (fmg)\n  <\/p>\n","protected":false},"excerpt":{"rendered":"Ein Auto mit Wohnwagenanh\u00e4nger hat sich auf dem Weg zur Autobahn \u00fcberschlagen. Laut Polizei passierte der Unfall auf&hellip;\n","protected":false},"author":2,"featured_media":1280907,"comment_status":"","ping_status":"","sticky":false,"template":"","format":"standard","meta":{"footnotes":"","_share_on_mastodon":"0"},"categories":[1846],"tags":[680,513,5543,772,3364,29,548,663,3934,514,30,13,124855,14,15,121,12,101639,3260,40804],"class_list":["post-1280906","post","type-post","status-publish","format-standard","has-post-thumbnail","category-augsburg","tag-augsburg","tag-auto","tag-autobahn","tag-bayern","tag-de","tag-deutschland","tag-eu","tag-europa","tag-europe","tag-fahrzeug","tag-germany","tag-headlines","tag-kreisstrasse","tag-nachrichten","tag-news","tag-polizei","tag-schlagzeilen","tag-truemmerteil","tag-verkehrsunfall","tag-wohnwagen"],"share_on_mastodon":{"url":"https:\/\/pubeurope.com\/@de\/117214788110816894","error":""},"_links":{"self":[{"href":"https:\/\/www.europesays.com\/de\/wp-json\/wp\/v2\/posts\/1280906","targetHints":{"allow":["GET"]}}],"collection":[{"href":"https:\/\/www.europesays.com\/de\/wp-json\/wp\/v2\/posts"}],"about":[{"href":"https:\/\/www.europesays.com\/de\/wp-json\/wp\/v2\/types\/post"}],"author":[{"embeddable":true,"href":"https:\/\/www.europesays.com\/de\/wp-json\/wp\/v2\/users\/2"}],"replies":[{"embeddable":true,"href":"https:\/\/www.europesays.com\/de\/wp-json\/wp\/v2\/comments?post=1280906"}],"version-history":[{"count":0,"href":"https:\/\/www.europesays.com\/de\/wp-json\/wp\/v2\/posts\/1280906\/revisions"}],"wp:featuredmedia":[{"embeddable":true,"href":"https:\/\/www.europesays.com\/de\/wp-json\/wp\/v2\/media\/1280907"}],"wp:attachment":[{"href":"https:\/\/www.europesays.com\/de\/wp-json\/wp\/v2\/media?parent=1280906"}],"wp:term":[{"taxonomy":"category","embeddable":true,"href":"https:\/\/www.europesays.com\/de\/wp-json\/wp\/v2\/categories?post=1280906"},{"taxonomy":"post_tag","embeddable":true,"href":"https:\/\/www.europesays.com\/de\/wp-json\/wp\/v2\/tags?post=1280906"}],"curies":[{"name":"wp","href":"https:\/\/api.w.org\/{rel}","templated":true}]}}