{"id":1280918,"date":"2026-09-04T21:09:19","date_gmt":"2026-09-04T21:09:19","guid":{"rendered":"https:\/\/www.europesays.com\/de\/1280918\/"},"modified":"2026-09-04T21:09:19","modified_gmt":"2026-09-04T21:09:19","slug":"aus-fuer-neue-wuppertaler-schafbruecke-mit-radweg","status":"publish","type":"post","link":"https:\/\/www.europesays.com\/de\/1280918\/","title":{"rendered":"Aus f\u00fcr neue Wuppertaler Schafbr\u00fccke mit Radweg?"},"content":{"rendered":"<p class=\"text_ohne_einzug richtext text-em-55 !leading-serif mx-6 desktop:mx-0\">Es klang wie eine Win-Win-L\u00f6sung: Die marode Schafsbr\u00fccke in Barmen wird durch eine Fahrradbr\u00fccke ersetzt, daf\u00fcr gibt es F\u00f6rdergeld und die Stadtwerke bekommen wieder eine Leitungsbr\u00fccke. Aber bei Nachfragen zum Stand des Projekts bekommt die WZ ern\u00fcchternde Antworten: Stadtverwaltung und Stadtwerke verweisen jeweils auf den anderen, von den Stadtwerken hei\u00dft es gar: \u201eNach unserem Kenntnisstand besteht hier keine M\u00f6glichkeit f\u00fcr eine F\u00f6rderung einer Fahrradbr\u00fccke mehr.\u201c<\/p>\n","protected":false},"excerpt":{"rendered":"Es klang wie eine Win-Win-L\u00f6sung: Die marode Schafsbr\u00fccke in Barmen wird durch eine Fahrradbr\u00fccke ersetzt, daf\u00fcr gibt es&hellip;\n","protected":false},"author":2,"featured_media":1280919,"comment_status":"","ping_status":"","sticky":false,"template":"","format":"standard","meta":{"footnotes":"","_share_on_mastodon":"0"},"categories":[1840],"tags":[17463,264298,600,22579,3364,29,264296,6586,30,264297,1209,264295,264299,7557,6397,165110,10434,72565,78846,4418],"class_list":["post-1280918","post","type-post","status-publish","format-standard","has-post-thumbnail","category-wuppertal","tag-barmen","tag-betonbruecke","tag-bruecke","tag-brueckenbau","tag-de","tag-deutschland","tag-fahrradbruecke","tag-forderung","tag-germany","tag-leitungsbruecke","tag-nordrhein-westfalen","tag-schafbruecke","tag-schafsbruecke","tag-stadtverwaltung","tag-stadtwerke","tag-stadtwerken","tag-verein","tag-vereinsvorsitzende","tag-win","tag-wuppertal"],"share_on_mastodon":{"url":"https:\/\/pubeurope.com\/@de\/117214823556784234","error":""},"_links":{"self":[{"href":"https:\/\/www.europesays.com\/de\/wp-json\/wp\/v2\/posts\/1280918","targetHints":{"allow":["GET"]}}],"collection":[{"href":"https:\/\/www.europesays.com\/de\/wp-json\/wp\/v2\/posts"}],"about":[{"href":"https:\/\/www.europesays.com\/de\/wp-json\/wp\/v2\/types\/post"}],"author":[{"embeddable":true,"href":"https:\/\/www.europesays.com\/de\/wp-json\/wp\/v2\/users\/2"}],"replies":[{"embeddable":true,"href":"https:\/\/www.europesays.com\/de\/wp-json\/wp\/v2\/comments?post=1280918"}],"version-history":[{"count":0,"href":"https:\/\/www.europesays.com\/de\/wp-json\/wp\/v2\/posts\/1280918\/revisions"}],"wp:featuredmedia":[{"embeddable":true,"href":"https:\/\/www.europesays.com\/de\/wp-json\/wp\/v2\/media\/1280919"}],"wp:attachment":[{"href":"https:\/\/www.europesays.com\/de\/wp-json\/wp\/v2\/media?parent=1280918"}],"wp:term":[{"taxonomy":"category","embeddable":true,"href":"https:\/\/www.europesays.com\/de\/wp-json\/wp\/v2\/categories?post=1280918"},{"taxonomy":"post_tag","embeddable":true,"href":"https:\/\/www.europesays.com\/de\/wp-json\/wp\/v2\/tags?post=1280918"}],"curies":[{"name":"wp","href":"https:\/\/api.w.org\/{rel}","templated":true}]}}