{"id":1280935,"date":"2026-09-04T21:26:24","date_gmt":"2026-09-04T21:26:24","guid":{"rendered":"https:\/\/www.europesays.com\/de\/1280935\/"},"modified":"2026-09-04T21:26:24","modified_gmt":"2026-09-04T21:26:24","slug":"buergerfest-in-bonn-steinmeier-zusammenstehen-gegen-demokratie-veraechter","status":"publish","type":"post","link":"https:\/\/www.europesays.com\/de\/1280935\/","title":{"rendered":"B\u00fcrgerfest in Bonn: Steinmeier: Zusammenstehen gegen Demokratie-Ver\u00e4chter"},"content":{"rendered":"<p class=\"paragraph article__item\">Bundespr\u00e4sident <a class=\"rtr-entity\" href=\"https:\/\/www.zeit.de\/thema\/frank-walter-steinmeier\" rel=\"nofollow noopener\" target=\"_blank\">Frank-Walter Steinmeier<\/a> hat dazu aufgerufen, Demokratie und Rechtsstaat vor denen zu sch\u00fctzen, \u00abdie all das verachten und mit F\u00fc\u00dfen treten\u00bb. Bei der Er\u00f6ffnung eines B\u00fcrgerfests mit 2.000 ehrenamtlich engagierten B\u00fcrgerinnen und B\u00fcrgern in der Villa Hammerschmidt in Bonn sagte Steinmeier: \u00abV\u00f6lkisches Denken und nationalistische Abschottung, das sind eben keine Antwort auf die Herausforderungen des 21. Jahrhunderts.\u00bb\n<\/p>\n<p>Aktuelles<\/p>\n<p>                <a href=\"https:\/\/www.zeit.de\/zeit-geschichte\/2026\/04\/weimarer-republik-sozialdemokraten-rechtsextremismus-geschichte-demokratie\" data-ct-label=\"Weimarer Republik: Wann kippte die Demokratie?\" data-uuid=\"3fb20756-5fd9-4417-8c2c-8a6d021012d6\" rel=\"nofollow noopener\" target=\"_blank\"><\/p>\n<p>        Z+ (abopflichtiger Inhalt);<\/p>\n<p>    Weimarer Republik:<br \/>\n                        Wann kippte die Demokratie?<\/p>\n<p>                <\/a><\/p>\n<p>                <a href=\"https:\/\/www.zeit.de\/2026\/38\/surangel-whipps-praesident-palau-klimawandel-meeresspiegel-usa\" data-ct-label=\"Surangel Whipps: \u00bbEs ist nicht so, dass wir in Massen die Grenze \u00fcberqueren\u00ab\" data-uuid=\"bf409b7d-a768-4055-b77a-073a0e4d06c9\" rel=\"nofollow noopener\" target=\"_blank\"><\/p>\n<p>        Z+ (abopflichtiger Inhalt);<\/p>\n<p>    Surangel Whipps:<br \/>\n                        \u00bbEs ist nicht so, dass wir in Massen die Grenze \u00fcberqueren\u00ab<\/p>\n<p>                <\/a><\/p>\n<p>                <a href=\"https:\/\/www.zeit.de\/wirtschaft\/2026-08\/waldbraende-feuerwehr-klimawandel-naturschutz-huertgenwald\" data-ct-label=\"Waldbr\u00e4nde: L\u00f6schfahrzeuge reichen nicht\" data-uuid=\"8c756141-51a0-403a-a127-c009e97febb6\" rel=\"nofollow noopener\" target=\"_blank\"><\/p>\n<p>                        Waldbr\u00e4nde:<br \/>\n                        L\u00f6schfahrzeuge reichen nicht<\/p>\n<p>                <\/a><\/p>\n<p class=\"paragraph article__item\">Steinmeier, der im M\u00e4rz nach zehn Jahren aus dem Amt scheidet, beschrieb die freiheitliche Demokratie als \u00abErrungenschaft\u00bb und \u00abGl\u00fcck f\u00fcr uns alle\u00bb. Er appellierte: \u00abH\u00fcten wir sie gut! Stehen wir zusammen! Sch\u00fctzen und verteidigen wir sie gegen die Ver\u00e4chter der Demokratie!\u00bb Dabei helfe es, sich klarzumachen, dass die Menschen, die die Demokratie sch\u00fctzen und erhalten wollten, die Mehrheit darstellten.\u00a0\n<\/p>\n<p class=\"paragraph article__item\">Aus Wut und Emp\u00f6rung entstehe dagegen keine Perspektive. \u00abMit Hass und Hetze baut man keine Zukunft.\u00bb An die ehrenamtlich Engagierten gerichtet, sagte Steinmeier: \u00abWir brauchen gerade jetzt Menschen wie Sie, und Sie alle brauchen die Unterst\u00fctzung der vielen in unserem Land, der gro\u00dfen, oft zu stillen Mehrheit.\u00bb\n<\/p>\n<p>            Steinmeier empfiehlt Klimaleugnern einen Blick auf den Rhein            <\/p>\n<p class=\"paragraph article__item\">Die fr\u00fchere Bundeshauptstadt <a class=\"rtr-entity\" href=\"https:\/\/www.zeit.de\/thema\/bonn\" rel=\"nofollow noopener\" target=\"_blank\">Bonn<\/a>, in der das Grundgesetz erarbeitet wurde, stehe in besonderer Weise f\u00fcr den demokratischen Neuanfang Deutschlands nach der nationalsozialistischen Diktatur. Als heutiger Sitz zahlreicher UN-Organisationen sei es auch ein Beispiel f\u00fcr internationale Zusammenarbeit. \u00abNicht erst die Katastrophe von Nepal sollte doch klargemacht haben: Nur als globale Verantwortungsgemeinschaft haben wir eine Chance, den Trend der immer weiter voranschreitenden Erderw\u00e4rmung umzukehren und die menschliche Zivilisation auf nachhaltige Grundlagen zu stellen\u00bb, sagte Steinmeier. \u00abWir brauchen nicht weniger, wir brauchen mehr internationale Zusammenarbeit. Und wer nach diesem extremen Hitzesommer immer noch behauptet, es gebe keinen Klimawandel, dem empfehle ich einen Blick auf die Pegelst\u00e4nde der Fl\u00fcsse in diesem Sommer.\u00bb\n<\/p>\n<p class=\"paragraph article__item\">Extrem viele Hitzetage, Ernteausf\u00e4lle, eine fast lahmgelegte Binnenschifffahrt, verheerende Waldbr\u00e4nde &#8211; all das zeige: \u00abWir brauchen weltweit einen noch entschiedeneren Kampf gegen den Klimawandel. Aber wir brauchen ausgerechnet doch jetzt nicht noch Leugner des Klimawandels in den Regierungen!\u00bb\n<\/p>\n<p class=\"paragraph article__item\">\u00a9 dpa-infocom, dpa:260904-930-635037\/1<\/p>\n","protected":false},"excerpt":{"rendered":"Bundespr\u00e4sident Frank-Walter Steinmeier hat dazu aufgerufen, Demokratie und Rechtsstaat vor denen zu sch\u00fctzen, \u00abdie all das verachten und&hellip;\n","protected":false},"author":2,"featured_media":1280936,"comment_status":"","ping_status":"","sticky":false,"template":"","format":"standard","meta":{"footnotes":"","_share_on_mastodon":"0"},"categories":[1842],"tags":[11524,1741,39377,264301,3364,29,14488,30,15,1209,25509],"class_list":["post-1280935","post","type-post","status-publish","format-standard","has-post-thumbnail","category-bonn","tag-villa-hammerschmidt","tag-bonn","tag-buergerfest","tag-buergerfest-in-bonn","tag-de","tag-deutschland","tag-frank-walter-steinmeier","tag-germany","tag-news","tag-nordrhein-westfalen","tag-rechtsstaat"],"share_on_mastodon":{"url":"https:\/\/pubeurope.com\/@de\/117214890149472899","error":""},"_links":{"self":[{"href":"https:\/\/www.europesays.com\/de\/wp-json\/wp\/v2\/posts\/1280935","targetHints":{"allow":["GET"]}}],"collection":[{"href":"https:\/\/www.europesays.com\/de\/wp-json\/wp\/v2\/posts"}],"about":[{"href":"https:\/\/www.europesays.com\/de\/wp-json\/wp\/v2\/types\/post"}],"author":[{"embeddable":true,"href":"https:\/\/www.europesays.com\/de\/wp-json\/wp\/v2\/users\/2"}],"replies":[{"embeddable":true,"href":"https:\/\/www.europesays.com\/de\/wp-json\/wp\/v2\/comments?post=1280935"}],"version-history":[{"count":0,"href":"https:\/\/www.europesays.com\/de\/wp-json\/wp\/v2\/posts\/1280935\/revisions"}],"wp:featuredmedia":[{"embeddable":true,"href":"https:\/\/www.europesays.com\/de\/wp-json\/wp\/v2\/media\/1280936"}],"wp:attachment":[{"href":"https:\/\/www.europesays.com\/de\/wp-json\/wp\/v2\/media?parent=1280935"}],"wp:term":[{"taxonomy":"category","embeddable":true,"href":"https:\/\/www.europesays.com\/de\/wp-json\/wp\/v2\/categories?post=1280935"},{"taxonomy":"post_tag","embeddable":true,"href":"https:\/\/www.europesays.com\/de\/wp-json\/wp\/v2\/tags?post=1280935"}],"curies":[{"name":"wp","href":"https:\/\/api.w.org\/{rel}","templated":true}]}}