{"id":1280937,"date":"2026-09-04T21:27:20","date_gmt":"2026-09-04T21:27:20","guid":{"rendered":"https:\/\/www.europesays.com\/de\/1280937\/"},"modified":"2026-09-04T21:27:20","modified_gmt":"2026-09-04T21:27:20","slug":"fw-mh-verkehrsunfall-auf-velauer-str","status":"publish","type":"post","link":"https:\/\/www.europesays.com\/de\/1280937\/","title":{"rendered":"FW-MH: Verkehrsunfall auf Velauer Str."},"content":{"rendered":"<p class=\"date\">04.09.2026 \u2013 22:05<\/p>\n<p class=\"customer\">\n                        <a class=\"story-customer\" title=\"weiter zum newsroom von Feuerwehr M\u00fclheim an der Ruhr\" href=\"https:\/\/www.presseportal.de\/blaulicht\/nr\/115880\" rel=\"nofollow noopener\" target=\"_blank\">Feuerwehr M\u00fclheim an der Ruhr<\/a>\n                    <\/p>\n<p><a class=\"glightbox-pseudo event-trigger\" href=\"https:\/\/cache.pressmailing.net\/thumbnail\/story_hires\/a8552a34-72c3-4fb5-a589-a8d4730ea66b\/IMG_0516.jpeg.jpg\" data-description=\"Unfall_Velauer_Str._gesamt\" data-category=\"medialightbox\" data-action=\"click\" data-label=\"single\" data-value=\"6a9b24a0270000fd2cca24f3\" rel=\"nofollow noopener\" target=\"_blank\"><img decoding=\"async\" height=\"540\" with=\"720\" src=\"https:\/\/www.europesays.com\/de\/wp-content\/uploads\/2026\/09\/fw-mh-verkehrsunfall-auf-velauer-str.jpeg\"   alt=\"FW-MH: Verkehrsunfall auf Velauer Str.\" class=\"single\"\/><\/a><\/p>\n<p><a data-category=\"citylink-story-view\" data-action=\"click\" data-label=\"Citylink in Meldungsansicht\" class=\"story-city event-trigger\" href=\"https:\/\/www.presseportal.de\/regional\/M%FClheim%20an%20der%20Ruhr\" title=\"News aus M\u00fclheim an der Ruhr \" rel=\"nofollow noopener\" target=\"_blank\">M\u00fclheim an der Ruhr<\/a> (ots)<\/p>\n<p>Am 04.09.2026 kam es kurz vor 18 Uhr zu einem schweren Verkehrsunfall auf der Velauer Stra\u00dfe in Hei\u00dfen zwischen der Haarzopfer Str. und der Felackerstra\u00dfe. Nach Eingang des Notrufes wurde sofort ein Hilfeleistungszug samt Rettungswagen und Notarzteinsatzfahrzeug zur Einsatzstelle geschickt. Bei dem Unfall waren ein LKW und ein entgegenkommender PKW aus zurzeit ungekl\u00e4rten Gr\u00fcnden seitlich-frontal kollidiert, woraufhin der PKW im Feld neben der Stra\u00dfe zum Stehen kam und der LKW einen weiteren PKW an der hinteren Seite tuschierte. Bis auf die Fahrerin des ersten PKW konnten alle Insassen die Unfallfahrzeuge vor Eintreffen der Feuerwehr eigenst\u00e4ndig verlassen. Die Fahrerin wurde durch Kr\u00e4fte der Feuerwehr und des Rettungsdienstes schonend aus dem PKW geholt und wie die Beifahrerin anschlie\u00dfend durch den Rettungsdienst behandelt und in umliegende Krankenh\u00e4user transportiert. Die Fahrer des LKW und des zweiten PKW wurden durch den Rettungsdienst gesichtet, mussten aber nicht behandelt werden. Durch die Feuerwehr wurde die Einsatzstelle abgesichert, der Brandschutz sichergestellt und ausgelaufene Betriebsmittel abgestreut. Nach Abschluss der Ma\u00dfnahmen wurde die Einsatzstelle an die Polizei \u00fcbergeben. Durch die Arbeiten des Rettungsdienstes und der Feuerwehr sowie die anschlie\u00dfenden Ermittlungsarbeiten der Polizei war die Velauer Stra\u00dfe f\u00fcr mehrere Stunden im Bereich des Unfalles in beide Richtungen gesperrt.<br \/>\nInsgesamt waren an dem Einsatz 16 Kr\u00e4fte der Feuerwehr sowie des Rettungsdienstes und mehrere Kr\u00e4fte der Polizei beteiligt. Zus\u00e4tzlich sind au\u00dferdem mehrere unbeteiligte Personen sofort nach dem Unfallgeschehen als Ersthelfer t\u00e4tig geworden und haben die Verletzten bis zum Eintreffen der Rettungskr\u00e4fte betreut.<\/p>\n<p class=\"contact-headline\">R\u00fcckfragen bitte an:<\/p>\n<p class=\"contact-text\">Feuerwehr M\u00fclheim an der Ruhr<br \/>Telefon: 0208-455 92<br \/>E-Mail: <a href=\"https:\/\/www.presseportal.de\/blaulicht\/pm\/115880\/mailto:feuerwehr-leitstelle@muelheim-ruhr.de\" class=\"uri-mailto\" rel=\"nofollow noopener\" target=\"_blank\">feuerwehr-leitstelle@muelheim-ruhr.de<\/a><br \/><a target=\"_blank\" class=\"uri-ext outbound\" rel=\"noopener nofollow\" href=\"http:\/\/www.feuerwehr-muelheim.de\">http:\/\/www.feuerwehr-muelheim.de<\/a><\/p>\n<p class=\"originator\">Original-Content von: Feuerwehr M\u00fclheim an der Ruhr, \u00fcbermittelt durch news aktuell<\/p>\n","protected":false},"excerpt":{"rendered":"04.09.2026 \u2013 22:05 Feuerwehr M\u00fclheim an der Ruhr M\u00fclheim an der Ruhr (ots) Am 04.09.2026 kam es kurz&hellip;\n","protected":false},"author":2,"featured_media":1280938,"comment_status":"","ping_status":"","sticky":false,"template":"","format":"standard","meta":{"footnotes":"","_share_on_mastodon":"0"},"categories":[1838],"tags":[3364,29,3715,985,30,1209,176,178,180,179,181,1284],"class_list":["post-1280937","post","type-post","status-publish","format-standard","has-post-thumbnail","category-duisburg","tag-de","tag-deutschland","tag-duisburg","tag-feuerwehr","tag-germany","tag-nordrhein-westfalen","tag-nrw","tag-presse","tag-pressemeldung","tag-pressemitteilung","tag-pressemitteilungen","tag-unfall"],"share_on_mastodon":{"url":"https:\/\/pubeurope.com\/@de\/117214895791419450","error":""},"_links":{"self":[{"href":"https:\/\/www.europesays.com\/de\/wp-json\/wp\/v2\/posts\/1280937","targetHints":{"allow":["GET"]}}],"collection":[{"href":"https:\/\/www.europesays.com\/de\/wp-json\/wp\/v2\/posts"}],"about":[{"href":"https:\/\/www.europesays.com\/de\/wp-json\/wp\/v2\/types\/post"}],"author":[{"embeddable":true,"href":"https:\/\/www.europesays.com\/de\/wp-json\/wp\/v2\/users\/2"}],"replies":[{"embeddable":true,"href":"https:\/\/www.europesays.com\/de\/wp-json\/wp\/v2\/comments?post=1280937"}],"version-history":[{"count":0,"href":"https:\/\/www.europesays.com\/de\/wp-json\/wp\/v2\/posts\/1280937\/revisions"}],"wp:featuredmedia":[{"embeddable":true,"href":"https:\/\/www.europesays.com\/de\/wp-json\/wp\/v2\/media\/1280938"}],"wp:attachment":[{"href":"https:\/\/www.europesays.com\/de\/wp-json\/wp\/v2\/media?parent=1280937"}],"wp:term":[{"taxonomy":"category","embeddable":true,"href":"https:\/\/www.europesays.com\/de\/wp-json\/wp\/v2\/categories?post=1280937"},{"taxonomy":"post_tag","embeddable":true,"href":"https:\/\/www.europesays.com\/de\/wp-json\/wp\/v2\/tags?post=1280937"}],"curies":[{"name":"wp","href":"https:\/\/api.w.org\/{rel}","templated":true}]}}