{"id":1280959,"date":"2026-09-04T21:45:25","date_gmt":"2026-09-04T21:45:25","guid":{"rendered":"https:\/\/www.europesays.com\/de\/1280959\/"},"modified":"2026-09-04T21:45:25","modified_gmt":"2026-09-04T21:45:25","slug":"zwei-konzerte-beim-16-deutschen-orgeltag-in-duesseldorf","status":"publish","type":"post","link":"https:\/\/www.europesays.com\/de\/1280959\/","title":{"rendered":"Zwei Konzerte beim 16. Deutschen Orgeltag in D\u00fcsseldorf"},"content":{"rendered":"<p class=\"text_ohne_einzug richtext text-em-55 !leading-serif mx-6 desktop:mx-0\">Orgelmusik und Orgelbau in Deutschland k\u00fcrte die Unesco im Jahr 2017 zum \u201eImmateriellen Kulturerbe der Menschheit\u201c, vier Jahre sp\u00e4ter wurde die Orgel zum Instrument des Jahres gew\u00e4hlt. Ihre Bedeutung r\u00fcckt beim 16. Deutschen Orgeltag erneut in den Vordergrund. Deutschlandweit werden Orgeln in Konzerten oder bei F\u00fchrungen pr\u00e4sentiert \u2013 auch in D\u00fcsseldorf.<\/p>\n<p class=\"richtext text-em-55 !leading-serif mx-6 desktop:mx-0\">Seit Juli 2025 gibt es die neue Orgelanlage in der Dreifaltigkeitskirche. Die gro\u00dfe Seifert-Orgel von St. Aposteln in K\u00f6ln von 1957 wurde dort nicht mehr ben\u00f6tigt und kam \u00fcber Umwege nach D\u00fcsseldorf. In Kombination mit der vorhandenen Seifert-Orgel von 1959 entstand mit 108 Registern die gr\u00f6\u00dfte Orgel D\u00fcsseldorfs und die zweitgr\u00f6\u00dfte Orgel im Erzbistum K\u00f6ln.<\/p>\n<p class=\"richtext text-em-55 !leading-serif mx-6 desktop:mx-0\">Das Orgelkonzert dort (J\u00fclicher Stra\u00dfe 50) am Samstag, 12. September, 17 Uhr, steht unter der \u00dcberschrift \u201eTuba tune and more\u201c. Hanjo Robrecht erkl\u00e4rt die Besonderheiten der Orgel und l\u00e4sst sie in ausgew\u00e4hlten Werken erklingen. Das sind neben Tuba und R\u00f6hrenglockenspiel vier Schwebungsregistern und das \u201ePfingstbrausen\u201c genannte 64-Fu\u00df-Register: Es bietet einen Sound unterhalb der H\u00f6rgrenze, der nur gesp\u00fcrt werden kann.<\/p>\n<p class=\"richtext text-em-55 !leading-serif mx-6 desktop:mx-0\">In der Herz-Jesu-Kirche (Ro\u00dfstra\u00dfe 75) bietet Robrecht am Sonntag, 13. September, 17 Uhr, ein Konzert unter dem Motto \u201eOrgel kann fast alles\u201c. Das Programm reicht von <a href=\"https:\/\/rp-online.de\/thema\/johann-sebastian-bach\/\" rel=\"nofollow noopener\" target=\"_blank\">Johann Sebastian Bach<\/a> bis <a href=\"https:\/\/rp-online.de\/thema\/andrew-lloyd-webber\/\" rel=\"nofollow noopener\" target=\"_blank\">Andrew Lloyd Webber<\/a>. Von Bach wird die k\u00fcrzlich entdeckte Chaconne BWV 1179 zu h\u00f6ren sein.<\/p>\n<p class=\"richtext text-em-55 !leading-serif mx-6 desktop:mx-0\">F\u00fcr jedes der beiden Konzerte hat Robrecht ein St\u00fcck eingerichtet, das f\u00fcr ein anderes Tasteninstrument komponiert wurde: zum einen das Cembalowerk \u201eLes Cyclopes\u201c von Rameau mit gro\u00dfem Pedalsolo, zum anderen von Philip Glass die 6. Klavieret\u00fcde.<\/p>\n<p class=\"richtext text-em-55 !leading-serif mx-6 desktop:mx-0\">Der Eintritt zu beiden Konzerten ist frei.<\/p>\n","protected":false},"excerpt":{"rendered":"Orgelmusik und Orgelbau in Deutschland k\u00fcrte die Unesco im Jahr 2017 zum \u201eImmateriellen Kulturerbe der Menschheit\u201c, vier Jahre&hellip;\n","protected":false},"author":2,"featured_media":1280960,"comment_status":"","ping_status":"","sticky":false,"template":"","format":"standard","meta":{"footnotes":"","_share_on_mastodon":"0"},"categories":[1831],"tags":[3274,13097,3364,29,79933,3405,30,35166,3914,19967,22265,1209,46592,51602,51595,264309,37065],"class_list":["post-1280959","post","type-post","status-publish","format-standard","has-post-thumbnail","category-duesseldorf","tag-kirche","tag-bach","tag-de","tag-deutschland","tag-dreifaltigkeit","tag-duesseldorf","tag-germany","tag-heilige","tag-herz","tag-jesu","tag-kirchengemeinde","tag-nordrhein-westfalen","tag-orgel","tag-orgelkonzert","tag-orgelmusik","tag-orgeltags","tag-tuba"],"share_on_mastodon":{"url":"https:\/\/pubeurope.com\/@de\/117214965103030743","error":""},"_links":{"self":[{"href":"https:\/\/www.europesays.com\/de\/wp-json\/wp\/v2\/posts\/1280959","targetHints":{"allow":["GET"]}}],"collection":[{"href":"https:\/\/www.europesays.com\/de\/wp-json\/wp\/v2\/posts"}],"about":[{"href":"https:\/\/www.europesays.com\/de\/wp-json\/wp\/v2\/types\/post"}],"author":[{"embeddable":true,"href":"https:\/\/www.europesays.com\/de\/wp-json\/wp\/v2\/users\/2"}],"replies":[{"embeddable":true,"href":"https:\/\/www.europesays.com\/de\/wp-json\/wp\/v2\/comments?post=1280959"}],"version-history":[{"count":0,"href":"https:\/\/www.europesays.com\/de\/wp-json\/wp\/v2\/posts\/1280959\/revisions"}],"wp:featuredmedia":[{"embeddable":true,"href":"https:\/\/www.europesays.com\/de\/wp-json\/wp\/v2\/media\/1280960"}],"wp:attachment":[{"href":"https:\/\/www.europesays.com\/de\/wp-json\/wp\/v2\/media?parent=1280959"}],"wp:term":[{"taxonomy":"category","embeddable":true,"href":"https:\/\/www.europesays.com\/de\/wp-json\/wp\/v2\/categories?post=1280959"},{"taxonomy":"post_tag","embeddable":true,"href":"https:\/\/www.europesays.com\/de\/wp-json\/wp\/v2\/tags?post=1280959"}],"curies":[{"name":"wp","href":"https:\/\/api.w.org\/{rel}","templated":true}]}}