{"id":1281010,"date":"2026-09-04T22:25:24","date_gmt":"2026-09-04T22:25:24","guid":{"rendered":"https:\/\/www.europesays.com\/de\/1281010\/"},"modified":"2026-09-04T22:25:24","modified_gmt":"2026-09-04T22:25:24","slug":"wenn-die-maschine-die-antworten-liefert-zaehlen-die-richtigen-fragen","status":"publish","type":"post","link":"https:\/\/www.europesays.com\/de\/1281010\/","title":{"rendered":"Wenn die Maschine die Antworten liefert, z\u00e4hlen die richtigen Fragen"},"content":{"rendered":"<p class=\"rich-text expressive-copy-lg-body my-6\">Wie ver\u00e4ndert K\u00fcnstliche Intelligenz den Berufsalltag? Welche F\u00e4higkeiten werden k\u00fcnftig gebraucht? Und warum entscheiden sich Menschen f\u00fcr den einen und gegen einen anderen Weg? Unter anderem diese Fragen standen im Mittelpunkt des diesj\u00e4hrigen DVAG-Zukunftstag in der Braunschweiger Volkswagen Halle. Und das Interesse war gro\u00df: Bereits im Vorfeld wurden rund 1.100 Tickets im Vorverkauf abgesetzt. Durch das Programm f\u00fchrte TV-Moderator Matthias Killing.<\/p>\n<p><img decoding=\"async\" src=\"https:\/\/www.europesays.com\/de\/wp-content\/uploads\/2026\/09\/413046428_1788432787_v16_9_1200.jpeg\" class=\"relative z-10 block w-full object-cover aspect-[3\/4] md:aspect-[3\/4] lg:aspect-[3\/4]\" alt=\"JulianHukePhotography-_A1_8336.jpg\" title=\"JulianHukePhotography-_A1_8336.jpg\" loading=\"lazy\"\/><\/p>\n<p>\u00a9 Julian Huke<\/p>\n<p>Nicht nur schneller, sondern anders<\/p>\n<p class=\"rich-text expressive-copy-lg-body my-6\">Den fachlichen Auftakt machte Prof. Dr. Maximilian Lude. Der Professor f\u00fcr Innovation und Strategie besch\u00e4ftigt sich damit, wie technologische Entwicklungen Unternehmen und Gesellschaft ver\u00e4ndern. Seine zentrale These in Braunschweig: Beim Einsatz von KI gehe es nicht allein um schnellere Abl\u00e4ufe. Richtig eingesetzt k\u00f6nne die Technologie vor allem Zeit freischaufeln. Zeit, die dann wieder f\u00fcr den direkten Austausch mit Kunden, Kolleginnen und Kollegen zur Verf\u00fcgung stehe.<\/p>\n<blockquote class=\"mx-auto my-10 flex flex-col items-center gap-y-4 text-center md:w-[80%]\">\n<p class=\"rich-text expressive-copy-xl text-copy-primary\">Es wird zunehmend wichtiger, die richtigen Fragen zu stellen, denn Antworten liefert die KI.<\/p>\n<p>Prof. Dr. Maximilian Lude, Professor f\u00fcr Innovation &amp; Strategie Tomorrow University of Applied Sciences<\/p><\/blockquote>\n<p class=\"rich-text expressive-copy-lg-body my-6\">Kritisches Denken, die F\u00e4higkeit, Probleme richtig einzuordnen, und die Bereitschaft, immer wieder Neues zu lernen, gew\u00e4nnen deshalb weiter an Bedeutung, so Lude.<\/p>\n<p><img decoding=\"async\" src=\"https:\/\/www.europesays.com\/de\/wp-content\/uploads\/2026\/09\/413046382_1788432776_v16_9_1200.jpeg\" class=\"relative z-10 block w-full object-cover aspect-[16\/9] md:aspect-[16\/9] lg:aspect-[16\/9]\" alt=\"JulianHukePhotography-_A1_0836.jpg\" title=\"JulianHukePhotography-_A1_0836.jpg\" loading=\"lazy\"\/><\/p>\n<p>\u00a9 Julian Huke<\/p>\n<p>Was ein langes Leben mit dem Beruf zu tun hat<\/p>\n<p class=\"rich-text expressive-copy-lg-body my-6\">Einen anderen Blickwinkel brachte Maks Giordano auf die B\u00fchne. Der Experte widmete sich dem Thema \u201eLongevity\u201c \u2013 also jenen Faktoren, die zu einem langen und gesunden Leben beitragen k\u00f6nnen. Neben Ern\u00e4hrung, Bewegung, Schlaf und sozialen Beziehungen r\u00fcckte er dabei auch einen Punkt in den Fokus, der in solchen Debatten h\u00e4ufig fehlt: die Bedeutung einer beruflichen Aufgabe, die als erf\u00fcllend empfunden wird.<\/p>\n<p>Warum Beratung ein Gesicht braucht<\/p>\n<p class=\"rich-text expressive-copy-lg-body my-6\">Dass die digitale Transformation den pers\u00f6nlichen Kontakt nicht zwangsl\u00e4ufig ersetzt, war der rote Faden des zweiten Programmteils. Verm\u00f6gensberaterinnen und Verm\u00f6gensberater aus der Region sowie anderen Teilen Deutschlands berichteten von ihrem Arbeitsalltag und davon, wie sich ihr Beruf durch die Digitalisierung ver\u00e4ndert hat.<\/p>\n<p><img decoding=\"async\" src=\"https:\/\/www.europesays.com\/de\/wp-content\/uploads\/2026\/09\/413046422_1788432759_v16_9_1200.jpeg\" class=\"relative z-10 block w-full object-cover aspect-[16\/9] md:aspect-[16\/9] lg:aspect-[16\/9]\" alt=\"JulianHukePhotography-_A1_1463.jpg\" title=\"JulianHukePhotography-_A1_1463.jpg\" loading=\"lazy\"\/><\/p>\n<p>\u00a9 Julian Huke<\/p>\n<p class=\"rich-text expressive-copy-lg-body my-6\">Denn die wachsende Informationsf\u00fclle macht finanzielle Entscheidungen nicht einfacher \u2013 im Gegenteil. F\u00fcr den Braunschweiger Verm\u00f6gensberater Sascha Rabe ist genau das der Grund, warum er seinen Beruf f\u00fcr zukunftsf\u00e4hig h\u00e4lt: \u201eMenschen brauchen bei finanziellen Entscheidungen auch in Zukunft einen pers\u00f6nlichen Ansprechpartner.\u201c Gesch\u00e4tzt werde zudem die Kombination aus Eigenverantwortung und R\u00fcckhalt: \u201eFr\u00fch Verantwortung \u00fcbernehmen, eigene Erfahrungen sammeln und sich gleichzeitig Schritt f\u00fcr Schritt weiterentwickeln.\u201c<\/p>\n<p class=\"rich-text expressive-copy-lg-body my-6\">\u00c4hnlich argumentierte Andreas Holzhausen: \u201eFinanzielle Entscheidungen werden immer komplexer. Deshalb wird der Bedarf an kompetenter, pers\u00f6nlicher Beratung auch in Zukunft hoch bleiben.\u201c Gerade f\u00fcr junge Menschen liege darin eine Chance, unternehmerisch zu handeln und andere bei wichtigen Lebensentscheidungen zu begleiten.<\/p>\n<p>Viele Wege f\u00fchren in den Beruf<\/p>\n<p class=\"rich-text expressive-copy-lg-body my-6\">Ein beruflicher Hintergrund in der Finanzbranche ist daf\u00fcr keine Voraussetzung, wie Verm\u00f6gensberaterin Antje Knifka schilderte: \u201eAlle haben die gleichen Chancen, ob als Finanzprofi aus der Branche oder als Quereinsteiger, der den Beruf neu lernt.\u201c Branchenkenner k\u00f6nnten auf ihrer Erfahrung aufbauen, Quereinsteiger w\u00fcrden mit praxisnahen Programmen Schritt f\u00fcr Schritt vorbereitet.<\/p>\n<p><img decoding=\"async\" src=\"https:\/\/www.europesays.com\/de\/wp-content\/uploads\/2026\/09\/413046418_1788432746_v16_9_1200.jpeg\" class=\"relative z-10 block w-full object-cover aspect-[16\/9] md:aspect-[16\/9] lg:aspect-[16\/9]\" alt=\"JulianHukePhotography-_A1_1893.jpg\" title=\"JulianHukePhotography-_A1_1893.jpg\" loading=\"lazy\"\/><\/p>\n<p>\u00a9 Julian Huke<\/p>\n<p class=\"rich-text expressive-copy-lg-body my-6\">Das Unternehmen unterscheidet vier Einstiegswege: den Start im Nebenberuf, den Quereinstieg, den Einstieg als Branchenkenner sowie den Weg direkt nach Schule oder Studium, etwa \u00fcber eine Ausbildung oder ein duales Studium. Begleitet wird jeder Einstieg von einem pers\u00f6nlichen Karrierecoach. Nach Unternehmensangaben flie\u00dfen j\u00e4hrlich <strong>mehr als 90 Millionen Euro<\/strong> in Aus- und Weiterbildung.<\/p>\n<p>Mut, Ausdauer, eigener Weg<\/p>\n<p class=\"rich-text expressive-copy-lg-body my-6\">Den Abschluss \u00fcbernahm Jens \u201eKnossi\u201c Knossalla. Der Entertainer und Creator hatte den Beruf des Verm\u00f6gensberaters einst w\u00e4hrend eines Praktikums kennengelernt und berichtete in Braunschweig auch von seinen Erfahrungen als Kunde. Seine Botschaft an das Publikum: Wer seinen eigenen Weg gehen wolle, brauche Mut, Ausdauer und die Bereitschaft, Ziele konsequent zu verfolgen.<\/p>\n<p><img decoding=\"async\" src=\"https:\/\/www.europesays.com\/de\/wp-content\/uploads\/2026\/09\/413046353_1788432736_v16_9_1200.jpeg\" class=\"relative z-10 block w-full object-cover aspect-[16\/9] md:aspect-[16\/9] lg:aspect-[16\/9]\" alt=\"JulianHukePhotography-_A1_9653.jpg\" title=\"JulianHukePhotography-_A1_9653.jpg\" loading=\"lazy\"\/><\/p>\n<p>\u00a9 Julian Huke<\/p>\n<p class=\"rich-text expressive-copy-lg-body my-6\">Auch abseits der B\u00fchne blieb es lebhaft. In den Pausen kamen G\u00e4ste mit den Beraterinnen und Beratern ins Gespr\u00e4ch und stellten Fragen zum Berufsalltag. Der Andrang zeigte vor allem eines: Gerade junge Menschen aus Braunschweig und der Region wollen ihre berufliche Zukunft aktiv gestalten und herausfinden, welcher Weg zu ihnen passt.<\/p>\n<p class=\"rich-text expressive-copy-lg-body my-6\"><strong><a href=\"https:\/\/www.dvag-karriere.de\/\" rel=\"nofollow noopener\" target=\"_blank\">Alle wichtigen Informationen zu den individuellen Karrierechancen bei der DVAG gibt es hier.<\/a><\/strong><\/p>\n<p><img decoding=\"async\" src=\"https:\/\/www.europesays.com\/de\/wp-content\/uploads\/2026\/09\/413046414_1788432715_v16_9_1200.jpeg\" class=\"relative z-10 block w-full object-cover aspect-[16\/9] md:aspect-[16\/9] lg:aspect-[16\/9]\" alt=\"JulianHukePhotography-_A1_7686.jpg\" title=\"JulianHukePhotography-_A1_7686.jpg\" loading=\"lazy\"\/><\/p>\n<p>\u00a9 Julian Huke<\/p>\n<p class=\"rich-text expressive-copy-lg-body my-6\">________________________________<br \/><strong>\u00dcber die Deutsche Verm\u00f6gensberatung Gruppe<\/strong><br \/>Rund 8 Millionen Kunden setzen bei den Themen Absicherung, Altersvorsorge und Verm\u00f6gensaufbau auf die Kompetenz und Erfahrung der Verm\u00f6gensberaterinnen und Verm\u00f6gensberater der Deutschen Verm\u00f6gensberatung Unternehmensgruppe. Die Finanzcoaches helfen ihren Kunden, das Beste aus ihren Finanzen zu machen. Getreu dem Leitsatz \u201eFr\u00fcher an Sp\u00e4ter denken\u201c bieten sie in 5.200 Direktionen und Gesch\u00e4ftsstellen seit 50 Jahren eine branchen\u00fcbergreifende und individuelle Beratung. Das Familienunternehmen ist Deutschlands gr\u00f6\u00dfte eigenst\u00e4ndige Allfinanzberatung.<\/p>\n","protected":false},"excerpt":{"rendered":"Wie ver\u00e4ndert K\u00fcnstliche Intelligenz den Berufsalltag? Welche F\u00e4higkeiten werden k\u00fcnftig gebraucht? Und warum entscheiden sich Menschen f\u00fcr den&hellip;\n","protected":false},"author":2,"featured_media":1281011,"comment_status":"","ping_status":"","sticky":false,"template":"","format":"standard","meta":{"footnotes":"","_share_on_mastodon":"0"},"categories":[1850],"tags":[6429,3364,29,548,663,3934,30,13,14,15,1411,12],"class_list":["post-1281010","post","type-post","status-publish","format-standard","has-post-thumbnail","category-braunschweig","tag-braunschweig","tag-de","tag-deutschland","tag-eu","tag-europa","tag-europe","tag-germany","tag-headlines","tag-nachrichten","tag-news","tag-niedersachsen","tag-schlagzeilen"],"share_on_mastodon":{"url":"https:\/\/pubeurope.com\/@de\/117215122963710834","error":""},"_links":{"self":[{"href":"https:\/\/www.europesays.com\/de\/wp-json\/wp\/v2\/posts\/1281010","targetHints":{"allow":["GET"]}}],"collection":[{"href":"https:\/\/www.europesays.com\/de\/wp-json\/wp\/v2\/posts"}],"about":[{"href":"https:\/\/www.europesays.com\/de\/wp-json\/wp\/v2\/types\/post"}],"author":[{"embeddable":true,"href":"https:\/\/www.europesays.com\/de\/wp-json\/wp\/v2\/users\/2"}],"replies":[{"embeddable":true,"href":"https:\/\/www.europesays.com\/de\/wp-json\/wp\/v2\/comments?post=1281010"}],"version-history":[{"count":0,"href":"https:\/\/www.europesays.com\/de\/wp-json\/wp\/v2\/posts\/1281010\/revisions"}],"wp:featuredmedia":[{"embeddable":true,"href":"https:\/\/www.europesays.com\/de\/wp-json\/wp\/v2\/media\/1281011"}],"wp:attachment":[{"href":"https:\/\/www.europesays.com\/de\/wp-json\/wp\/v2\/media?parent=1281010"}],"wp:term":[{"taxonomy":"category","embeddable":true,"href":"https:\/\/www.europesays.com\/de\/wp-json\/wp\/v2\/categories?post=1281010"},{"taxonomy":"post_tag","embeddable":true,"href":"https:\/\/www.europesays.com\/de\/wp-json\/wp\/v2\/tags?post=1281010"}],"curies":[{"name":"wp","href":"https:\/\/api.w.org\/{rel}","templated":true}]}}