{"id":1281014,"date":"2026-09-04T22:27:49","date_gmt":"2026-09-04T22:27:49","guid":{"rendered":"https:\/\/www.europesays.com\/de\/1281014\/"},"modified":"2026-09-04T22:27:49","modified_gmt":"2026-09-04T22:27:49","slug":"sport-auto-plus-wird-premium-partner-des-fc-schalke-04","status":"publish","type":"post","link":"https:\/\/www.europesays.com\/de\/1281014\/","title":{"rendered":"Sport Auto Plus wird Premium-Partner des FC Schalke 04"},"content":{"rendered":"<p>\n          Pressemitteilung<br \/>\n \u2014<br \/>\n 4. September 2026 12:01<\/p>\n<p>    Teilen<\/p>\n<p>\n          Link wurde kopiert!\n        <\/p>\n<p>          <a class=\"ghost-btn-with-icon svg-stroke\" target=\"_blank\" rel=\"nofollow noopener\" aria-label=\"Download als PDF\" href=\"https:\/\/www.mynewsdesk.com\/de\/fc-schalke-04\/pressreleases\/sport-auto-plus-wird-premium-partner-des-fc-schalke-04-3464837.pdf\"><\/p>\n<p>            Runterladen<br \/>\n<\/a>      <\/p>\n<p>Der S04 und die Sport Auto Plus GmbH setzen ihre Zusammenarbeit fort und gehen dabei den n\u00e4chsten Schritt: Aus der bisherigen Kooperation wird eine Premium-Partnerschaft bis Mitte 2027. Ein sichtbares Zeichen der Kooperation ist unter anderem die Pr\u00e4senz des Neuwagen-Spezialisten auf der LED-Werbebande in der VELTINS-Arena.<\/p>\n<p>\u201eAls Unternehmen mit unserem heutigen Standort im Ruhrgebiet ist die Partnerschaft mit Schalke 04 f\u00fcr uns nat\u00fcrlich etwas Besonderes. Schalke geh\u00f6rt fest zur Region und hat eine Strahlkraft weit \u00fcber das Ruhrgebiet hinaus. Umso mehr freuen wir uns, gemeinsam mit diesem Traditionsverein Akzente zu setzen\u201c, l\u00e4sst Stephan Penz, Gesch\u00e4ftsf\u00fchrer Sport Auto Plus, wissen.<\/p>\n<p><strong>Flexible Mobilit\u00e4t mit sportlichem Anspruch<\/strong><\/p>\n<p><strong\/>Die in Bochum ans\u00e4ssige Sport Auto Plus GmbH steht f\u00fcr einfache, bezahlbare und sorgenfreie Mobilit\u00e4t f\u00fcr Sportler. Dabei setzt man auf ein modernes Auto-Abo-Modell mit einer festen monatlichen Rate. Nur die Kosten f\u00fcr Tanken oder Laden kommen hinzu. Mit dem Anspruch \u201eMobilit\u00e4t f\u00fcr den deutschen Sport\u201c m\u00f6chte das Unternehmen nicht nur Menschen rund um den Sport mobil machen, sondern sich auch aktiv f\u00fcr dessen Entwicklung einsetzen. Vereins- und Sportf\u00f6rderung ist daher ein wichtiger Bestandteil von Sport Auto Plus.<\/p>\n<p>\u201eWir freuen uns sehr, dass Sport Auto Plus auch in Zukunft Teil unserer k\u00f6nigsblauen Partnerfamilie bleibt und wir die erfolgreiche Zusammenarbeit fortsetzen und sogar ausbauen k\u00f6nnen\u201c, sagt Dominik\u202fDurben, Direktor Marketing &amp; Vertrieb beim S04. \u201eMit seinem Engagement f\u00fcr den Sport und den Nachwuchs passt das Unternehmen hervorragend zu Schalke\u201c.<\/p>\n","protected":false},"excerpt":{"rendered":"Pressemitteilung \u2014 4. September 2026 12:01 Teilen Link wurde kopiert! Runterladen Der S04 und die Sport Auto Plus&hellip;\n","protected":false},"author":2,"featured_media":1281015,"comment_status":"","ping_status":"","sticky":false,"template":"","format":"standard","meta":{"footnotes":"","_share_on_mastodon":"0"},"categories":[1848],"tags":[3364,29,548,663,3934,3658,30,13,14,15,1209,3678,12,3200],"class_list":["post-1281014","post","type-post","status-publish","format-standard","has-post-thumbnail","category-gelsenkirchen","tag-de","tag-deutschland","tag-eu","tag-europa","tag-europe","tag-gelsenkirchen","tag-germany","tag-headlines","tag-nachrichten","tag-news","tag-nordrhein-westfalen","tag-partner","tag-schlagzeilen","tag-vertragsverlaengerung"],"share_on_mastodon":{"url":"https:\/\/pubeurope.com\/@de\/117215130263443427","error":""},"_links":{"self":[{"href":"https:\/\/www.europesays.com\/de\/wp-json\/wp\/v2\/posts\/1281014","targetHints":{"allow":["GET"]}}],"collection":[{"href":"https:\/\/www.europesays.com\/de\/wp-json\/wp\/v2\/posts"}],"about":[{"href":"https:\/\/www.europesays.com\/de\/wp-json\/wp\/v2\/types\/post"}],"author":[{"embeddable":true,"href":"https:\/\/www.europesays.com\/de\/wp-json\/wp\/v2\/users\/2"}],"replies":[{"embeddable":true,"href":"https:\/\/www.europesays.com\/de\/wp-json\/wp\/v2\/comments?post=1281014"}],"version-history":[{"count":0,"href":"https:\/\/www.europesays.com\/de\/wp-json\/wp\/v2\/posts\/1281014\/revisions"}],"wp:featuredmedia":[{"embeddable":true,"href":"https:\/\/www.europesays.com\/de\/wp-json\/wp\/v2\/media\/1281015"}],"wp:attachment":[{"href":"https:\/\/www.europesays.com\/de\/wp-json\/wp\/v2\/media?parent=1281014"}],"wp:term":[{"taxonomy":"category","embeddable":true,"href":"https:\/\/www.europesays.com\/de\/wp-json\/wp\/v2\/categories?post=1281014"},{"taxonomy":"post_tag","embeddable":true,"href":"https:\/\/www.europesays.com\/de\/wp-json\/wp\/v2\/tags?post=1281014"}],"curies":[{"name":"wp","href":"https:\/\/api.w.org\/{rel}","templated":true}]}}