{"id":1281016,"date":"2026-09-04T22:29:35","date_gmt":"2026-09-04T22:29:35","guid":{"rendered":"https:\/\/www.europesays.com\/de\/1281016\/"},"modified":"2026-09-04T22:29:35","modified_gmt":"2026-09-04T22:29:35","slug":"handwerk-zwischen-herausforderungen-und-aufbruch-beim-jahresempfang-wiesbadenhandwerk-zwischen-belastung-und-aufbruch-jahresempfang-setzt-klare-signale","status":"publish","type":"post","link":"https:\/\/www.europesays.com\/de\/1281016\/","title":{"rendered":"Handwerk zwischen Herausforderungen und Aufbruch beim Jahresempfang WiesbadenHandwerk zwischen Belastung und Aufbruch: Jahresempfang setzt klare Signale"},"content":{"rendered":"<p>Fotos: Handwerkskammer Wiesbaden<\/p>\n<p>Die wirtschaftliche Situation vieler Handwerksbetriebe bleibt schwierig. Hohe Kosten und verhaltene Investitionen pr\u00e4gen weiterhin den Alltag. Gleichzeitig gibt es Entwicklungen, die Zuversicht wecken. Beim Jahresempfang der Handwerkskammer Wiesbaden im Berufsbildungs- und Technologiezentrum \u201eRobert-Werner-Haus\u201c sprachen rund 260 G\u00e4ste aus Politik, Wirtschaft und \u00f6ffentlichem Leben \u00fcber diese Mischung aus Belastung und Aufbruch.<\/p>\n<p>Interesse junger Menschen steigt an handwerklichen Berufen<\/p>\n<p>Kammerpr\u00e4sident Stefan F\u00fcll betonte die Bedeutung des Ausbildungsmarkts. Das Interesse junger Menschen an handwerklichen Berufen steige, die Zahl neuer Ausbildungsvertr\u00e4ge entwickle sich positiv. \u201eDie Richtung stimmt\u201c, sagte F\u00fcll und k\u00fcndigte weitere Investitionen in moderne Bildungsstandorte an.<\/p>\n<p>Hinninger: Rolle des Handwerks hervorgehoben<\/p>\n<p>B\u00fcrgermeisterin Christiane Hinninger hob die Rolle des Handwerks f\u00fcr Wiesbaden hervor. 3.400 Betriebe mit rund 16.000 Besch\u00e4ftigten seien zentral f\u00fcr Bau, Sanierung, Mobilit\u00e4t und Klimaschutz. Die Stadt halte trotz knapper Mittel an der F\u00f6rderung beruflicher Bildung fest und setze mit der Handwerksagenda Wiesbaden 2030 auf enge Zusammenarbeit.<\/p>\n<p>Hauptgesch\u00e4ftsf\u00fchrer Pierre Schlosser sprach von einem klaren Gestaltungswillen, der die Gespr\u00e4che des Abends gepr\u00e4gt habe. Man wolle Herausforderungen nicht nur verwalten, sondern aktiv angehen.<\/p>\n<p>Mansoori: Kooperation zwischen Politik und Handwerk entscheidend<\/p>\n<p>Den politischen Abschluss setzte Kaweh Mansoori, stellvertretender Hessischer Ministerpr\u00e4sident. Angesichts von Fachkr\u00e4ftemangel und Energie- sowie W\u00e4rmewende sei die Kooperation zwischen Politik und Handwerk entscheidend. Meisterpr\u00e4mie, Vergaberechtsreform und berufliche Orientierung seien wichtige Schritte, weitere m\u00fcssten folgen. \u201eWir werden aus dieser Krise herauswachsen\u201c, so Mansoori.<\/p>\n<p>P.S.: Sind Sie bei Facebook? Dann werden Sie Fan von <a href=\"https:\/\/www.facebook.com\/wiesbadenaktuell\" rel=\"nofollow noopener\" target=\"_blank\">Wiesbadenaktuell.de<\/a> und folgen Sie uns auch auf <a href=\"https:\/\/www.instagram.com\/wiesbadenaktuell.de\/\" rel=\"nofollow noopener\" target=\"_blank\">Instagram<\/a> sowie auf <a href=\"https:\/\/www.threads.net\/@wiesbadenaktuell.de\" rel=\"nofollow noopener\" target=\"_blank\">Threads<\/a>!<\/p>\n<p><script async src=\"\/\/www.instagram.com\/embed.js\"><\/script><\/p>\n","protected":false},"excerpt":{"rendered":"Fotos: Handwerkskammer Wiesbaden Die wirtschaftliche Situation vieler Handwerksbetriebe bleibt schwierig. Hohe Kosten und verhaltene Investitionen pr\u00e4gen weiterhin den&hellip;\n","protected":false},"author":2,"featured_media":1281017,"comment_status":"","ping_status":"","sticky":false,"template":"","format":"standard","meta":{"footnotes":"","_share_on_mastodon":"0"},"categories":[1847],"tags":[3364,29,548,663,3934,30,13,2052,14,15,12,4544],"class_list":["post-1281016","post","type-post","status-publish","format-standard","has-post-thumbnail","category-wiesbaden","tag-de","tag-deutschland","tag-eu","tag-europa","tag-europe","tag-germany","tag-headlines","tag-hessen","tag-nachrichten","tag-news","tag-schlagzeilen","tag-wiesbaden"],"share_on_mastodon":{"url":"https:\/\/pubeurope.com\/@de\/117215137989213384","error":""},"_links":{"self":[{"href":"https:\/\/www.europesays.com\/de\/wp-json\/wp\/v2\/posts\/1281016","targetHints":{"allow":["GET"]}}],"collection":[{"href":"https:\/\/www.europesays.com\/de\/wp-json\/wp\/v2\/posts"}],"about":[{"href":"https:\/\/www.europesays.com\/de\/wp-json\/wp\/v2\/types\/post"}],"author":[{"embeddable":true,"href":"https:\/\/www.europesays.com\/de\/wp-json\/wp\/v2\/users\/2"}],"replies":[{"embeddable":true,"href":"https:\/\/www.europesays.com\/de\/wp-json\/wp\/v2\/comments?post=1281016"}],"version-history":[{"count":0,"href":"https:\/\/www.europesays.com\/de\/wp-json\/wp\/v2\/posts\/1281016\/revisions"}],"wp:featuredmedia":[{"embeddable":true,"href":"https:\/\/www.europesays.com\/de\/wp-json\/wp\/v2\/media\/1281017"}],"wp:attachment":[{"href":"https:\/\/www.europesays.com\/de\/wp-json\/wp\/v2\/media?parent=1281016"}],"wp:term":[{"taxonomy":"category","embeddable":true,"href":"https:\/\/www.europesays.com\/de\/wp-json\/wp\/v2\/categories?post=1281016"},{"taxonomy":"post_tag","embeddable":true,"href":"https:\/\/www.europesays.com\/de\/wp-json\/wp\/v2\/tags?post=1281016"}],"curies":[{"name":"wp","href":"https:\/\/api.w.org\/{rel}","templated":true}]}}